{"id":8353,"date":"2024-02-28T18:08:58","date_gmt":"2024-02-28T21:08:58","guid":{"rendered":"https:\/\/mundialdoqueijodobrasil.com\/?p=8353"},"modified":"2025-11-11T12:56:34","modified_gmt":"2025-11-11T15:56:34","slug":"quer-expor-sua-marca-no-mundial","status":"publish","type":"post","link":"https:\/\/mundialdoqueijodobrasil.com\/en\/quer-expor-sua-marca-no-mundial\/","title":{"rendered":"Meet the World Cup exhibitors"},"content":{"rendered":"<div data-elementor-type=\"wp-post\" data-elementor-id=\"8353\" class=\"elementor elementor-8353\" data-elementor-post-type=\"post\">\n\t\t\t\t<div class=\"elementor-element elementor-element-337edccf e-flex e-con-boxed e-con e-parent\" data-id=\"337edccf\" data-element_type=\"container\" data-e-type=\"container\">\n\t\t\t\t\t<div class=\"e-con-inner\">\n\t\t\t\t<div class=\"elementor-element elementor-element-4c9109c5 elementor-widget elementor-widget-text-editor\" data-id=\"4c9109c5\" data-element_type=\"widget\" data-e-type=\"widget\" data-widget_type=\"text-editor.default\">\n\t\t\t\t<div class=\"elementor-widget-container\">\n\t\t\t\t\t\t\t\t\t<p><\/p>\n<p style=\"font-size: 18px; font-style: italic; font-weight: 200;\">The Professional Show is aimed at the professional cheese-making sector.<\/p>\n<p><\/p>\n<p>In<em> hall <\/em>noble of the B32 Theater and in the <em>foyer<\/em> on the second floor we will find the exhibitors of the <strong>Professional Salon<\/strong>, The aim of the event will be to present the public with simple and sophisticated solutions for their daily lives, as well as market trends in equipment and supplies.<br \/><strong>The Professional Show will take place on April 16, from 4pm to 8pm, and on April 17 and 18, from 9am to 8pm.\u00a0<\/strong><\/p>\n<p><strong>Would you like to see the 2026 Professional Salon media kit? Patr\u00edcia Yui, our producer, presents it to you: (11) 98537-1800<br \/>contato@mundialdoqueijodobrasil.com<br \/><br \/><\/strong><\/p>\n<p><\/p>\n<h2 class=\"wp-block-heading\">2024 EXHIBITORS<\/h2>\n<p><\/p>\n<h2 class=\"wp-block-heading\"><strong>Amerika Representations<\/strong><strong>\u00a0<\/strong><\/h2>\n<p><\/p>\n<p><em>STAND P_2<\/em><\/p>\n<p><\/p>\n<figure><img fetchpriority=\"high\" decoding=\"async\" src=\"https:\/\/mundialdoqueijodobrasil.com\/wp-content\/uploads\/2025\/10\/images.webp\" alt=\"\" width=\"225\" height=\"225\" \/><\/figure>\n<p><\/p>\n<p>Amerika Representations is an import partner for French technology for the agro-industry and food industry. In 2011, when he turned 40, Florent Mailly wanted to set up his own business. Having maintained a strong link with Brazil and being fluent in Portuguese, he had the idea of trying to help French and Brazilian companies do business together. Since then, he has acted as a commercial bridge between France and Brazil. The company is made up of process engineers who accompany the client from the start of the project right through to the after-sales service.\u00a0<\/p>\n<p><\/p>\n<div class=\"is-vertical is-layout-flex wp-container-core-group-is-layout-fe9cc265 wp-block-group-is-layout-flex\">\n<p><\/p>\n<p>Contact: +33 6 8776-2974<\/p>\n<p><\/p>\n<p>Website: www.amerika-representacoes.com.br<\/p>\n<p><\/p>\n<\/div>\n<p><\/p>\n<h2 class=\"wp-block-heading\"><strong>Aprons<\/strong><\/h2>\n<p><\/p>\n<p><em>STAND P_18<\/em><\/p>\n<p><\/p>\n<figure><a href=\"https:\/\/www.instagram.com\/useaprons\/\"><img decoding=\"async\" style=\"width: 465px; height: auto;\" src=\"https:\/\/mundialdoqueijodobrasil.com\/wp-content\/uploads\/2024\/03\/InShot_20240327_153539307-1-1024x438.webp\" alt=\"\" \/><\/a><\/figure>\n<p><\/p>\n<p>Aprons was born a few years ago with the intention of dressing cooks. Its purpose is to provide its customers with the most modern, comfortable and durable clothing for exercising their creativity in the kitchen with great freedom. Aprons relentlessly pursues innovation and quality in every garment, with production carried out by a network of highly experienced seamstresses.<\/p>\n<p><\/p>\n<div class=\"is-vertical is-layout-flex wp-container-core-group-is-layout-fe9cc265 wp-block-group-is-layout-flex\">\n<p><\/p>\n<p>Contact: (41) 9 8745-4031<\/p>\n<p><\/p>\n<p>Website: aprons.com.br<\/p>\n<p><\/p>\n<p>Instagram: @useaprons<\/p>\n<p><\/p>\n<\/div>\n<p><\/p>\n<h2 class=\"wp-block-heading\"><strong>Bioprox Cultures<\/strong><\/h2>\n<p><\/p>\n<p><em>STAND P_1<\/em><\/p>\n<p><\/p>\n<figure><img decoding=\"async\" style=\"width: 487px; height: auto;\" src=\"https:\/\/mundialdoqueijodobrasil.com\/wp-content\/uploads\/2024\/01\/Bioprox_Logo_Cultures_Bleu-bleu-1024x498.webp\" alt=\"\" \/><\/figure>\n<p><\/p>\n<p>Bioprox Cultures is a French company specializing in the production and marketing of freeze-dried starter cultures at the service of a more transparent, sustainable and quality agri-food sector. The acidifying, post-acidifying, texturizing and bioprotective properties of lactic ferments make it possible to offer different quality ranges.<\/p>\n<p><\/p>\n<p>These ferments are used in dairy products: yoghurts, fermented milks, cheeses, butter, etc.\u00a0<\/p>\n<p><\/p>\n<p>Website: bioprox.com<\/p>\n<p><\/p>\n<h2 class=\"wp-block-heading\"><strong>Contra Design<\/strong><strong>\u00a0<\/strong><\/h2>\n<p><\/p>\n<p><em>STAND P_4<\/em><\/p>\n<p><\/p>\n<figure><a href=\"https:\/\/www.instagram.com\/con_tra_design?igsh=MXR3aTV2NGNmN2ppMQ==\"><img decoding=\"async\" style=\"width: 247px; height: auto;\" src=\"https:\/\/mundialdoqueijodobrasil.com\/wp-content\/uploads\/2024\/03\/IMG-20240327-WA0294-1-1024x1024.webp\" alt=\"\" \/><\/a><\/figure>\n<p><\/p>\n<p>Contra Design is made up of two architects and designers who joined forces in 2019 to do what they love: create. They work in various areas, mainly in the design of design pieces, lighting projects and graphic design.<\/p>\n<p><\/p>\n<div class=\"is-vertical is-layout-flex wp-container-core-group-is-layout-fe9cc265 wp-block-group-is-layout-flex\">\n<p><\/p>\n<p>Contact: (11) 9 4147-6832 | (63) 9 265-5350<\/p>\n<p><\/p>\n<p>Instagram: @con_tra_design<\/p>\n<p><\/p>\n<\/div>\n<p><\/p>\n<h2 class=\"wp-block-heading\"><strong>Globalfood<\/strong><\/h2>\n<p><\/p>\n<p><em>STAND P_3<\/em><\/p>\n<p><\/p>\n<figure><a href=\"https:\/\/www.instagram.com\/globalfood.br\/\"><img decoding=\"async\" style=\"width: 315px; height: auto;\" src=\"https:\/\/mundialdoqueijodobrasil.com\/wp-content\/uploads\/2024\/03\/images-30.webp\" alt=\"\" \/><\/a><\/figure>\n<p><\/p>\n<p>The company's passion for food has a tradition of almost two centuries. It was born in Germany and today has dozens of international partners. The company is systematically dedicated to training the market, organizing courses through the Academia Pr\u00e1tica Globalfood (Globalfood Practical Academy), which runs dozens of annual courses and seminars in the areas of milk, wheat and meat, in particular, and bringing lecturers and professors close to customers, often from abroad.\u00a0<\/p>\n<p><\/p>\n<div class=\"is-vertical is-layout-flex wp-container-core-group-is-layout-fe9cc265 wp-block-group-is-layout-flex\">\n<p><\/p>\n<p>Contact: (11) 9 5564-1100<\/p>\n<p><\/p>\n<p>Website: globalfood.com.br<\/p>\n<p><\/p>\n<p>Instagram: @globalfood<\/p>\n<p><\/p>\n<\/div>\n<p><\/p>\n<h2 class=\"wp-block-heading\"><strong>Ghee Me More<\/strong><\/h2>\n<p><\/p>\n<p><em>STAND P_8 and P_9<\/em><\/p>\n<p><\/p>\n<figure><a href=\"https:\/\/www.instagram.com\/gheememore?igsh=MW1iY3V0bXMzbDgwbw==\"><img decoding=\"async\" style=\"width: 482px; height: auto;\" src=\"https:\/\/mundialdoqueijodobrasil.com\/wp-content\/uploads\/2024\/03\/InShot_20240327_153657964-1-1024x516.webp\" alt=\"\" \/><\/a><\/figure>\n<p><\/p>\n<p>Ghee Me More is a family-run company that maintains the Minas Gerais tradition of cheese, dulce de leche and butter, which in 2023 turned 100 years old. Quality is present in the milk produced by small families from the countryside within a 30km radius of the factory, located in Fazenda da Grama, in the municipality of Senador Firmino, 200km from the capital of Minas Gerais. Having access to a quality raw material, they decided to direct their efforts and regularize the Ghee product in the country, originally from India and recognized by the International Food Codex. As a result, they were the first Ghee company with the SIF (Federal Inspection Service) seal, which allowed them to bring the product to all Brazilians.<\/p>\n<p><\/p>\n<div class=\"is-layout-constrained wp-block-group-is-layout-constrained\">\n<p><\/p>\n<div class=\"is-vertical is-layout-flex wp-container-core-group-is-layout-fe9cc265 wp-block-group-is-layout-flex\">\n<p><\/p>\n<p>Contact: (32) 9 9842-6926\u00a0<\/p>\n<p><\/p>\n<p>Website: gheememore.com.br<\/p>\n<p><\/p>\n<p>Instagram: @gheememore<\/p>\n<p><\/p>\n<\/div>\n<p><\/p>\n<\/div>\n<p><\/p>\n<h2 class=\"wp-block-heading\"><strong>Injesul Plastics<\/strong><strong>\u00a0<\/strong><\/h2>\n<p><\/p>\n<p><em>STAND P_8 and P_9<\/em><\/p>\n<p><\/p>\n<figure><img decoding=\"async\" style=\"width: 377px; height: auto;\" src=\"https:\/\/mundialdoqueijodobrasil.com\/wp-content\/uploads\/2024\/03\/images-4.webp\" alt=\"\" \/><\/figure>\n<p><\/p>\n<p>In the south of Minas Gerais, Injesul, founded in 1983, manufactures and sells everything for cheese making: milk cooling tanks, processing tanks, cheese molds, presses, desiccators and caps, containers, stainless steel equipment, boxes and cheese makers, plastic platforms and dairy accessories. In 2022, sons Rodrigo Noronha Cruz and Ricardo Noronha Cruz, the second generation, took over the management and leadership of the company, consolidating the continuity of the family's entrepreneurial vision.<\/p>\n<p><\/p>\n<div class=\"is-vertical is-layout-flex wp-container-core-group-is-layout-fe9cc265 wp-block-group-is-layout-flex\">\n<p><\/p>\n<p>Contact: (35) 9 9736-6608<\/p>\n<p><\/p>\n<p>Website: www.injesul.com.br<\/p>\n<p><\/p>\n<p>Instagram: @injesul_plasticos<\/p>\n<p><\/p>\n<\/div>\n<p><\/p>\n<h2 class=\"wp-block-heading\"><strong>President\u00a0<\/strong><\/h2>\n<p><\/p>\n<p><em>STAND P_15<\/em><\/p>\n<p><\/p>\n<figure><img decoding=\"async\" style=\"width: 392px; height: auto;\" src=\"https:\/\/mundialdoqueijodobrasil.com\/wp-content\/uploads\/2024\/03\/logo_president_dourado-simulado-1_page-0001-edited-1024x640.webp\" alt=\"\" \/><\/figure>\n<p><\/p>\n<p>The President's story begins in Laval, France, in 1933, when founder Andr\u00e9 Besnier started a small production of 17 Camembert cheeses from 35 liters of milk. Lactalis is family-owned, and this tradition continues to this day. The company has won over the world by investing in a policy of valuing milk suppliers and respecting consumers. In Brazil, where it has been present for six years, it is the leader in milk collection, considering the number of producers it directly assists. It has 21 manufacturing plants spread across 8 states.<\/p>\n<p><\/p>\n<div class=\"is-vertical is-layout-flex wp-container-core-group-is-layout-fe9cc265 wp-block-group-is-layout-flex\">\n<p><\/p>\n<p>Website: queijospresident.com.br<\/p>\n<p><\/p>\n<p>Instagram: @queijospresident<\/p>\n<p><\/p>\n<\/div>\n<p><\/p>\n<h2 class=\"wp-block-heading\"><strong>Review Advisory<\/strong>\u00a0<\/h2>\n<p><\/p>\n<p><em>STAND P_7<\/em><\/p>\n<p><\/p>\n<figure><img decoding=\"async\" style=\"width: 252px; height: auto;\" src=\"https:\/\/mundialdoqueijodobrasil.com\/wp-content\/uploads\/2024\/03\/IMG-20240327-WA0315.webp\" alt=\"\" \/><\/figure>\n<p><\/p>\n<p>It is a tax advisory and consulting firm based in Rio de Janeiro and operating nationwide. Its mission is to help reduce companies' tax burden through tax planning, generating financial resources for businesses.<\/p>\n<p><\/p>\n<p>The team is made up of tax experts, lawyers, consultants and commercial analysts, and has been in the market since September 2019.<\/p>\n<p><\/p>\n<div class=\"is-vertical is-layout-flex wp-container-core-group-is-layout-fe9cc265 wp-block-group-is-layout-flex\">\n<p><\/p>\n<p>Contact: (31) 9 6832-5218<\/p>\n<p><\/p>\n<p>Instagram: @reviewassessoria<\/p>\n<p><\/p>\n<\/div>\n<p><\/p>\n<h2 class=\"wp-block-heading\"><strong>Senar Faesp<\/strong><strong>\u00a0<\/strong><\/h2>\n<p><\/p>\n<p><em>Wing P_17<\/em><\/p>\n<p><\/p>\n<figure><a href=\"https:\/\/www.instagram.com\/faesp_senarsp?igsh=MTFkczZhdWVhamZseQ==\"><img decoding=\"async\" style=\"width: 411px; height: auto;\" src=\"https:\/\/mundialdoqueijodobrasil.com\/wp-content\/uploads\/2024\/03\/IMG-20240327-WA0314.webp\" alt=\"\" \/><\/a><\/figure>\n<p><\/p>\n<p>The 1930s saw the first talks and movements of S\u00e3o Paulo's cattle farmers and rural producers in various parts of the state, with the aim of organizing a representative system for the sector, culminating in the conception of S\u00e3o Paulo's first rural associative structure, FARESP (Federation of Rural Associations of the State of S\u00e3o Paulo), the precursor of the current FAESP, at a peculiar time for the sector, which had just gone through the world coffee crisis that had strongly affected the national economy.<\/p>\n<p><\/p>\n<p>The National Rural Apprenticeship Service (SENAR) was created by Law No. 8.315 of December 23, 1991, under the terms of Article 62 of the Transitional Constitutional Provisions Act, which provided for its creation along the lines of the National Industrial Apprenticeship Service (SENAI) and the National Commercial Apprenticeship Service (SENAC).<\/p>\n<p><\/p>\n<div class=\"is-vertical is-layout-flex wp-container-core-group-is-layout-fe9cc265 wp-block-group-is-layout-flex\">\n<p><\/p>\n<p>Contact: (11) 3125-1333<\/p>\n<p><\/p>\n<p>Website: faespsenar.com.br<\/p>\n<p><\/p>\n<p>Instagram: @faesp_senarsp<\/p>\n<p><\/p>\n<\/div>\n<p><\/p>\n<h2 class=\"wp-block-heading\"><strong>SerT\u00e3oBras<\/strong><strong>\u00a0<\/strong><\/h2>\n<p><\/p>\n<p><em>STAND P_19 and P_20<\/em><\/p>\n<p><\/p>\n<figure><a href=\"https:\/\/www.instagram.com\/sertaobras\/\"><img decoding=\"async\" src=\"https:\/\/mundialdoqueijodobrasil.com\/wp-content\/uploads\/2024\/03\/1656682447570.webp\" alt=\"\" \/><\/a><\/figure>\n<p><\/p>\n<p>SerT\u00e3oBras is a non-profit civil society with more than 250 members in 18 Brazilian states, supported by donations from individuals and companies. The site functions as a thinktank, i.e. a powerhouse of ideas for the issues facing Brazil's small rural producers.\u00a0<\/p>\n<p><\/p>\n<p>For SerT\u00e3oBras, food is a public good. Valuing the artisanal agri-food chain as a culture must be strengthened.\u00a0<\/p>\n<p><\/p>\n<p>And since raw milk cheese is one of the most distinctive products of Brazilian culture, SerT\u00e3oBras works for the social, professional and legislative advancement of the cheese chain.\u00a0<\/p>\n<p><\/p>\n<div class=\"is-vertical is-layout-flex wp-container-core-group-is-layout-fe9cc265 wp-block-group-is-layout-flex\">\n<p><\/p>\n<p>Contact: (31) 9 9713-0632<\/p>\n<p><\/p>\n<p>Website: sertaobras.org.br<\/p>\n<p><\/p>\n<p>Instagram: @sertaobras<\/p>\n<p><\/p>\n<\/div>\n<p><\/p>\n<h2 class=\"wp-block-heading\"><strong>S\u00e9rvulo<\/strong><strong>\u00a0<\/strong><\/h2>\n<p><\/p>\n<p><em>STAND P_8 and P_9<\/em><\/p>\n<p><\/p>\n<figure><img decoding=\"async\" style=\"width: 312px; height: auto;\" src=\"https:\/\/mundialdoqueijodobrasil.com\/wp-content\/uploads\/2024\/02\/Servulo.webp\" alt=\"\" \/><\/figure>\n<p><\/p>\n<p>Latic\u00ednios Union's activities date back to 1993. The company is based on a farm with a decades-long tradition in artisan cheese production, in Senador Firmino, in the Zona da Mata Mineira.<\/p>\n<p><\/p>\n<p>The company's name comes from the French and English languages, meaning union, reflecting the solidity of this partnership of brothers and nephews. Originally, the company was called Jos\u00e9 S\u00e9rvulo de Carvalho Ltda, the name of the founding partner and which gave rise to the S\u00c9RVULO brand, used on most of the dairy products produced by the company.<\/p>\n<p><\/p>\n<p>The raw material that supplies the factory - fresh milk - is supplied by Fazenda da Grama and by producers in the municipalities of Senador Firmino, Dores do Turvo, Br\u00e1s Pires, Presidente Bernardes and Divin\u00e9sia.<\/p>\n<p><\/p>\n<div class=\"is-vertical is-layout-flex wp-container-core-group-is-layout-fe9cc265 wp-block-group-is-layout-flex\">\n<p><\/p>\n<p>Contact: (32) 3536-1335<\/p>\n<p><\/p>\n<p>Website: laticinioservulo.com.br<\/p>\n<p><\/p>\n<p>Instagram: @laticinioservulo<\/p>\n<p><\/p>\n<\/div>\n<p><\/p>\n<h2 class=\"wp-block-heading\"><strong>Swiss AIR LINES<\/strong><\/h2>\n<p><\/p>\n<p><em>Wing P_10<\/em><\/p>\n<p><\/p>\n<figure><a href=\"\/en\/www.swissair.com\/br\/pt\/\"><img decoding=\"async\" style=\"width: 529px; height: auto;\" src=\"https:\/\/mundialdoqueijodobrasil.com\/wp-content\/uploads\/2024\/03\/InShot_20240328_154935315-1024x318.webp\" alt=\"\" \/><\/a><\/figure>\n<p><\/p>\n<p>Swiss International Air Lines (SWISS) is a Swiss airline. From Zurich and Geneva, it serves more than 100 destinations in 50 countries around the world.<\/p>\n<p><\/p>\n<p>As Switzerland's national airline, SWISS represents its traditional values and is committed to providing the highest quality of products and services. SWISS is part of the Lufthansa group and is a member of Star Alliance, the world's largest airline network.<\/p>\n<p><\/p>\n<p>Contact:\u00a0<\/p>\n<p><\/p>\n<div class=\"is-vertical is-layout-flex wp-container-core-group-is-layout-fe9cc265 wp-block-group-is-layout-flex\">\n<p><\/p>\n<p>Website: www.swissair.com\/br\/pt\/<\/p>\n<p><\/p>\n<p>Instagram: @flyswiss\u00a0<\/p>\n<p><\/p>\n<\/div>\n<p><\/p>\n<hr \/>\n<p><\/p>\t\t\t\t\t\t\t\t<\/div>\n\t\t\t\t<\/div>\n\t\t\t\t\t<\/div>\n\t\t\t\t<\/div>\n\t\t\t\t<\/div>","protected":false},"excerpt":{"rendered":"<p>O Sal\u00e3o Profissional \u00e9 voltado para o setor profissional queijeiro. No hall nobre do Teatro B32 e no foyer do primeiro andar encontraremos os expositores do Sal\u00e3o Profissional, cujo objetivo [&hellip;]<\/p>\n","protected":false},"author":772,"featured_media":93848,"comment_status":"closed","ping_status":"closed","sticky":false,"template":"","format":"standard","meta":{"_price":"","_stock":"","_tribe_ticket_header":"","_tribe_default_ticket_provider":"","_tribe_ticket_capacity":"0","_ticket_start_date":"","_ticket_end_date":"","_tribe_ticket_show_description":"","_tribe_ticket_show_not_going":false,"_tribe_ticket_use_global_stock":"","_tribe_ticket_global_stock_level":"","_global_stock_mode":"","_global_stock_cap":"","_tribe_rsvp_for_event":"","_tribe_ticket_going_count":"","_tribe_ticket_not_going_count":"","_tribe_tickets_list":"[]","_tribe_ticket_has_attendee_info_fields":false,"footnotes":""},"categories":[18,16],"tags":[],"class_list":["post-8353","post","type-post","status-publish","format-standard","has-post-thumbnail","hentry","category-feiras","category-programa"],"_links":{"self":[{"href":"https:\/\/mundialdoqueijodobrasil.com\/en\/wp-json\/wp\/v2\/posts\/8353","targetHints":{"allow":["GET"]}}],"collection":[{"href":"https:\/\/mundialdoqueijodobrasil.com\/en\/wp-json\/wp\/v2\/posts"}],"about":[{"href":"https:\/\/mundialdoqueijodobrasil.com\/en\/wp-json\/wp\/v2\/types\/post"}],"author":[{"embeddable":true,"href":"https:\/\/mundialdoqueijodobrasil.com\/en\/wp-json\/wp\/v2\/users\/772"}],"replies":[{"embeddable":true,"href":"https:\/\/mundialdoqueijodobrasil.com\/en\/wp-json\/wp\/v2\/comments?post=8353"}],"version-history":[{"count":10,"href":"https:\/\/mundialdoqueijodobrasil.com\/en\/wp-json\/wp\/v2\/posts\/8353\/revisions"}],"predecessor-version":[{"id":93960,"href":"https:\/\/mundialdoqueijodobrasil.com\/en\/wp-json\/wp\/v2\/posts\/8353\/revisions\/93960"}],"wp:featuredmedia":[{"embeddable":true,"href":"https:\/\/mundialdoqueijodobrasil.com\/en\/wp-json\/wp\/v2\/media\/93848"}],"wp:attachment":[{"href":"https:\/\/mundialdoqueijodobrasil.com\/en\/wp-json\/wp\/v2\/media?parent=8353"}],"wp:term":[{"taxonomy":"category","embeddable":true,"href":"https:\/\/mundialdoqueijodobrasil.com\/en\/wp-json\/wp\/v2\/categories?post=8353"},{"taxonomy":"post_tag","embeddable":true,"href":"https:\/\/mundialdoqueijodobrasil.com\/en\/wp-json\/wp\/v2\/tags?post=8353"}],"curies":[{"name":"wp","href":"https:\/\/api.w.org\/{rel}","templated":true}]}}