{"id":7474,"date":"2026-04-03T13:53:34","date_gmt":"2026-04-03T16:53:34","guid":{"rendered":"https:\/\/mundialdoqueijodobrasil.com\/?p=7474"},"modified":"2026-04-26T11:09:34","modified_gmt":"2026-04-26T14:09:34","slug":"2-concurso-de-melhor-fondue-do-brasil","status":"publish","type":"post","link":"https:\/\/mundialdoqueijodobrasil.com\/es\/2-concurso-de-melhor-fondue-do-brasil\/","title":{"rendered":"Tercer mejor concurso de fondue de Brasil"},"content":{"rendered":"<div data-elementor-type=\"wp-post\" data-elementor-id=\"7474\" class=\"elementor elementor-7474\" data-elementor-post-type=\"post\">\n\t\t\t\t<div class=\"elementor-element elementor-element-15a9f5ea e-flex e-con-boxed e-con e-parent\" data-id=\"15a9f5ea\" data-element_type=\"container\" data-e-type=\"container\">\n\t\t\t\t\t<div class=\"e-con-inner\">\n\t\t\t\t<div class=\"elementor-element elementor-element-64430072 elementor-widget elementor-widget-text-editor\" data-id=\"64430072\" data-element_type=\"widget\" data-e-type=\"widget\" data-widget_type=\"text-editor.default\">\n\t\t\t\t<div class=\"elementor-widget-container\">\n\t\t\t\t\t\t\t\t\t<p><strong>El concurso a la mejor fondue de Brasil <\/strong>\u00a0galardonado con el primer puesto <strong>Raquel Chapchap<\/strong>, en segundo lugar <strong>Mar\u00eda Lucilha de Faria<\/strong> y en tercer lugar <strong>Lucas Edouard Bracale Darbellay<\/strong>. La categor\u00eda especial para la mejor fondue hecha con cerveza fue ganada por\u00a0<strong>Gilvonet Vidal<\/strong>, de Re.vivas, en Petrolina-PE.<\/p>\n<p><img fetchpriority=\"high\" decoding=\"async\" class=\"aligncenter size-fusion800 wp-image-96001\" src=\"https:\/\/mundialdoqueijodobrasil.com\/wp-content\/uploads\/2026\/04\/fondue-podium-1.webp\" alt=\"\" width=\"800\" height=\"521\" srcset=\"https:\/\/mundialdoqueijodobrasil.com\/wp-content\/uploads\/2026\/04\/fondue-podium-1.webp 800w, https:\/\/mundialdoqueijodobrasil.com\/wp-content\/uploads\/2026\/04\/fondue-podium-1-300x195.webp 300w, https:\/\/mundialdoqueijodobrasil.com\/wp-content\/uploads\/2026\/04\/fondue-podium-1-768x500.webp 768w, https:\/\/mundialdoqueijodobrasil.com\/wp-content\/uploads\/2026\/04\/fondue-podium-1-18x12.webp 18w, https:\/\/mundialdoqueijodobrasil.com\/wp-content\/uploads\/2026\/04\/fondue-podium-1-500x326.webp 500w, https:\/\/mundialdoqueijodobrasil.com\/wp-content\/uploads\/2026\/04\/fondue-podium-1-700x456.webp 700w\" sizes=\"(max-width: 800px) 100vw, 800px\" \/><\/p>\n<p style=\"margin: 16px 0px; color: #0f1115; font-family: quote-cjk-patch, Inter, system-ui, -apple-system, 'system-ui', 'Segoe UI', Roboto, Oxygen, Ubuntu, Cantarell, 'Open Sans', 'Helvetica Neue', sans-serif;\"><span style=\"font-weight: 600;\">Rachel\u00a0<\/span>Es una ejecutiva multiling\u00fce de inteligencia de mercado, con experiencia en gigantes como Casas Bahia y Nespresso, y ha transformado su precisi\u00f3n anal\u00edtica en excelencia en la elaboraci\u00f3n de fondue.<\/p>\n<p><img decoding=\"async\" class=\"aligncenter size-full wp-image-96000\" src=\"https:\/\/mundialdoqueijodobrasil.com\/wp-content\/uploads\/2026\/04\/raquel.webp\" alt=\"\" width=\"800\" height=\"1067\" srcset=\"https:\/\/mundialdoqueijodobrasil.com\/wp-content\/uploads\/2026\/04\/raquel.webp 800w, https:\/\/mundialdoqueijodobrasil.com\/wp-content\/uploads\/2026\/04\/raquel-225x300.webp 225w, https:\/\/mundialdoqueijodobrasil.com\/wp-content\/uploads\/2026\/04\/raquel-768x1024.webp 768w, https:\/\/mundialdoqueijodobrasil.com\/wp-content\/uploads\/2026\/04\/raquel-9x12.webp 9w, https:\/\/mundialdoqueijodobrasil.com\/wp-content\/uploads\/2026\/04\/raquel-500x667.webp 500w, https:\/\/mundialdoqueijodobrasil.com\/wp-content\/uploads\/2026\/04\/raquel-700x934.webp 700w\" sizes=\"(max-width: 800px) 100vw, 800px\" \/><\/p>\n<p style=\"margin: 16px 0px; color: #0f1115; font-family: quote-cjk-patch, Inter, system-ui, -apple-system, 'system-ui', 'Segoe UI', Roboto, Oxygen, Ubuntu, Cantarell, 'Open Sans', 'Helvetica Neue', sans-serif;\">\u00a0<span style=\"font-size: 1rem; font-weight: 600;\">Lucas\u00a0\u00a0<\/span><span style=\"font-size: 1rem;\">\u00e9\u00a0<\/span><span style=\"font-size: 1rem;\">Chef del restaurante Chef Rouge (Gu\u00eda Michelin 2025) y estudiante de Gastronom\u00eda en el SENAC, combin\u00f3 la formaci\u00f3n suizo-brasile\u00f1a con una t\u00e9cnica refinada en la competici\u00f3n.\u00a0<\/span><span style=\"font-weight: bolder; font-family: Roboto, sans-serif; color: #333333; font-size: 1rem;\">Lucilha<\/span><span style=\"font-weight: bolder; font-family: Roboto, sans-serif; color: #333333; font-size: 1rem;\">\u00a0<\/span><span style=\"font-family: Roboto, sans-serif; color: #333333; font-size: 1rem;\">Prepar\u00f3 una fondue aut\u00e9nticamente brasile\u00f1a, utilizando lim\u00f3n para darle una textura cremosa y queso Canastra para complementar el Gruy\u00e8re.<\/span><\/p>\n<p><strong>La tercera edici\u00f3n del concurso a la Mejor Fondue de Brasil. <\/strong>Fue un esfuerzo conjunto de SerT\u00e3oBras y la Guilde Internationale des Fromagers, en colaboraci\u00f3n con el renombrado Mondial de Fondue de Tartegnin en Suiza, la Academia da Cerveja de S\u00e3o Paulo y el Consulado Suizo en Brasil, que ofreci\u00f3 al ganador un billete de avi\u00f3n para competir en el Campeonato Mundial de 2027.<\/p>\n<p>El concurso, presidido por D\u00e9bora Pereira, asesora de SerT\u00e3oBras, y Gilberto Tarantino, presidente de la Asociaci\u00f3n Brasile\u00f1a de Cerveza Artesanal, ten\u00eda como objetivo promover la fondue de queso como una receta tradicional y elegir al gran Campe\u00f3n Brasile\u00f1o de Fondue.\u00a0<span style=\"font-size: 1rem;\">El evento tuvo lugar el 15 de abril de 2026, en la Academia da Cerveja (R. Mourato Coelho, 560 \u2013 Pinheiros, S\u00e3o Paulo), en una velada reservada a un selecto grupo de jueces, periodistas e invitados.<\/span><\/p>\n<p>La receta deb\u00eda incluir al menos 50% Gruy\u00e8re DOP, curado durante al menos un a\u00f1o, proporcionado por el jurado. Los dem\u00e1s quesos quedaban a elecci\u00f3n del concursante, pero todos deb\u00edan rallarse manualmente; el uso de ralladores el\u00e9ctricos estaba prohibido.<\/p>\n<p>Entre los ingredientes permitidos figuraban el vino, la cerveza, la sidra, el zumo de lim\u00f3n, el kirsch, el ajo, la f\u00e9cula de patata o de ma\u00edz, la harina, el bicarbonato de sodio, la pimienta y la mostaza. Se prohib\u00edan expresamente aditivos como el \u00e1cido c\u00edtrico (E 330), el citrato de sodio (E 331), el fosfato de potasio (E 340) y el polifosfato (E 452). La organizaci\u00f3n pod\u00eda autorizar excepcionalmente otros ingredientes en el momento del registro.<\/p>\n<p>El d\u00eda de la competici\u00f3n, los concursantes presentaron sobre la mesa la receta impresa, con todos los ingredientes especificados y las instrucciones paso a paso para su elaboraci\u00f3n.<\/p>\n<p><strong>Criterios de evaluaci\u00f3n y premiaci\u00f3n<\/strong><br \/>Las fondues se evaluaron seg\u00fan cuatro criterios:<\/p>\n<ul>\n<li>\n<p>Visual<\/p>\n<\/li>\n<li>\n<p>Sabor y aroma<\/p>\n<\/li>\n<li>\n<p>Consistencia y textura (que debe ser homog\u00e9nea)<\/p>\n<\/li>\n<li>\n<p>Impresi\u00f3n global<\/p>\n<\/li>\n<\/ul>\n<p><strong>Raquel Chapchap,<\/strong> El gran ganador fue anunciado durante una ceremonia en el 4\u00ba Campeonato Mundial del Queso de Brasil, el 17 de abril de 2026, en el auditorio del Teatro B32.<\/p>\n<p>Raquel recibi\u00f3 un trofeo y la oportunidad de representar a Brasil en el Mondial de Fondue de Tartegnin en Suiza en 2027, con un pase directo a la final, sin necesidad de pasar por las rondas clasificatorias. Los gastos de viaje corrieron a cargo de la ganadora.<\/p>\n<p>Los ganadores del segundo y tercer lugar recibieron trofeos. Tambi\u00e9n hubo una categor\u00eda especial para la mejor receta que utilizaba cerveza en su composici\u00f3n, cuyo ganador fue... <strong>Gilvonete Vidal, de Re.vivas,<\/strong> Productor y elaborador de queso en Petrolina-PE.<\/p>\t\t\t\t\t\t\t\t<\/div>\n\t\t\t\t<\/div>\n\t\t\t\t<div class=\"elementor-element elementor-element-bbbf26a elementor-widget elementor-widget-text-editor\" data-id=\"bbbf26a\" data-element_type=\"widget\" data-e-type=\"widget\" data-widget_type=\"text-editor.default\">\n\t\t\t\t<div class=\"elementor-widget-container\">\n\t\t\t\t\t\t\t\t\t\n<h1>Ganadores de ediciones anteriores<\/h1>\n\n<p><strong>2024<br \/><\/strong>Ganadora: Malu Mello.<\/p>\n<p><img decoding=\"async\" class=\"aligncenter size-full wp-image-93948\" src=\"https:\/\/mundialdoqueijodobrasil.com\/wp-content\/uploads\/2025\/11\/MaluMelo.webp\" alt=\"\" width=\"682\" height=\"867\" srcset=\"https:\/\/mundialdoqueijodobrasil.com\/wp-content\/uploads\/2025\/11\/MaluMelo.webp 682w, https:\/\/mundialdoqueijodobrasil.com\/wp-content\/uploads\/2025\/11\/MaluMelo-236x300.webp 236w, https:\/\/mundialdoqueijodobrasil.com\/wp-content\/uploads\/2025\/11\/MaluMelo-500x636.webp 500w\" sizes=\"(max-width: 682px) 100vw, 682px\" \/><br \/><br \/><strong>2022<br \/><\/strong>Ganadora: Clara Gaehwiler.<\/p>\n<p><img loading=\"lazy\" decoding=\"async\" class=\"aligncenter size-full wp-image-95122\" src=\"https:\/\/mundialdoqueijodobrasil.com\/wp-content\/uploads\/2026\/03\/P1614176-770x1020-1.webp\" alt=\"\" width=\"770\" height=\"1020\" srcset=\"https:\/\/mundialdoqueijodobrasil.com\/wp-content\/uploads\/2026\/03\/P1614176-770x1020-1.webp 770w, https:\/\/mundialdoqueijodobrasil.com\/wp-content\/uploads\/2026\/03\/P1614176-770x1020-1-226x300.webp 226w, https:\/\/mundialdoqueijodobrasil.com\/wp-content\/uploads\/2026\/03\/P1614176-770x1020-1-768x1017.webp 768w, https:\/\/mundialdoqueijodobrasil.com\/wp-content\/uploads\/2026\/03\/P1614176-770x1020-1-9x12.webp 9w, https:\/\/mundialdoqueijodobrasil.com\/wp-content\/uploads\/2026\/03\/P1614176-770x1020-1-500x662.webp 500w, https:\/\/mundialdoqueijodobrasil.com\/wp-content\/uploads\/2026\/03\/P1614176-770x1020-1-700x927.webp 700w\" sizes=\"(max-width: 770px) 100vw, 770px\" \/><\/p>\n\t\t\t\t\t\t\t\t<\/div>\n\t\t\t\t<\/div>\n\t\t\t\t<div class=\"elementor-element elementor-element-cdf9097 elementor-widget elementor-widget-heading\" data-id=\"cdf9097\" data-element_type=\"widget\" data-e-type=\"widget\" data-widget_type=\"heading.default\">\n\t\t\t\t<div class=\"elementor-widget-container\">\n\t\t\t\t\t<h2 class=\"elementor-heading-title elementor-size-default\">Patrocinadores<\/h2>\t\t\t\t<\/div>\n\t\t\t\t<\/div>\n\t\t\t\t\t<\/div>\n\t\t\t\t<\/div>\n\t\t<div class=\"elementor-element elementor-element-393cddd e-grid e-con-boxed e-con e-parent\" data-id=\"393cddd\" data-element_type=\"container\" data-e-type=\"container\">\n\t\t\t\t\t<div class=\"e-con-inner\">\n\t\t\t\t<div class=\"elementor-element elementor-element-a94ffd3 elementor-widget elementor-widget-image\" data-id=\"a94ffd3\" data-element_type=\"widget\" data-e-type=\"widget\" data-widget_type=\"image.default\">\n\t\t\t\t<div class=\"elementor-widget-container\">\n\t\t\t\t\t\t\t\t\t\t\t\t\t\t\t\t<a href=\"https:\/\/www.eda.admin.ch\/saopaulo\" target=\"_blank\">\n\t\t\t\t\t\t\t<img loading=\"lazy\" decoding=\"async\" width=\"633\" height=\"819\" src=\"https:\/\/mundialdoqueijodobrasil.com\/wp-content\/uploads\/2024\/01\/Logo-Switzerland-Portugiesisch-_1_.webp\" class=\"attachment-large size-large wp-image-95608\" alt=\"\" srcset=\"https:\/\/mundialdoqueijodobrasil.com\/wp-content\/uploads\/2024\/01\/Logo-Switzerland-Portugiesisch-_1_.webp 633w, https:\/\/mundialdoqueijodobrasil.com\/wp-content\/uploads\/2024\/01\/Logo-Switzerland-Portugiesisch-_1_-232x300.webp 232w, https:\/\/mundialdoqueijodobrasil.com\/wp-content\/uploads\/2024\/01\/Logo-Switzerland-Portugiesisch-_1_-9x12.webp 9w, https:\/\/mundialdoqueijodobrasil.com\/wp-content\/uploads\/2024\/01\/Logo-Switzerland-Portugiesisch-_1_-500x647.webp 500w\" sizes=\"(max-width: 633px) 100vw, 633px\" \/>\t\t\t\t\t\t\t\t<\/a>\n\t\t\t\t\t\t\t\t\t\t\t\t\t\t\t<\/div>\n\t\t\t\t<\/div>\n\t\t\t\t<div class=\"elementor-element elementor-element-d881d4c elementor-widget elementor-widget-image\" data-id=\"d881d4c\" data-element_type=\"widget\" data-e-type=\"widget\" data-widget_type=\"image.default\">\n\t\t\t\t<div class=\"elementor-widget-container\">\n\t\t\t\t\t\t\t\t\t\t\t\t\t\t\t\t<a href=\"https:\/\/www.mondialfondue.com\/\" target=\"_blank\">\n\t\t\t\t\t\t\t<img loading=\"lazy\" decoding=\"async\" width=\"277\" height=\"182\" src=\"https:\/\/mundialdoqueijodobrasil.com\/wp-content\/uploads\/2026\/04\/mondialfondue.webp\" class=\"attachment-large size-large wp-image-95615\" alt=\"\" srcset=\"https:\/\/mundialdoqueijodobrasil.com\/wp-content\/uploads\/2026\/04\/mondialfondue.webp 277w, https:\/\/mundialdoqueijodobrasil.com\/wp-content\/uploads\/2026\/04\/mondialfondue-18x12.webp 18w\" sizes=\"(max-width: 277px) 100vw, 277px\" \/>\t\t\t\t\t\t\t\t<\/a>\n\t\t\t\t\t\t\t\t\t\t\t\t\t\t\t<\/div>\n\t\t\t\t<\/div>\n\t\t\t\t<div class=\"elementor-element elementor-element-b5284a8 elementor-widget elementor-widget-image\" data-id=\"b5284a8\" data-element_type=\"widget\" data-e-type=\"widget\" data-widget_type=\"image.default\">\n\t\t\t\t<div class=\"elementor-widget-container\">\n\t\t\t\t\t\t\t\t\t\t\t\t\t\t\t\t<a href=\"https:\/\/www.eda.admin.ch\/saopaulo\" target=\"_blank\">\n\t\t\t\t\t\t\t<img loading=\"lazy\" decoding=\"async\" width=\"433\" height=\"350\" src=\"https:\/\/mundialdoqueijodobrasil.com\/wp-content\/uploads\/2026\/04\/LOGO-ABRACERVA_COLORIDO_1_.webp\" class=\"attachment-large size-large wp-image-95614\" alt=\"\" srcset=\"https:\/\/mundialdoqueijodobrasil.com\/wp-content\/uploads\/2026\/04\/LOGO-ABRACERVA_COLORIDO_1_.webp 433w, https:\/\/mundialdoqueijodobrasil.com\/wp-content\/uploads\/2026\/04\/LOGO-ABRACERVA_COLORIDO_1_-300x242.webp 300w, https:\/\/mundialdoqueijodobrasil.com\/wp-content\/uploads\/2026\/04\/LOGO-ABRACERVA_COLORIDO_1_-15x12.webp 15w\" sizes=\"(max-width: 433px) 100vw, 433px\" \/>\t\t\t\t\t\t\t\t<\/a>\n\t\t\t\t\t\t\t\t\t\t\t\t\t\t\t<\/div>\n\t\t\t\t<\/div>\n\t\t\t\t<div class=\"elementor-element elementor-element-8a5ded1 elementor-widget elementor-widget-image\" data-id=\"8a5ded1\" data-element_type=\"widget\" data-e-type=\"widget\" data-widget_type=\"image.default\">\n\t\t\t\t<div class=\"elementor-widget-container\">\n\t\t\t\t\t\t\t\t\t\t\t\t\t\t\t\t<a href=\"https:\/\/www.academiadacerveja.com\/\" target=\"_blank\">\n\t\t\t\t\t\t\t<img loading=\"lazy\" decoding=\"async\" width=\"448\" height=\"468\" src=\"https:\/\/mundialdoqueijodobrasil.com\/wp-content\/uploads\/2026\/04\/academiadacerveja.webp\" class=\"attachment-large size-large wp-image-95619\" alt=\"\" srcset=\"https:\/\/mundialdoqueijodobrasil.com\/wp-content\/uploads\/2026\/04\/academiadacerveja.webp 448w, https:\/\/mundialdoqueijodobrasil.com\/wp-content\/uploads\/2026\/04\/academiadacerveja-287x300.webp 287w, https:\/\/mundialdoqueijodobrasil.com\/wp-content\/uploads\/2026\/04\/academiadacerveja-11x12.webp 11w\" sizes=\"(max-width: 448px) 100vw, 448px\" \/>\t\t\t\t\t\t\t\t<\/a>\n\t\t\t\t\t\t\t\t\t\t\t\t\t\t\t<\/div>\n\t\t\t\t<\/div>\n\t\t\t\t\t<\/div>\n\t\t\t\t<\/div>\n\t\t\t\t<\/div>","protected":false},"excerpt":{"rendered":"<p>O Concurso Melhor Fondue do Brasil \u00a0premiou em primeiro lugar Raquel Chapchap, em segundo lugar Maria Lucilha de Faria e em terceiro lugar Lucas Edouard Bracale Darbellay. A categoria especial [&hellip;]<\/p>\n","protected":false},"author":6,"featured_media":7278,"comment_status":"closed","ping_status":"closed","sticky":false,"template":"","format":"standard","meta":{"_price":"","_stock":"","_tribe_ticket_header":"","_tribe_default_ticket_provider":"","_tribe_ticket_capacity":"0","_ticket_start_date":"","_ticket_end_date":"","_tribe_ticket_show_description":"","_tribe_ticket_show_not_going":false,"_tribe_ticket_use_global_stock":"","_tribe_ticket_global_stock_level":"","_global_stock_mode":"","_global_stock_cap":"","_tribe_rsvp_for_event":"","_tribe_ticket_going_count":"","_tribe_ticket_not_going_count":"","_tribe_tickets_list":"[]","_tribe_ticket_has_attendee_info_fields":false,"footnotes":""},"categories":[112,211],"tags":[],"class_list":["post-7474","post","type-post","status-publish","format-standard","has-post-thumbnail","hentry","category-concursos","category-destaque"],"_links":{"self":[{"href":"https:\/\/mundialdoqueijodobrasil.com\/es\/wp-json\/wp\/v2\/posts\/7474","targetHints":{"allow":["GET"]}}],"collection":[{"href":"https:\/\/mundialdoqueijodobrasil.com\/es\/wp-json\/wp\/v2\/posts"}],"about":[{"href":"https:\/\/mundialdoqueijodobrasil.com\/es\/wp-json\/wp\/v2\/types\/post"}],"author":[{"embeddable":true,"href":"https:\/\/mundialdoqueijodobrasil.com\/es\/wp-json\/wp\/v2\/users\/6"}],"replies":[{"embeddable":true,"href":"https:\/\/mundialdoqueijodobrasil.com\/es\/wp-json\/wp\/v2\/comments?post=7474"}],"version-history":[{"count":47,"href":"https:\/\/mundialdoqueijodobrasil.com\/es\/wp-json\/wp\/v2\/posts\/7474\/revisions"}],"predecessor-version":[{"id":96007,"href":"https:\/\/mundialdoqueijodobrasil.com\/es\/wp-json\/wp\/v2\/posts\/7474\/revisions\/96007"}],"wp:featuredmedia":[{"embeddable":true,"href":"https:\/\/mundialdoqueijodobrasil.com\/es\/wp-json\/wp\/v2\/media\/7278"}],"wp:attachment":[{"href":"https:\/\/mundialdoqueijodobrasil.com\/es\/wp-json\/wp\/v2\/media?parent=7474"}],"wp:term":[{"taxonomy":"category","embeddable":true,"href":"https:\/\/mundialdoqueijodobrasil.com\/es\/wp-json\/wp\/v2\/categories?post=7474"},{"taxonomy":"post_tag","embeddable":true,"href":"https:\/\/mundialdoqueijodobrasil.com\/es\/wp-json\/wp\/v2\/tags?post=7474"}],"curies":[{"name":"wp","href":"https:\/\/api.w.org\/{rel}","templated":true}]}}