{"id":8129,"date":"2024-02-05T07:15:33","date_gmt":"2024-02-05T10:15:33","guid":{"rendered":"https:\/\/mundialdoqueijodobrasil.com\/?p=8129"},"modified":"2024-02-07T11:34:57","modified_gmt":"2024-02-07T14:34:57","slug":"novo-desafio-para-os-candidatos-a-melhor-queijeiro-do-brasil","status":"publish","type":"post","link":"https:\/\/mundialdoqueijodobrasil.com\/es\/novo-desafio-para-os-candidatos-a-melhor-queijeiro-do-brasil\/","title":{"rendered":"Un nuevo desaf\u00edo para los candidatos a Mejor Quesero de Brasil."},"content":{"rendered":"<p>El concurso &quot;Mejor Quesero de Brasil&quot; consta de tres desaf\u00edos, divididos en cuatro etapas. La primera consist\u00eda en elaborar... <a href=\"https:\/\/www.estadao.com.br\/paladar\/so-queijo\/quem-sera-o-melhor-queijeiro-do-brasil\/\" data-type=\"link\" data-id=\"https:\/\/www.estadao.com.br\/paladar\/so-queijo\/quem-sera-o-melhor-queijeiro-do-brasil\/\" target=\"_blank\" rel=\"noreferrer noopener\">un queso de leche cruda<\/a>, En Nova Erechim, SC, el 20 de enero. El segundo desaf\u00edo tambi\u00e9n comenz\u00f3 en el sur: cada equipo recibi\u00f3 dos quesos de leche cruda de la queser\u00eda artesanal de Pardinho para transformarlos mediante el arte de la curaci\u00f3n. El tercer desaf\u00edo se llevar\u00e1 a cabo en la comodidad de la queser\u00eda de cada candidato.<a href=\"https:\/\/mundialdoqueijodobrasil.com\/es\/candidatos-a-melhor-queijeiro-do-brasil-2024\/\" data-type=\"link\" data-id=\"https:\/\/mundialdoqueijodobrasil.com\/candidatos-a-melhor-queijeiro-do-brasil-2024\/\"><strong>Veamos qui\u00e9nes son.<\/strong><\/a>) y concluir\u00e1 el 13 de abril, donde se exhibir\u00e1 la obra final \u2013la \u00faltima etapa ser\u00e1 frente al p\u00fablico-.<\/p>\n\n\n\n<figure class=\"wp-block-image aligncenter size-full\"><img fetchpriority=\"high\" decoding=\"async\" width=\"800\" height=\"607\" src=\"https:\/\/mundialdoqueijodobrasil.com\/wp-content\/uploads\/2024\/02\/jurados.webp\" alt=\"\" class=\"wp-image-8139\" srcset=\"https:\/\/mundialdoqueijodobrasil.com\/wp-content\/uploads\/2024\/02\/jurados.webp 800w, https:\/\/mundialdoqueijodobrasil.com\/wp-content\/uploads\/2024\/02\/jurados-500x379.webp 500w, https:\/\/mundialdoqueijodobrasil.com\/wp-content\/uploads\/2024\/02\/jurados-700x531.webp 700w, https:\/\/mundialdoqueijodobrasil.com\/wp-content\/uploads\/2024\/02\/jurados-300x228.webp 300w, https:\/\/mundialdoqueijodobrasil.com\/wp-content\/uploads\/2024\/02\/jurados-768x583.webp 768w\" sizes=\"(max-width: 800px) 100vw, 800px\" \/><figcaption class=\"wp-element-caption\">De izquierda a derecha: el presidente del concurso Antonio Fernandes (UFV y Sert\u00e3oBras) y los jueces Patr\u00edcia Schons (IFSC), Andressa Bianchi (Casa Bianchi), Elisandra Rigo (UDESC) y Juan Balestrino (Global Foods) Foto: Andressa Fusieger\/SerT\u00e3oBras<\/figcaption><\/figure>\n\n\n\n<p>\u201cEn esta nueva etapa, cada participante debe presentar tres propuestas distintas, todas elaboradas con el mismo tipo de queso\u201d, explica Antonio Fernandes, uno de los presidentes del concurso. \u201cLos tres quesos deben presentarse el 13 de abril en una tabla de 33 x 23 cm. Deben reflejar los vibrantes colores de Brasil, y el uso de colorantes sint\u00e9ticos est\u00e1 estrictamente prohibido. Es obligatorio utilizar al menos una fruta o verdura en la composici\u00f3n de los quesos. Los quesos deben tener corteza, que puede ser natural, enmohecida, dorada, lavada, entre otras, y deben ser elaborados exclusivamente para este concurso; no se permite presentar productos ya elaborados\u201d.<\/p>\n\n\n\n<blockquote class=\"wp-block-quote is-layout-flow wp-block-quote-is-layout-flow\">\n<p class=\"has-large-font-size\"><em>\u00a1El queso tiene que ser delicioso!<\/em><\/p>\n<\/blockquote>\n\n\n\n<figure class=\"wp-block-image aligncenter size-large\"><img decoding=\"async\" width=\"1024\" height=\"683\" src=\"https:\/\/mundialdoqueijodobrasil.com\/wp-content\/uploads\/2024\/02\/queijeiro-1024x683.webp\" alt=\"\" class=\"wp-image-8137\" srcset=\"https:\/\/mundialdoqueijodobrasil.com\/wp-content\/uploads\/2024\/02\/queijeiro-1024x683.webp 1024w, https:\/\/mundialdoqueijodobrasil.com\/wp-content\/uploads\/2024\/02\/queijeiro-500x334.webp 500w, https:\/\/mundialdoqueijodobrasil.com\/wp-content\/uploads\/2024\/02\/queijeiro-700x467.webp 700w, https:\/\/mundialdoqueijodobrasil.com\/wp-content\/uploads\/2024\/02\/queijeiro-300x200.webp 300w, https:\/\/mundialdoqueijodobrasil.com\/wp-content\/uploads\/2024\/02\/queijeiro-768x512.webp 768w, https:\/\/mundialdoqueijodobrasil.com\/wp-content\/uploads\/2024\/02\/queijeiro.webp 1400w\" sizes=\"(max-width: 1024px) 100vw, 1024px\" \/><figcaption class=\"wp-element-caption\">Primera etapa del Concurso Mejor Quesero, celebrada en Nova Erechim. FOTO: Andressa Fusieger\/SerT\u00e3oBras<\/figcaption><\/figure>\n\n\n\n<p>El presidente franc\u00e9s del concurso, Arnaud Sperat Czar, destaca: \u201cEn esta fase, se evaluar\u00e1 la capacidad del quesero para producir queso siguiendo est\u00e1ndares espec\u00edficos, en el acogedor ambiente de la queser\u00eda. Cada participante podr\u00e1 producir tantos quesos como desee para alcanzar el objetivo final. Estos quesos no estar\u00e1n identificados con la etiqueta de case\u00edna SerT\u00e3oBras, pero todos se degustar\u00e1n en la final del concurso en S\u00e3o Paulo\u201d.<\/p>\n\n\n\n<p>La premisa fundamental es que el queso debe tener caracter\u00edsticas sensoriales que agraden al paladar del consumidor; en otras palabras, \u00a1debe ser delicioso! Por ello, este a\u00f1o, el comit\u00e9 organizador opt\u00f3 por la producci\u00f3n de quesos pensados para ocasiones especiales, priorizando un car\u00e1cter festivo que evoca un verdadero festival de sabores.<\/p>\n\n\n\n<p>Deseamos a todos los participantes un excelente trabajo, lleno de inspiraci\u00f3n, paciencia y aplicaci\u00f3n de los conocimientos que ya poseen. \u00a1Mucha suerte!<\/p>","protected":false},"excerpt":{"rendered":"<p>O concurso de Melhor Queijeiro do Brasil possui 3 desafios, divididos em 4 etapas. A primeira foi o desafio de fabricar um queijo de leite cru, em Nova Erechim-SC, no [&hellip;]<\/p>\n","protected":false},"author":772,"featured_media":7445,"comment_status":"closed","ping_status":"closed","sticky":false,"template":"","format":"standard","meta":{"_price":"","_stock":"","_tribe_ticket_header":"","_tribe_default_ticket_provider":"","_tribe_ticket_capacity":"0","_ticket_start_date":"","_ticket_end_date":"","_tribe_ticket_show_description":"","_tribe_ticket_show_not_going":false,"_tribe_ticket_use_global_stock":"","_tribe_ticket_global_stock_level":"","_global_stock_mode":"","_global_stock_cap":"","_tribe_rsvp_for_event":"","_tribe_ticket_going_count":"","_tribe_ticket_not_going_count":"","_tribe_tickets_list":"[]","_tribe_ticket_has_attendee_info_fields":false,"footnotes":""},"categories":[112,16],"tags":[],"class_list":["post-8129","post","type-post","status-publish","format-standard","has-post-thumbnail","hentry","category-concursos","category-programa"],"_links":{"self":[{"href":"https:\/\/mundialdoqueijodobrasil.com\/es\/wp-json\/wp\/v2\/posts\/8129","targetHints":{"allow":["GET"]}}],"collection":[{"href":"https:\/\/mundialdoqueijodobrasil.com\/es\/wp-json\/wp\/v2\/posts"}],"about":[{"href":"https:\/\/mundialdoqueijodobrasil.com\/es\/wp-json\/wp\/v2\/types\/post"}],"author":[{"embeddable":true,"href":"https:\/\/mundialdoqueijodobrasil.com\/es\/wp-json\/wp\/v2\/users\/772"}],"replies":[{"embeddable":true,"href":"https:\/\/mundialdoqueijodobrasil.com\/es\/wp-json\/wp\/v2\/comments?post=8129"}],"version-history":[{"count":0,"href":"https:\/\/mundialdoqueijodobrasil.com\/es\/wp-json\/wp\/v2\/posts\/8129\/revisions"}],"wp:featuredmedia":[{"embeddable":true,"href":"https:\/\/mundialdoqueijodobrasil.com\/es\/wp-json\/wp\/v2\/media\/7445"}],"wp:attachment":[{"href":"https:\/\/mundialdoqueijodobrasil.com\/es\/wp-json\/wp\/v2\/media?parent=8129"}],"wp:term":[{"taxonomy":"category","embeddable":true,"href":"https:\/\/mundialdoqueijodobrasil.com\/es\/wp-json\/wp\/v2\/categories?post=8129"},{"taxonomy":"post_tag","embeddable":true,"href":"https:\/\/mundialdoqueijodobrasil.com\/es\/wp-json\/wp\/v2\/tags?post=8129"}],"curies":[{"name":"wp","href":"https:\/\/api.w.org\/{rel}","templated":true}]}}