{"id":8342,"date":"2024-02-28T16:15:01","date_gmt":"2024-02-28T19:15:01","guid":{"rendered":"https:\/\/mundialdoqueijodobrasil.com\/?p=8342"},"modified":"2024-02-28T16:22:16","modified_gmt":"2024-02-28T19:22:16","slug":"teatro-b32-abre-as-portas-novamente-para-o-3-mundial-do-queijo-do-brasil","status":"publish","type":"post","link":"https:\/\/mundialdoqueijodobrasil.com\/es\/teatro-b32-abre-as-portas-novamente-para-o-3-mundial-do-queijo-do-brasil\/","title":{"rendered":"El Teatro B32 abre nuevamente sus puertas para el 3\u00ba Campeonato Mundial de Quesos de Brasil."},"content":{"rendered":"<p style=\"font-style:italic;font-weight:100\"><em>\u00bfSabes d\u00f3nde se realizar\u00e1 el Campeonato Mundial de Quesos en Brasil?<\/em><\/p>\n\n\n\n<p>Repitiendo la alianza del \u00faltimo Campeonato Mundial de Quesos, el recinto que albergar\u00e1 el Tercer Campeonato Mundial de Quesos de Brasil es... <a href=\"https:\/\/teatrob32.com.br\/\">Teatro B32<\/a>.<\/p>\n\n\n\n<p>El teatro destaca por el uso de tecnolog\u00edas de vanguardia y soluciones de vanguardia que garantizan una alta calidad ac\u00fastica y espacial. Es el primer teatro con iluminaci\u00f3n esc\u00e9nica LED 100%.<\/p>\n\n\n\n<p>Una de las principales caracter\u00edsticas diferenciadoras de B32 es su capacidad de ofrecer espacios p\u00fablicos de alta calidad, haci\u00e9ndolo m\u00e1s acogedor para las personas y mejorando as\u00ed la vida urbana.<\/p>\n\n\n\n<p>La plaza cuenta con mesas y sillas y cuenta con un mosaico instalado en el suelo del que brotan chorros de agua que forman una fuente luminosa. Y a partir del 11 de abril, esta plaza acoger\u00e1... <a href=\"http:\/\/feira-de-queijos-do-mundial-fomenta-a-compra-de-produtos-diretamente-do-terroir\">Feria de quesos y productos artesanales<\/a>, donde m\u00e1s de 100 productores de todo Brasil vender\u00e1n sus productos directamente de la finca.<\/p>\n\n\n\n<figure class=\"wp-block-image aligncenter size-large is-resized\"><img fetchpriority=\"high\" decoding=\"async\" width=\"1024\" height=\"1024\" src=\"https:\/\/mundialdoqueijodobrasil.com\/wp-content\/uploads\/2024\/02\/IMG_20240226_184209_366-1024x1024.webp\" alt=\"\" class=\"wp-image-8345\" style=\"width:518px;height:auto\" srcset=\"https:\/\/mundialdoqueijodobrasil.com\/wp-content\/uploads\/2024\/02\/IMG_20240226_184209_366-1024x1024.webp 1024w, https:\/\/mundialdoqueijodobrasil.com\/wp-content\/uploads\/2024\/02\/IMG_20240226_184209_366-500x500.webp 500w, https:\/\/mundialdoqueijodobrasil.com\/wp-content\/uploads\/2024\/02\/IMG_20240226_184209_366-100x100.webp 100w, https:\/\/mundialdoqueijodobrasil.com\/wp-content\/uploads\/2024\/02\/IMG_20240226_184209_366-700x700.webp 700w, https:\/\/mundialdoqueijodobrasil.com\/wp-content\/uploads\/2024\/02\/IMG_20240226_184209_366-300x300.webp 300w, https:\/\/mundialdoqueijodobrasil.com\/wp-content\/uploads\/2024\/02\/IMG_20240226_184209_366-150x150.webp 150w, https:\/\/mundialdoqueijodobrasil.com\/wp-content\/uploads\/2024\/02\/IMG_20240226_184209_366-768x768.webp 768w, https:\/\/mundialdoqueijodobrasil.com\/wp-content\/uploads\/2024\/02\/IMG_20240226_184209_366.webp 1080w\" sizes=\"(max-width: 1024px) 100vw, 1024px\" \/><\/figure>\n\n\n\n<p>Adem\u00e1s de contar con la famosa escultura de la ballena frente al teatro, la cual tiene 6 metros de alto y 20 metros de largo.<\/p>\n\n\n\n<figure class=\"wp-block-image aligncenter size-large is-resized\"><img decoding=\"async\" width=\"1024\" height=\"683\" src=\"https:\/\/mundialdoqueijodobrasil.com\/wp-content\/uploads\/2024\/02\/galeria_institucional14-1-1024x683.webp\" alt=\"\" class=\"wp-image-8346\" style=\"width:501px;height:auto\" srcset=\"https:\/\/mundialdoqueijodobrasil.com\/wp-content\/uploads\/2024\/02\/galeria_institucional14-1-1024x683.webp 1024w, https:\/\/mundialdoqueijodobrasil.com\/wp-content\/uploads\/2024\/02\/galeria_institucional14-1-500x333.webp 500w, https:\/\/mundialdoqueijodobrasil.com\/wp-content\/uploads\/2024\/02\/galeria_institucional14-1-700x467.webp 700w, https:\/\/mundialdoqueijodobrasil.com\/wp-content\/uploads\/2024\/02\/galeria_institucional14-1-300x200.webp 300w, https:\/\/mundialdoqueijodobrasil.com\/wp-content\/uploads\/2024\/02\/galeria_institucional14-1-768x512.webp 768w, https:\/\/mundialdoqueijodobrasil.com\/wp-content\/uploads\/2024\/02\/galeria_institucional14-1-1536x1024.webp 1536w, https:\/\/mundialdoqueijodobrasil.com\/wp-content\/uploads\/2024\/02\/galeria_institucional14-1.webp 2048w\" sizes=\"(max-width: 1024px) 100vw, 1024px\" \/><\/figure>\n\n\n\n<p>El Teatro B32 est\u00e1 ubicado en la Av. Brg. Faria Lima 3732 \u2013 Itaim Bibi, S\u00e3o Paulo \u2013 SP y ser\u00e1 sede del Tercer Campeonato Mundial de Quesos de Brasil, entre el 11 y el 14 de abril.<\/p>","protected":false},"excerpt":{"rendered":"<p>VOC\u00ca SABE ONDE SER\u00c1 REALIZADO O MUNDIAL DO QUEIJO DO BRASIL??? Repetindo a parceria do \u00faltimo Mundial, o espa\u00e7o que sediar\u00e1 o Terceiro Mundial do Queijo do Brasil \u00e9 o [&hellip;]<\/p>\n","protected":false},"author":772,"featured_media":8347,"comment_status":"closed","ping_status":"closed","sticky":false,"template":"","format":"standard","meta":{"_price":"","_stock":"","_tribe_ticket_header":"","_tribe_default_ticket_provider":"","_tribe_ticket_capacity":"0","_ticket_start_date":"","_ticket_end_date":"","_tribe_ticket_show_description":"","_tribe_ticket_show_not_going":false,"_tribe_ticket_use_global_stock":"","_tribe_ticket_global_stock_level":"","_global_stock_mode":"","_global_stock_cap":"","_tribe_rsvp_for_event":"","_tribe_ticket_going_count":"","_tribe_ticket_not_going_count":"","_tribe_tickets_list":"[]","_tribe_ticket_has_attendee_info_fields":false,"footnotes":""},"categories":[150,182,1,16],"tags":[],"class_list":["post-8342","post","type-post","status-publish","format-standard","has-post-thumbnail","hentry","category-historia-fr","category-midia","category-nao-categorizado","category-programa"],"_links":{"self":[{"href":"https:\/\/mundialdoqueijodobrasil.com\/es\/wp-json\/wp\/v2\/posts\/8342","targetHints":{"allow":["GET"]}}],"collection":[{"href":"https:\/\/mundialdoqueijodobrasil.com\/es\/wp-json\/wp\/v2\/posts"}],"about":[{"href":"https:\/\/mundialdoqueijodobrasil.com\/es\/wp-json\/wp\/v2\/types\/post"}],"author":[{"embeddable":true,"href":"https:\/\/mundialdoqueijodobrasil.com\/es\/wp-json\/wp\/v2\/users\/772"}],"replies":[{"embeddable":true,"href":"https:\/\/mundialdoqueijodobrasil.com\/es\/wp-json\/wp\/v2\/comments?post=8342"}],"version-history":[{"count":0,"href":"https:\/\/mundialdoqueijodobrasil.com\/es\/wp-json\/wp\/v2\/posts\/8342\/revisions"}],"wp:featuredmedia":[{"embeddable":true,"href":"https:\/\/mundialdoqueijodobrasil.com\/es\/wp-json\/wp\/v2\/media\/8347"}],"wp:attachment":[{"href":"https:\/\/mundialdoqueijodobrasil.com\/es\/wp-json\/wp\/v2\/media?parent=8342"}],"wp:term":[{"taxonomy":"category","embeddable":true,"href":"https:\/\/mundialdoqueijodobrasil.com\/es\/wp-json\/wp\/v2\/categories?post=8342"},{"taxonomy":"post_tag","embeddable":true,"href":"https:\/\/mundialdoqueijodobrasil.com\/es\/wp-json\/wp\/v2\/tags?post=8342"}],"curies":[{"name":"wp","href":"https:\/\/api.w.org\/{rel}","templated":true}]}}