{"id":8353,"date":"2024-02-28T18:08:58","date_gmt":"2024-02-28T21:08:58","guid":{"rendered":"https:\/\/mundialdoqueijodobrasil.com\/?p=8353"},"modified":"2025-11-11T12:56:34","modified_gmt":"2025-11-11T15:56:34","slug":"quer-expor-sua-marca-no-mundial","status":"publish","type":"post","link":"https:\/\/mundialdoqueijodobrasil.com\/es\/quer-expor-sua-marca-no-mundial\/","title":{"rendered":"Ven a conocer a los expositores del Mundial."},"content":{"rendered":"<div data-elementor-type=\"wp-post\" data-elementor-id=\"8353\" class=\"elementor elementor-8353\" data-elementor-post-type=\"post\">\n\t\t\t\t<div class=\"elementor-element elementor-element-337edccf e-flex e-con-boxed e-con e-parent\" data-id=\"337edccf\" data-element_type=\"container\" data-e-type=\"container\">\n\t\t\t\t\t<div class=\"e-con-inner\">\n\t\t\t\t<div class=\"elementor-element elementor-element-4c9109c5 elementor-widget elementor-widget-text-editor\" data-id=\"4c9109c5\" data-element_type=\"widget\" data-e-type=\"widget\" data-widget_type=\"text-editor.default\">\n\t\t\t\t<div class=\"elementor-widget-container\">\n\t\t\t\t\t\t\t\t\t<p><\/p>\n<p style=\"font-size: 18px; font-style: italic; font-weight: 200;\">El Sal\u00f3n Profesional est\u00e1 dirigido al sector profesional quesero.<\/p>\n<p><\/p>\n<p>Nodo<em> sala <\/em>noble del Teatro B32 y en <em>vest\u00edbulo<\/em> Desde la primera planta encontraremos a los expositores de <strong>Sal\u00f3n profesional<\/strong>, cuyo objetivo ser\u00e1 presentar al p\u00fablico soluciones sencillas y sofisticadas para su vida diaria, as\u00ed como las tendencias del mercado en equipos e insumos.<br \/><strong>El Sal\u00f3n Profesional tendr\u00e1 lugar los d\u00edas 16 de abril, de 16 a 20 horas, y los d\u00edas 17 y 18 de abril, de 9 a 20 horas.\u00a0<\/strong><\/p>\n<p><strong>\u00bfQuieres ver el dossier de prensa del Sal\u00f3n Profesional 2026? Patricia Yui, nuestra productora, te lo presenta: (11) 98537-1800<br \/>contato@mundialdoqueijodobrasil.com<br \/><br \/><\/strong><\/p>\n<p><\/p>\n<h2 class=\"wp-block-heading\">EXPOSITORES de 2024<\/h2>\n<p><\/p>\n<h2 class=\"wp-block-heading\"><strong>Representaciones en Am\u00e9rica<\/strong><strong>\u00a0<\/strong><\/h2>\n<p><\/p>\n<p><em>SOPORTE P_2<\/em><\/p>\n<p><\/p>\n<figure><img fetchpriority=\"high\" decoding=\"async\" src=\"https:\/\/mundialdoqueijodobrasil.com\/wp-content\/uploads\/2025\/10\/images.webp\" alt=\"\" width=\"225\" height=\"225\" \/><\/figure>\n<p><\/p>\n<p>Amerika Representa\u00e7\u00f5es es un socio franc\u00e9s importador de tecnolog\u00eda para las industrias agroalimentaria y alimentaria. En 2011, al cumplir 40 a\u00f1os, Florent Mailly quiso emprender su propio negocio. Gracias a su s\u00f3lida conexi\u00f3n con Brasil y a su dominio del portugu\u00e9s, tuvo la idea de ayudar a empresas francesas y brasile\u00f1as a hacer negocios conjuntamente. Desde entonces, ha actuado como puente comercial entre Francia y Brasil. La empresa est\u00e1 formada por ingenieros de procesos que acompa\u00f1an al cliente desde el inicio del proyecto hasta el servicio posventa.\u00a0<\/p>\n<p><\/p>\n<div class=\"is-vertical is-layout-flex wp-container-core-group-is-layout-fe9cc265 wp-block-group-is-layout-flex\">\n<p><\/p>\n<p>Contacto: +33 6 8776-2974<\/p>\n<p><\/p>\n<p>Sitio web: www.amerika-representacoes.com.br<\/p>\n<p><\/p>\n<\/div>\n<p><\/p>\n<h2 class=\"wp-block-heading\"><strong>Delantales<\/strong><\/h2>\n<p><\/p>\n<p><em>STAND P_18<\/em><\/p>\n<p><\/p>\n<figure><a href=\"https:\/\/www.instagram.com\/useaprons\/\"><img decoding=\"async\" style=\"width: 465px; height: auto;\" src=\"https:\/\/mundialdoqueijodobrasil.com\/wp-content\/uploads\/2024\/03\/InShot_20240327_153539307-1-1024x438.webp\" alt=\"\" \/><\/a><\/figure>\n<p><\/p>\n<p>Aprons se fund\u00f3 hace unos a\u00f1os con la intenci\u00f3n de proporcionar ropa para cocineros. Su prop\u00f3sito es ofrecer a sus clientes la ropa m\u00e1s moderna, c\u00f3moda y duradera para que puedan dar rienda suelta a su creatividad en la cocina con total libertad. Aprons busca incansablemente la innovaci\u00f3n y la calidad en cada prenda, con una red de costureras altamente experimentadas en su producci\u00f3n.<\/p>\n<p><\/p>\n<div class=\"is-vertical is-layout-flex wp-container-core-group-is-layout-fe9cc265 wp-block-group-is-layout-flex\">\n<p><\/p>\n<p>Contacto: (41) 9 8745-4031<\/p>\n<p><\/p>\n<p>Sitio web: aprons.com.br<\/p>\n<p><\/p>\n<p>Instagram: @useaprons<\/p>\n<p><\/p>\n<\/div>\n<p><\/p>\n<h2 class=\"wp-block-heading\"><strong>Cultivos Bioprox<\/strong><\/h2>\n<p><\/p>\n<p><em>SOPORTE P_1<\/em><\/p>\n<p><\/p>\n<figure><img decoding=\"async\" style=\"width: 487px; height: auto;\" src=\"https:\/\/mundialdoqueijodobrasil.com\/wp-content\/uploads\/2024\/01\/Bioprox_Logo_Cultures_Bleu-bleu-1024x498.webp\" alt=\"\" \/><\/figure>\n<p><\/p>\n<p>Bioprox Cultures es una empresa francesa especializada en la producci\u00f3n y comercializaci\u00f3n de fermentos l\u00e1cticos liofilizados, que contribuye a un sector agroalimentario m\u00e1s transparente, sostenible y de alta calidad. Las propiedades acidificantes, postacidificantes, texturizantes o bioprotectoras de los fermentos l\u00e1cticos permiten obtener una amplia gama de productos de calidad.<\/p>\n<p><\/p>\n<p>Estos fermentos est\u00e1n destinados a productos l\u00e1cteos: yogures, leches fermentadas, quesos, mantequillas, etc.\u00a0<\/p>\n<p><\/p>\n<p>Sitio web: bioprox.com<\/p>\n<p><\/p>\n<h2 class=\"wp-block-heading\"><strong>Dise\u00f1o de mostrador<\/strong><strong>\u00a0<\/strong><\/h2>\n<p><\/p>\n<p><em>SOPORTE P_4<\/em><\/p>\n<p><\/p>\n<figure><a href=\"https:\/\/www.instagram.com\/con_tra_design?igsh=MXR3aTV2NGNmN2ppMQ==\"><img decoding=\"async\" style=\"width: 247px; height: auto;\" src=\"https:\/\/mundialdoqueijodobrasil.com\/wp-content\/uploads\/2024\/03\/IMG-20240327-WA0294-1-1024x1024.webp\" alt=\"\" \/><\/a><\/figure>\n<p><\/p>\n<p>Contra Design est\u00e1 formado por dos arquitectos y dise\u00f1adores que unieron fuerzas en 2019 para dedicarse a lo que les apasiona: crear. Trabajan en diversas \u00e1reas, principalmente en el dise\u00f1o de piezas de dise\u00f1o, proyectos de iluminaci\u00f3n y dise\u00f1o gr\u00e1fico.<\/p>\n<p><\/p>\n<div class=\"is-vertical is-layout-flex wp-container-core-group-is-layout-fe9cc265 wp-block-group-is-layout-flex\">\n<p><\/p>\n<p>Contacto: (11) 9 4147-6832 | (63) 9 265-5350<\/p>\n<p><\/p>\n<p>Instagram: @con_tra_design<\/p>\n<p><\/p>\n<\/div>\n<p><\/p>\n<h2 class=\"wp-block-heading\"><strong>Comida global<\/strong><\/h2>\n<p><\/p>\n<p><em>SOPORTE P_3<\/em><\/p>\n<p><\/p>\n<figure><a href=\"https:\/\/www.instagram.com\/globalfood.br\/\"><img decoding=\"async\" style=\"width: 315px; height: auto;\" src=\"https:\/\/mundialdoqueijodobrasil.com\/wp-content\/uploads\/2024\/03\/images-30.webp\" alt=\"\" \/><\/a><\/figure>\n<p><\/p>\n<p>La pasi\u00f3n de la empresa por la gastronom\u00eda cuenta con una tradici\u00f3n de casi dos siglos. Fundada en Alemania, cuenta actualmente con decenas de socios internacionales. La empresa se dedica sistem\u00e1ticamente a la formaci\u00f3n de mercado, organizando cursos a trav\u00e9s de la Academia Pr\u00e1ctica Globalfood, que desarrolla decenas de cursos y seminarios anuales, principalmente en las \u00e1reas de leche, trigo y carne, acercando a ponentes y profesores a clientes, a menudo extranjeros.\u00a0<\/p>\n<p><\/p>\n<div class=\"is-vertical is-layout-flex wp-container-core-group-is-layout-fe9cc265 wp-block-group-is-layout-flex\">\n<p><\/p>\n<p>Contacto: (11) 9 5564-1100<\/p>\n<p><\/p>\n<p>Sitio web: globalfood.com.br<\/p>\n<p><\/p>\n<p>Instagram: @globalfood<\/p>\n<p><\/p>\n<\/div>\n<p><\/p>\n<h2 class=\"wp-block-heading\"><strong>Ghee Me More<\/strong><\/h2>\n<p><\/p>\n<p><em>STAND P_8 y P_9<\/em><\/p>\n<p><\/p>\n<figure><a href=\"https:\/\/www.instagram.com\/gheememore?igsh=MW1iY3V0bXMzbDgwbw==\"><img decoding=\"async\" style=\"width: 482px; height: auto;\" src=\"https:\/\/mundialdoqueijodobrasil.com\/wp-content\/uploads\/2024\/03\/InShot_20240327_153657964-1-1024x516.webp\" alt=\"\" \/><\/a><\/figure>\n<p><\/p>\n<p>Ghee Me More es una empresa familiar que mantiene la tradici\u00f3n minera del queso, el dulce de leche y la mantequilla, tradici\u00f3n que celebr\u00f3 su centenario en 2023. La calidad se refleja en la leche producida por peque\u00f1as familias rurales en un radio de 30 km de la f\u00e1brica, ubicada en la Hacienda Grama, en el municipio de Senador Firmino, a 200 km de la capital de Minas Gerais. Al tener acceso a materias primas de alta calidad, decidieron centrar sus esfuerzos en registrar el Ghee, originario de la India y reconocido por el Codex Internacional de Alimentos, en Brasil. Como tal, fueron los primeros productores de Ghee en recibir el sello SIF (Servicio Federal de Inspecci\u00f3n), lo que les permite llevar el producto a todos los brasile\u00f1os.<\/p>\n<p><\/p>\n<div class=\"is-layout-constrained wp-block-group-is-layout-constrained\">\n<p><\/p>\n<div class=\"is-vertical is-layout-flex wp-container-core-group-is-layout-fe9cc265 wp-block-group-is-layout-flex\">\n<p><\/p>\n<p>Contacto: (32) 9 9842-6926\u00a0<\/p>\n<p><\/p>\n<p>Sitio web: gheememore.com.br<\/p>\n<p><\/p>\n<p>Instagram: @gheememore<\/p>\n<p><\/p>\n<\/div>\n<p><\/p>\n<\/div>\n<p><\/p>\n<h2 class=\"wp-block-heading\"><strong>Pl\u00e1sticos Injesul<\/strong><strong>\u00a0<\/strong><\/h2>\n<p><\/p>\n<p><em>STAND P_8 y P_9<\/em><\/p>\n<p><\/p>\n<figure><img decoding=\"async\" style=\"width: 377px; height: auto;\" src=\"https:\/\/mundialdoqueijodobrasil.com\/wp-content\/uploads\/2024\/03\/images-4.webp\" alt=\"\" \/><\/figure>\n<p><\/p>\n<p>En el sur de Minas Gerais, Injesul, fundada en 1983, fabrica y comercializa todo lo necesario para la producci\u00f3n de queso: tanques de enfriamiento de leche, tanques de procesamiento, moldes para queso, prensas, desueradores y tapas, contenedores, equipos de acero inoxidable, cajas y queseras, pallets de pl\u00e1stico y accesorios para l\u00e1cteos. En 2022, los hijos Rodrigo Noronha Cruz y Ricardo Noronha Cruz, la segunda generaci\u00f3n, asumieron la direcci\u00f3n de la empresa, consolidando la continuidad de la visi\u00f3n empresarial de la familia.<\/p>\n<p><\/p>\n<div class=\"is-vertical is-layout-flex wp-container-core-group-is-layout-fe9cc265 wp-block-group-is-layout-flex\">\n<p><\/p>\n<p>Contacto: (35) 9 9736-6608<\/p>\n<p><\/p>\n<p>Sitio web: www.injesul.com.br<\/p>\n<p><\/p>\n<p>Instagram: @injesul_plasticos<\/p>\n<p><\/p>\n<\/div>\n<p><\/p>\n<h2 class=\"wp-block-heading\"><strong>Presidente\u00a0<\/strong><\/h2>\n<p><\/p>\n<p><em>STAND P_15<\/em><\/p>\n<p><\/p>\n<figure><img decoding=\"async\" style=\"width: 392px; height: auto;\" src=\"https:\/\/mundialdoqueijodobrasil.com\/wp-content\/uploads\/2024\/03\/logo_president_dourado-simulado-1_page-0001-edited-1024x640.webp\" alt=\"\" \/><\/figure>\n<p><\/p>\n<p>La historia de President comienza en Laval, Francia, en 1933, cuando su fundador, Andr\u00e9 Besnier, inici\u00f3 una peque\u00f1a producci\u00f3n de 17 quesos Camembert a partir de 35 litros de leche. De origen familiar, una tradici\u00f3n que persiste hasta la fecha, Lactalis ha alcanzado reconocimiento mundial gracias a una pol\u00edtica de valorar a los proveedores de leche y respetar a los consumidores. En Brasil, donde lleva seis a\u00f1os presente, es l\u00edder en la recolecci\u00f3n de leche, considerando el n\u00famero de productores que la asisten directamente. Mantiene 21 plantas de fabricaci\u00f3n distribuidas en 8 estados.<\/p>\n<p><\/p>\n<div class=\"is-vertical is-layout-flex wp-container-core-group-is-layout-fe9cc265 wp-block-group-is-layout-flex\">\n<p><\/p>\n<p>Sitio web: queijospresident.com.br<\/p>\n<p><\/p>\n<p>Instagram: @queijospresident<\/p>\n<p><\/p>\n<\/div>\n<p><\/p>\n<h2 class=\"wp-block-heading\"><strong>Consultor\u00eda de revisi\u00f3n<\/strong>\u00a0<\/h2>\n<p><\/p>\n<p><em>SOPORTE P_7<\/em><\/p>\n<p><\/p>\n<figure><img decoding=\"async\" style=\"width: 252px; height: auto;\" src=\"https:\/\/mundialdoqueijodobrasil.com\/wp-content\/uploads\/2024\/03\/IMG-20240327-WA0315.webp\" alt=\"\" \/><\/figure>\n<p><\/p>\n<p>Es una firma de asesor\u00eda y consultor\u00eda fiscal con sede en R\u00edo de Janeiro y presencia nacional. Su misi\u00f3n es ayudar a reducir la carga tributaria de las empresas mediante la planificaci\u00f3n fiscal y tributaria, generando recursos financieros para ellas.<\/p>\n<p><\/p>\n<p>El equipo est\u00e1 formado por especialistas en impuestos, abogados, consultores y analistas de negocios, y est\u00e1 en el mercado desde septiembre de 2019.<\/p>\n<p><\/p>\n<div class=\"is-vertical is-layout-flex wp-container-core-group-is-layout-fe9cc265 wp-block-group-is-layout-flex\">\n<p><\/p>\n<p>Contacto: (31) 9 6832-5218<\/p>\n<p><\/p>\n<p>Instagram: @reviewassessoria<\/p>\n<p><\/p>\n<\/div>\n<p><\/p>\n<h2 class=\"wp-block-heading\"><strong>Senador Faesp<\/strong><strong>\u00a0<\/strong><\/h2>\n<p><\/p>\n<p><em>Ala P_17<\/em><\/p>\n<p><\/p>\n<figure><a href=\"https:\/\/www.instagram.com\/faesp_senarsp?igsh=MTFkczZhdWVhamZseQ==\"><img decoding=\"async\" style=\"width: 411px; height: auto;\" src=\"https:\/\/mundialdoqueijodobrasil.com\/wp-content\/uploads\/2024\/03\/IMG-20240327-WA0314.webp\" alt=\"\" \/><\/a><\/figure>\n<p><\/p>\n<p>La d\u00e9cada de 1930 fue escenario de las primeras conversaciones y movimientos de ganaderos y productores rurales paulistas, en diversas partes del estado, con el objetivo de organizar un sistema representativo del sector, culminando en la concepci\u00f3n de la primera estructura asociativa rural paulista, la FARESP (Federaci\u00f3n de Asociaciones Rurales del Estado de S\u00e3o Paulo), precursora de la actual FAESP, en un momento peculiar para el sector, que ven\u00eda de atravesar la crisis mundial del caf\u00e9 que afect\u00f3 fuertemente la econom\u00eda nacional.<\/p>\n<p><\/p>\n<p>El Servicio Nacional de Aprendizaje Rural (SENAR) fue creado por la Ley n\u00ba 8.315, de 23 de diciembre de 1991, en los t\u00e9rminos del art\u00edculo 62 de la Ley de Disposiciones Constitucionales Transitorias, que dispone su creaci\u00f3n en el molde del Servicio Nacional de Aprendizaje Industrial (SENAI) y del Servicio Nacional de Aprendizaje Comercial (SENAC).<\/p>\n<p><\/p>\n<div class=\"is-vertical is-layout-flex wp-container-core-group-is-layout-fe9cc265 wp-block-group-is-layout-flex\">\n<p><\/p>\n<p>Contacto: (11) 3125-1333<\/p>\n<p><\/p>\n<p>Sitio web: faespsenar.com.br<\/p>\n<p><\/p>\n<p>Instagram: @faesp_senarsp<\/p>\n<p><\/p>\n<\/div>\n<p><\/p>\n<h2 class=\"wp-block-heading\"><strong>SerT\u00e3oBras<\/strong><strong>\u00a0<\/strong><\/h2>\n<p><\/p>\n<p><em>STAND P_19 y P_20<\/em><\/p>\n<p><\/p>\n<figure><a href=\"https:\/\/www.instagram.com\/sertaobras\/\"><img decoding=\"async\" src=\"https:\/\/mundialdoqueijodobrasil.com\/wp-content\/uploads\/2024\/03\/1656682447570.webp\" alt=\"\" \/><\/a><\/figure>\n<p><\/p>\n<p>SerT\u00e3oBras es una organizaci\u00f3n civil sin fines de lucro que re\u00fane a m\u00e1s de 250 miembros en 18 estados brasile\u00f1os, mantenida gracias a donaciones de personas f\u00edsicas y jur\u00eddicas. El sitio web funciona como un centro de reflexi\u00f3n, es decir, un centro de ideas para los problemas que afectan a los peque\u00f1os productores rurales brasile\u00f1os.\u00a0<\/p>\n<p><\/p>\n<p>Para SerT\u00e3oBras, la alimentaci\u00f3n es un bien p\u00fablico. Es necesario fortalecer el valor de la cadena agroalimentaria artesanal, como cultura.\u00a0<\/p>\n<p><\/p>\n<p>Y como el queso de leche cruda es uno de los productos m\u00e1s emblem\u00e1ticos de la cultura brasile\u00f1a, SerT\u00e3oBras trabaja por el avance social, profesional y legislativo de la industria quesera.\u00a0<\/p>\n<p><\/p>\n<div class=\"is-vertical is-layout-flex wp-container-core-group-is-layout-fe9cc265 wp-block-group-is-layout-flex\">\n<p><\/p>\n<p>Contacto: (31) 9 9713-0632<\/p>\n<p><\/p>\n<p>Sitio web: sertaobras.org.br<\/p>\n<p><\/p>\n<p>Instagram: @sertaobras<\/p>\n<p><\/p>\n<\/div>\n<p><\/p>\n<h2 class=\"wp-block-heading\"><strong>Servulus<\/strong><strong>\u00a0<\/strong><\/h2>\n<p><\/p>\n<p><em>STAND P_8 y P_9<\/em><\/p>\n<p><\/p>\n<figure><img decoding=\"async\" style=\"width: 312px; height: auto;\" src=\"https:\/\/mundialdoqueijodobrasil.com\/wp-content\/uploads\/2024\/02\/Servulo.webp\" alt=\"\" \/><\/figure>\n<p><\/p>\n<p>Las actividades de Latic\u00ednios Union se remontan a 1993. La empresa tiene su sede en una finca con d\u00e9cadas de tradici\u00f3n en la producci\u00f3n artesanal de quesos, en Senador Firmino, en la regi\u00f3n de la Zona da Mata de Minas Gerais.<\/p>\n<p><\/p>\n<p>El nombre de la empresa, que proviene de la uni\u00f3n de los idiomas franc\u00e9s e ingl\u00e9s, refleja la solidez de esta sociedad de hermanos y sobrinos. Originalmente, la empresa se llamaba Jos\u00e9 S\u00e9rvulo de Carvalho Ltda., nombre del socio fundador, lo que dio origen a la marca S\u00c9RVULO, presente en la mayor\u00eda de los productos l\u00e1cteos de la empresa.<\/p>\n<p><\/p>\n<p>La materia prima que abastece a la f\u00e1brica \u2013 leche fresca \u2013 es proporcionada por la Fazenda da Grama y por productores de los municipios de Senador Firmino, Dores do Turvo, Br\u00e1s Pires, Presidente Bernardes y Divin\u00e9sia.<\/p>\n<p><\/p>\n<div class=\"is-vertical is-layout-flex wp-container-core-group-is-layout-fe9cc265 wp-block-group-is-layout-flex\">\n<p><\/p>\n<p>Contacto: (32) 3536-1335<\/p>\n<p><\/p>\n<p>Sitio web: laticinioservulo.com.br<\/p>\n<p><\/p>\n<p>Instagram: @laticinioservulo<\/p>\n<p><\/p>\n<\/div>\n<p><\/p>\n<h2 class=\"wp-block-heading\"><strong>L\u00edneas a\u00e9reas suizas<\/strong><\/h2>\n<p><\/p>\n<p><em>Ala P_10<\/em><\/p>\n<p><\/p>\n<figure><a href=\"\/es\/www.swissair.com\/br\/pt\/\"><img decoding=\"async\" style=\"width: 529px; height: auto;\" src=\"https:\/\/mundialdoqueijodobrasil.com\/wp-content\/uploads\/2024\/03\/InShot_20240328_154935315-1024x318.webp\" alt=\"\" \/><\/a><\/figure>\n<p><\/p>\n<p>Swiss International Air Lines (SWISS) es una aerol\u00ednea suiza. Opera con m\u00e1s de 100 destinos en 50 pa\u00edses de todo el mundo desde Z\u00farich y Ginebra.<\/p>\n<p><\/p>\n<p>Como aerol\u00ednea nacional de Suiza, SWISS representa sus valores tradicionales y se compromete a ofrecer productos y servicios de la m\u00e1s alta calidad. SWISS forma parte del Grupo Lufthansa y es miembro de Star Alliance, la red de aerol\u00edneas m\u00e1s grande del mundo.<\/p>\n<p><\/p>\n<p>Contacto:\u00a0<\/p>\n<p><\/p>\n<div class=\"is-vertical is-layout-flex wp-container-core-group-is-layout-fe9cc265 wp-block-group-is-layout-flex\">\n<p><\/p>\n<p>Sitio web: www.swissair.com\/br\/pt\/<\/p>\n<p><\/p>\n<p>Instagram: @flyswiss\u00a0<\/p>\n<p><\/p>\n<\/div>\n<p><\/p>\n<hr \/>\n<p><\/p>\t\t\t\t\t\t\t\t<\/div>\n\t\t\t\t<\/div>\n\t\t\t\t\t<\/div>\n\t\t\t\t<\/div>\n\t\t\t\t<\/div>","protected":false},"excerpt":{"rendered":"<p>O Sal\u00e3o Profissional \u00e9 voltado para o setor profissional queijeiro. No hall nobre do Teatro B32 e no foyer do primeiro andar encontraremos os expositores do Sal\u00e3o Profissional, cujo objetivo [&hellip;]<\/p>\n","protected":false},"author":772,"featured_media":93848,"comment_status":"closed","ping_status":"closed","sticky":false,"template":"","format":"standard","meta":{"_price":"","_stock":"","_tribe_ticket_header":"","_tribe_default_ticket_provider":"","_tribe_ticket_capacity":"0","_ticket_start_date":"","_ticket_end_date":"","_tribe_ticket_show_description":"","_tribe_ticket_show_not_going":false,"_tribe_ticket_use_global_stock":"","_tribe_ticket_global_stock_level":"","_global_stock_mode":"","_global_stock_cap":"","_tribe_rsvp_for_event":"","_tribe_ticket_going_count":"","_tribe_ticket_not_going_count":"","_tribe_tickets_list":"[]","_tribe_ticket_has_attendee_info_fields":false,"footnotes":""},"categories":[18,16],"tags":[],"class_list":["post-8353","post","type-post","status-publish","format-standard","has-post-thumbnail","hentry","category-feiras","category-programa"],"_links":{"self":[{"href":"https:\/\/mundialdoqueijodobrasil.com\/es\/wp-json\/wp\/v2\/posts\/8353","targetHints":{"allow":["GET"]}}],"collection":[{"href":"https:\/\/mundialdoqueijodobrasil.com\/es\/wp-json\/wp\/v2\/posts"}],"about":[{"href":"https:\/\/mundialdoqueijodobrasil.com\/es\/wp-json\/wp\/v2\/types\/post"}],"author":[{"embeddable":true,"href":"https:\/\/mundialdoqueijodobrasil.com\/es\/wp-json\/wp\/v2\/users\/772"}],"replies":[{"embeddable":true,"href":"https:\/\/mundialdoqueijodobrasil.com\/es\/wp-json\/wp\/v2\/comments?post=8353"}],"version-history":[{"count":10,"href":"https:\/\/mundialdoqueijodobrasil.com\/es\/wp-json\/wp\/v2\/posts\/8353\/revisions"}],"predecessor-version":[{"id":93960,"href":"https:\/\/mundialdoqueijodobrasil.com\/es\/wp-json\/wp\/v2\/posts\/8353\/revisions\/93960"}],"wp:featuredmedia":[{"embeddable":true,"href":"https:\/\/mundialdoqueijodobrasil.com\/es\/wp-json\/wp\/v2\/media\/93848"}],"wp:attachment":[{"href":"https:\/\/mundialdoqueijodobrasil.com\/es\/wp-json\/wp\/v2\/media?parent=8353"}],"wp:term":[{"taxonomy":"category","embeddable":true,"href":"https:\/\/mundialdoqueijodobrasil.com\/es\/wp-json\/wp\/v2\/categories?post=8353"},{"taxonomy":"post_tag","embeddable":true,"href":"https:\/\/mundialdoqueijodobrasil.com\/es\/wp-json\/wp\/v2\/tags?post=8353"}],"curies":[{"name":"wp","href":"https:\/\/api.w.org\/{rel}","templated":true}]}}