{"id":94582,"date":"2026-02-08T15:05:49","date_gmt":"2026-02-08T18:05:49","guid":{"rendered":"https:\/\/mundialdoqueijodobrasil.com\/?p=94582"},"modified":"2026-04-14T01:08:38","modified_gmt":"2026-04-14T04:08:38","slug":"feira-de-queijos-e-alimentos-de-origem","status":"publish","type":"post","link":"https:\/\/mundialdoqueijodobrasil.com\/es\/feira-de-queijos-e-alimentos-de-origem\/","title":{"rendered":"Feria de quesos y alimentos de origen local"},"content":{"rendered":"<div data-elementor-type=\"wp-post\" data-elementor-id=\"94582\" class=\"elementor elementor-94582\" data-elementor-post-type=\"post\">\n\t\t\t\t<div class=\"elementor-element elementor-element-26c060f e-flex e-con-boxed e-con e-parent\" data-id=\"26c060f\" data-element_type=\"container\" data-e-type=\"container\">\n\t\t\t\t\t<div class=\"e-con-inner\">\n\t\t\t\t<div class=\"elementor-element elementor-element-0d6961d elementor-widget elementor-widget-text-editor\" data-id=\"0d6961d\" data-element_type=\"widget\" data-e-type=\"widget\" data-widget_type=\"text-editor.default\">\n\t\t\t\t<div class=\"elementor-widget-container\">\n\t\t\t\t\t\t\t\t\t<p>La feria se desarrolla en el exterior del Teatro B32, con acceso gratuito al p\u00fablico y programaci\u00f3n abierta.<\/p><p><!-- \/wp:paragraph --><!-- wp:paragraph --><\/p><p>A continuaci\u00f3n se muestran algunos de los stands que ya han sido confirmados.<\/p>\t\t\t\t\t\t\t\t<\/div>\n\t\t\t\t<\/div>\n\t\t\t\t\t<\/div>\n\t\t\t\t<\/div>\n\t\t<div class=\"elementor-element elementor-element-8f56c4d e-con-full e-flex e-con e-parent\" data-id=\"8f56c4d\" data-element_type=\"container\" data-e-type=\"container\">\n\t\t\t\t<div class=\"elementor-element elementor-element-8125a37 elementor-widget elementor-widget-text-editor\" data-id=\"8125a37\" data-element_type=\"widget\" data-e-type=\"widget\" data-widget_type=\"text-editor.default\">\n\t\t\t\t<div class=\"elementor-widget-container\">\n\t\t\t\t\t\t\t\t\t<h2><span data-sheets-root=\"1\"><img decoding=\"async\" class=\"wp-image-94998 alignright\" src=\"https:\/\/mundialdoqueijodobrasil.com\/wp-content\/uploads\/2026\/03\/1300.webp\" alt=\"\" width=\"210\" height=\"210\" srcset=\"https:\/\/mundialdoqueijodobrasil.com\/wp-content\/uploads\/2026\/03\/1300.webp 500w, https:\/\/mundialdoqueijodobrasil.com\/wp-content\/uploads\/2026\/03\/1300-300x300.webp 300w, https:\/\/mundialdoqueijodobrasil.com\/wp-content\/uploads\/2026\/03\/1300-150x150.webp 150w, https:\/\/mundialdoqueijodobrasil.com\/wp-content\/uploads\/2026\/03\/1300-12x12.webp 12w, https:\/\/mundialdoqueijodobrasil.com\/wp-content\/uploads\/2026\/03\/1300-100x100.webp 100w\" sizes=\"(max-width: 210px) 100vw, 210px\" \/>Finca 1300<\/span><\/h2>\n<p><!-- \/wp:heading --><!-- wp:paragraph --><\/p>\n<p>Cunha | SP\u00a0<\/p>\n<p><!-- \/wp:paragraph --><!-- wp:image {\"lightbox\":{\"enabled\":false},\"id\":8899,\"width\":\"245px\",\"height\":\"auto\",\"sizeSlug\":\"large\",\"linkDestination\":\"custom\",\"align\":\"center\"} --><\/p>\n<p><!-- \/wp:image --><!-- wp:paragraph --><\/p>\n<p><span data-sheets-root=\"1\">A una altitud de 1300 metros, enclavados entre las sierras de Serra do Mar, Serra da Bocaina y Serra da Mantiqueira, nuestros vi\u00f1edos y olivares producen vinos finos de alta calidad y aceite de oliva virgen extra, en un terru\u00f1o \u00fanico e innovador. <br \/><\/span><\/p>\n<p><!-- \/wp:paragraph --><!-- wp:paragraph --><\/p>\n<p>Instagram: <span data-sheets-root=\"1\">@1300Estate<\/span><\/p>\n<p>Tel\u00e9fono: 11 982763048<\/p>\t\t\t\t\t\t\t\t<\/div>\n\t\t\t\t<\/div>\n\t\t\t\t<div class=\"elementor-element elementor-element-9ba4772 elementor-widget elementor-widget-text-editor\" data-id=\"9ba4772\" data-element_type=\"widget\" data-e-type=\"widget\" data-widget_type=\"text-editor.default\">\n\t\t\t\t<div class=\"elementor-widget-container\">\n\t\t\t\t\t\t\t\t\t<h2><strong><img decoding=\"async\" class=\"wp-image-95040 alignright\" src=\"https:\/\/mundialdoqueijodobrasil.com\/wp-content\/uploads\/2026\/03\/ahtrio.webp\" alt=\"\" width=\"235\" height=\"78\" srcset=\"https:\/\/mundialdoqueijodobrasil.com\/wp-content\/uploads\/2026\/03\/ahtrio.webp 490w, https:\/\/mundialdoqueijodobrasil.com\/wp-content\/uploads\/2026\/03\/ahtrio-300x99.webp 300w, https:\/\/mundialdoqueijodobrasil.com\/wp-content\/uploads\/2026\/03\/ahtrio-18x6.webp 18w\" sizes=\"(max-width: 235px) 100vw, 235px\" \/>Ahtrio<\/strong><\/h2>\n<p><!-- \/wp:heading --><!-- wp:paragraph --><\/p>\n<p>Campo Lindo Paulista | SP<\/p>\n<p><!-- \/wp:paragraph --><!-- wp:image {\"lightbox\":{\"enabled\":false},\"id\":8899,\"width\":\"245px\",\"height\":\"auto\",\"sizeSlug\":\"large\",\"linkDestination\":\"custom\",\"align\":\"center\"} --><\/p>\n<p><!-- \/wp:image --><!-- wp:paragraph --><\/p>\n<p class=\"ds-markdown-paragraph\">Ahtrio es un<span style=\"font-family: -apple-system, BlinkMacSystemFont, 'Segoe UI', Roboto, 'Helvetica Neue', Arial, 'Noto Sans', sans-serif, 'Apple Color Emoji', 'Segoe UI Emoji', 'Segoe UI Symbol', 'Noto Color Emoji';\"> Una cervecer\u00eda con una cartera diversa que incluye estilos tanto cl\u00e1sicos como originales, como <\/span>American IPA, India Pale Ale, Munich Helles, Pilsen, Rauchbier, Weizenbier, Witbier, Session IPA y American Blonde Ale<span style=\"font-family: -apple-system, BlinkMacSystemFont, 'Segoe UI', Roboto, 'Helvetica Neue', Arial, 'Noto Sans', sans-serif, 'Apple Color Emoji', 'Segoe UI Emoji', 'Segoe UI Symbol', 'Noto Color Emoji';\">.\u00a0<\/span><\/p>\n<p><!-- \/wp:paragraph --><!-- wp:paragraph --><\/p>\n<p>Instagram: <a href=\"https:\/\/www.instagram.com\/cervejariaahtrio\">@cervejariaahtrio<\/a><\/p>\t\t\t\t\t\t\t\t<\/div>\n\t\t\t\t<\/div>\n\t\t\t\t<div class=\"elementor-element elementor-element-8337010 elementor-widget elementor-widget-text-editor\" data-id=\"8337010\" data-element_type=\"widget\" data-e-type=\"widget\" data-widget_type=\"text-editor.default\">\n\t\t\t\t<div class=\"elementor-widget-container\">\n\t\t\t\t\t\t\t\t\t<h2><strong><a href=\"https:\/\/www.instagram.com\/queijosalmeidaguimaraes\/\"><img decoding=\"async\" class=\"alignright\" style=\"width: 245px; height: auto;\" src=\"https:\/\/mundialdoqueijodobrasil.com\/wp-content\/uploads\/2024\/03\/ALMEIDA-PDF-2_page-0001-1-725x1024.webp\" alt=\"\" \/><\/a>Almeida Guimar\u00e3es<\/strong><\/h2>\n<p><!-- \/wp:heading --><!-- wp:paragraph --><\/p>\n<p>Itanhandu | MG\u00a0<\/p>\n<p><!-- \/wp:paragraph --><!-- wp:image {\"lightbox\":{\"enabled\":false},\"id\":8899,\"width\":\"245px\",\"height\":\"auto\",\"sizeSlug\":\"large\",\"linkDestination\":\"custom\",\"align\":\"center\"} --><\/p>\n<p><!-- \/wp:image --><!-- wp:paragraph --><\/p>\n<p>Los apellidos \u201cAlmeida\u201d y \u201cGuimar\u00e3es\u201d provienen de dos familias, ahora una sola, gracias al amor que uni\u00f3 a Luiz Guimar\u00e3es y Adriana Almeida. Desde 2014, los quesos se elaboran en el S\u00edtio Recanto Santa Maria, seg\u00fan la receta de sus antepasados. La leche de alta calidad realza el terroir de la Serra da Mantiqueira. La altitud de 1200 metros, la sencillez y la naturalidad \u2014ya que los quesos no contienen aditivos qu\u00edmicos\u2014 contribuyen a sus sabores. Gama de quesos: fresco tradicional, curado tradicional, con infusi\u00f3n de aceitunas, con pimienta, macchiato y queso de cabra, cacha\u00e7a, de capa negra, dorado, ahumado natural o con menta, romero, rosso, etc.<\/p>\n<p><!-- \/wp:paragraph --><!-- wp:paragraph --><\/p>\n<p>Instagram: <a href=\"https:\/\/www.instagram.com\/queijosalmeidaguimaraes\">@queijosalmeidaguimaraes<\/a><\/p>\t\t\t\t\t\t\t\t<\/div>\n\t\t\t\t<\/div>\n\t\t\t\t<div class=\"elementor-element elementor-element-affe016 elementor-widget elementor-widget-text-editor\" data-id=\"affe016\" data-element_type=\"widget\" data-e-type=\"widget\" data-widget_type=\"text-editor.default\">\n\t\t\t\t<div class=\"elementor-widget-container\">\n\t\t\t\t\t\t\t\t\t<h2><strong><a href=\"https:\/\/www.instagram.com\/bufala_almeida_prado\/\"><img decoding=\"async\" class=\"alignright\" style=\"width: 204px; height: 186px;\" src=\"https:\/\/mundialdoqueijodobrasil.com\/wp-content\/uploads\/2024\/02\/image-1.webp\" alt=\"\" \/><\/a>Almeida Prado, Lecher\u00eda<\/strong><\/h2>\n<p><!-- \/wp:heading --><!-- wp:paragraph --><\/p>\n<p><em>Bocaina | SP<\/em><\/p>\n<p><!-- \/wp:paragraph --><!-- wp:image {\"lightbox\":{\"enabled\":false},\"id\":8176,\"width\":\"318px\",\"height\":\"auto\",\"sizeSlug\":\"full\",\"linkDestination\":\"custom\",\"align\":\"center\"} --><\/p>\n<p><!-- \/wp:image --><!-- wp:paragraph --><\/p>\n<p>La historia de B\u00fafala Almeida Prado comenz\u00f3 en la d\u00e9cada de 1980, cuando Maria Cec\u00edlia Almeida Prado buscaba una alternativa m\u00e1s saludable para alimentar a sus cuatro hijos. En un viaje a la India, vio leche de b\u00fafala y decidi\u00f3 criarla. Hoy, la granja cuida un reba\u00f1o de 400 b\u00fafalas, que producen 13.000 litros de leche al mes, transformados en mozzarella, burrata y ricotta. Sus productos est\u00e1n presentes en m\u00e1s de 700 restaurantes de S\u00e3o Paulo, incluyendo Manioca (de la chef Helena Rizzo), Dalva e Dito (del chef Alex Atala) y Emp\u00f3rio Fasano, donde se elaboran a la vista de los clientes.<\/p>\n<p><!-- \/wp:paragraph --><!-- wp:paragraph --><\/p>\n<p>Contacto: (14) 9 8138-0080<\/p>\n<p><!-- \/wp:paragraph --><!-- wp:paragraph --><\/p>\n<p>Instagram: <a href=\"https:\/\/www.instagram.com\/bufala_almeida_prado\">@bufala_almeida_prado<\/a><\/p>\t\t\t\t\t\t\t\t<\/div>\n\t\t\t\t<\/div>\n\t\t\t\t<div class=\"elementor-element elementor-element-45ff05e elementor-widget elementor-widget-text-editor\" data-id=\"45ff05e\" data-element_type=\"widget\" data-e-type=\"widget\" data-widget_type=\"text-editor.default\">\n\t\t\t\t<div class=\"elementor-widget-container\">\n\t\t\t\t\t\t\t\t\t<h2><strong><span data-sheets-root=\"1\"><img decoding=\"async\" class=\"wp-image-94595 alignright\" src=\"https:\/\/mundialdoqueijodobrasil.com\/wp-content\/uploads\/2026\/02\/Amarus-Logo-Aldo-Pera-scaled.webp\" alt=\"\" width=\"199\" height=\"199\" srcset=\"https:\/\/mundialdoqueijodobrasil.com\/wp-content\/uploads\/2026\/02\/Amarus-Logo-Aldo-Pera-scaled.webp 2560w, https:\/\/mundialdoqueijodobrasil.com\/wp-content\/uploads\/2026\/02\/Amarus-Logo-Aldo-Pera-300x300.webp 300w, https:\/\/mundialdoqueijodobrasil.com\/wp-content\/uploads\/2026\/02\/Amarus-Logo-Aldo-Pera-1024x1024.webp 1024w, https:\/\/mundialdoqueijodobrasil.com\/wp-content\/uploads\/2026\/02\/Amarus-Logo-Aldo-Pera-150x150.webp 150w, https:\/\/mundialdoqueijodobrasil.com\/wp-content\/uploads\/2026\/02\/Amarus-Logo-Aldo-Pera-768x768.webp 768w, https:\/\/mundialdoqueijodobrasil.com\/wp-content\/uploads\/2026\/02\/Amarus-Logo-Aldo-Pera-1536x1536.webp 1536w, https:\/\/mundialdoqueijodobrasil.com\/wp-content\/uploads\/2026\/02\/Amarus-Logo-Aldo-Pera-2048x2048.webp 2048w, https:\/\/mundialdoqueijodobrasil.com\/wp-content\/uploads\/2026\/02\/Amarus-Logo-Aldo-Pera-12x12.webp 12w, https:\/\/mundialdoqueijodobrasil.com\/wp-content\/uploads\/2026\/02\/Amarus-Logo-Aldo-Pera-500x500.webp 500w, https:\/\/mundialdoqueijodobrasil.com\/wp-content\/uploads\/2026\/02\/Amarus-Logo-Aldo-Pera-700x700.webp 700w, https:\/\/mundialdoqueijodobrasil.com\/wp-content\/uploads\/2026\/02\/Amarus-Logo-Aldo-Pera-100x100.webp 100w\" sizes=\"(max-width: 199px) 100vw, 199px\" \/>Salumeria Amarus<\/span><br \/><\/strong><\/h2>\n<p><!-- \/wp:heading --><!-- wp:paragraph --><\/p>\n<p><em>Campinas | SP<\/em><\/p>\n<p><!-- \/wp:paragraph --><!-- wp:image {\"lightbox\":{\"enabled\":false},\"id\":8176,\"width\":\"318px\",\"height\":\"auto\",\"sizeSlug\":\"full\",\"linkDestination\":\"custom\",\"align\":\"center\"} --><\/p>\n<p><!-- \/wp:image --><!-- wp:paragraph --><\/p>\n<p><span data-sheets-root=\"1\">Amarus Salumaria se especializa en la producci\u00f3n de salamis, copas, guanciales y otros productos t\u00edpicos de la salumer\u00eda, siguiendo las recetas tradicionales italianas con un toque de cuidado y calidad.<\/span><\/p>\n<p><!-- \/wp:paragraph --><!-- wp:paragraph --><\/p>\n<p>Contacto: 19 99329-6795<\/p>\n<p><!-- \/wp:paragraph --><!-- wp:paragraph --><\/p>\n<p>Instagram: <a href=\"https:\/\/www.instagram.com\/amarus.salumeria\">@amarus.salumeria<\/a><\/p>\t\t\t\t\t\t\t\t<\/div>\n\t\t\t\t<\/div>\n\t\t\t\t<div class=\"elementor-element elementor-element-390b18b elementor-widget elementor-widget-text-editor\" data-id=\"390b18b\" data-element_type=\"widget\" data-e-type=\"widget\" data-widget_type=\"text-editor.default\">\n\t\t\t\t<div class=\"elementor-widget-container\">\n\t\t\t\t\t\t\t\t\t<h2><strong><a href=\"https:\/\/www.instagram.com\/fazendaatalaia\/\"><img loading=\"lazy\" decoding=\"async\" class=\"alignright\" src=\"https:\/\/mundialdoqueijodobrasil.com\/wp-content\/uploads\/2024\/02\/27dbb7cb-85dc-4b49-a69b-7ed4a2123da5-300x300.webp\" alt=\"\" width=\"208\" height=\"208\" \/><\/a>Granja Atalaia<\/strong><\/h2>\n<p><!-- \/wp:heading --><!-- wp:paragraph --><\/p>\n<p><em>Amparo | SP<\/em><\/p>\n<p><!-- \/wp:paragraph --><!-- wp:image {\"lightbox\":{\"enabled\":false},\"id\":8189,\"width\":\"307px\",\"height\":\"auto\",\"sizeSlug\":\"full\",\"linkDestination\":\"custom\",\"align\":\"center\"} --><!-- \/wp:image --><!-- wp:paragraph --><\/p>\n<p>Una hist\u00f3rica finca cafetalera del siglo XIX, a 130 km de S\u00e3o Paulo, se reinventa como queser\u00eda gracias al talento y la dedicaci\u00f3n de la pareja Rosana (en la foto) y Paulo Rezende. Actualmente, la queser\u00eda est\u00e1 coordinada por Meiri Cardoso. Todos trabajan para lograr el mejor procesamiento de la leche, valorando la historia del entorno y promoviendo la innovaci\u00f3n mediante la maduraci\u00f3n de creaciones originales en tulhas, casas de adobe donde se almacenaban los granos de caf\u00e9. Ubicada a 140 km de la ciudad de S\u00e3o Paulo, en el municipio de Amparo, la Fazenda Atalaia destaca como un ejemplo de la historia, la arquitectura y la cultura de la identidad paulista. La propiedad perteneci\u00f3 a Pedro Penteado, presidente del Banco Industrial de Amparo, y fue fundada en 1870.<\/p>\n<p>Contacto: (19) 99750-8129\u00a0<\/p>\n<p><!-- \/wp:paragraph --><!-- wp:paragraph --><\/p>\n<p>Sitio web: farmatalaiaamparo.com.br\u00a0<\/p>\n<p><!-- \/wp:paragraph --><!-- wp:paragraph --><\/p>\n<p>Instagram: <a href=\"https:\/\/www.instagram.com\/fazendaatalaia\">@fazendaatalaia<\/a><\/p>\t\t\t\t\t\t\t\t<\/div>\n\t\t\t\t<\/div>\n\t\t\t\t<div class=\"elementor-element elementor-element-5d46c3e elementor-widget elementor-widget-text-editor\" data-id=\"5d46c3e\" data-element_type=\"widget\" data-e-type=\"widget\" data-widget_type=\"text-editor.default\">\n\t\t\t\t<div class=\"elementor-widget-container\">\n\t\t\t\t\t\t\t\t\t<h2><strong><img loading=\"lazy\" decoding=\"async\" class=\"wp-image-95019 alignright\" src=\"https:\/\/mundialdoqueijodobrasil.com\/wp-content\/uploads\/2026\/03\/caprildobosque.webp\" alt=\"\" width=\"213\" height=\"146\" srcset=\"https:\/\/mundialdoqueijodobrasil.com\/wp-content\/uploads\/2026\/03\/caprildobosque.webp 479w, https:\/\/mundialdoqueijodobrasil.com\/wp-content\/uploads\/2026\/03\/caprildobosque-300x207.webp 300w, https:\/\/mundialdoqueijodobrasil.com\/wp-content\/uploads\/2026\/03\/caprildobosque-18x12.webp 18w\" sizes=\"(max-width: 213px) 100vw, 213px\" \/>Capril do Bosque<\/strong><\/h2>\n<p><!-- \/wp:heading --><\/p>\n<p><!-- wp:paragraph --><\/p>\n<p><em>Joan\u00f3polis | SP\u00a0<\/em><\/p>\n<p><!-- \/wp:paragraph --><\/p>\n<p><!-- wp:image {\"lightbox\":{\"enabled\":false},\"id\":8189,\"width\":\"307px\",\"height\":\"auto\",\"sizeSlug\":\"full\",\"linkDestination\":\"custom\",\"align\":\"center\"} --><!-- \/wp:image --><\/p>\n<p><!-- wp:paragraph --><\/p>\n<p class=\"ds-markdown-paragraph\">A\u00a0<strong>Capril do Bosque<\/strong> Se trata de una peque\u00f1a granja familiar que se ha convertido en un referente nacional en la producci\u00f3n de quesos de cabra artesanales y de autor. La historia comenz\u00f3 hace m\u00e1s de 40 a\u00f1os de la mano de...\u00a0<strong>Heloisa Collins<\/strong>, un antiguo profesor de la PUC-SP, que comenz\u00f3 a elaborar queso como pasatiempo en la d\u00e9cada de 1990 y transform\u00f3 esa pasi\u00f3n en un trabajo de excelencia reconocido tanto a nivel nacional como internacional. Actualmente, la propiedad incluye una granja de cabras que proporciona la materia prima para los quesos, un huerto que abastece al bistr\u00f3 y una zona de turismo rural que recibe a los visitantes para aprender sobre el proceso de producci\u00f3n e interactuar con los animales.<\/p>\n<div class=\"wDYxhc\" role=\"presentation\" data-attrid=\"kc:\/local:alt phone\" data-md=\"1006\" data-hveid=\"CC8QAA\" data-ved=\"2ahUKEwiu8te5v7STAxX7JbkGHbH9LvoQkCl6BAgvEAA\">\n<div class=\"Z1hOCe\">\n<div class=\"zloOqf PZPZlf\" data-dtype=\"d3ifr\" data-local-attribute=\"d3ph\" data-ved=\"2ahUKEwiu8te5v7STAxX7JbkGHbH9LvoQ8I0BKAB6BAgvEAE\">\n<div class=\"zh0Yff\">\n<p><span class=\"w8qArf FoJoyf\">Tel\u00e9fono: (11) 99609-0773\u00a0<\/span><span id=\"iImXAaa7ZL_vL5OUPsfu70Q86\" class=\"GKdNbc\" style=\"font-size: 1rem;\">Men\u00fa:\u00a0<\/span><a class=\"xFAlBc\" style=\"background-color: #ffffff; font-size: 1rem;\" href=\"http:\/\/www.caprildobosque.com.br\/bistro\/\" aria-describedby=\"iImXAaa7ZL_vL5OUPsfu70Q86\">caprildobosque.com.br<\/a><\/p>\n<div>\n<p><span style=\"font-family: -apple-system, BlinkMacSystemFont, 'Segoe UI', Roboto, 'Helvetica Neue', Arial, 'Noto Sans', sans-serif, 'Apple Color Emoji', 'Segoe UI Emoji', 'Segoe UI Symbol', 'Noto Color Emoji';\">Contacto: (11) 99559-4748\u00a0<\/span><span style=\"font-size: 1rem;\">Instagram: <\/span><a style=\"background-color: #ffffff; font-size: 1rem;\" href=\"https:\/\/www.instagram.com\/caprildobosque\">@caprildobosque<\/a><\/p>\n<\/div>\n<\/div>\n<\/div>\n<\/div>\n<p><!-- \/wp:paragraph --><\/p>\n<p><!-- wp:paragraph --><\/p>\n<p><!-- \/wp:paragraph --><\/p>\n<p><!-- wp:paragraph --><\/p>\n<\/div>\t\t\t\t\t\t\t\t<\/div>\n\t\t\t\t<\/div>\n\t\t\t\t<div class=\"elementor-element elementor-element-884031b elementor-widget elementor-widget-text-editor\" data-id=\"884031b\" data-element_type=\"widget\" data-e-type=\"widget\" data-widget_type=\"text-editor.default\">\n\t\t\t\t<div class=\"elementor-widget-container\">\n\t\t\t\t\t\t\t\t\t<h2><strong><img loading=\"lazy\" decoding=\"async\" class=\"wp-image-95035 alignright\" src=\"https:\/\/mundialdoqueijodobrasil.com\/wp-content\/uploads\/2026\/03\/cacaudourado.webp\" alt=\"\" width=\"233\" height=\"216\" srcset=\"https:\/\/mundialdoqueijodobrasil.com\/wp-content\/uploads\/2026\/03\/cacaudourado.webp 492w, https:\/\/mundialdoqueijodobrasil.com\/wp-content\/uploads\/2026\/03\/cacaudourado-300x278.webp 300w, https:\/\/mundialdoqueijodobrasil.com\/wp-content\/uploads\/2026\/03\/cacaudourado-13x12.webp 13w\" sizes=\"(max-width: 233px) 100vw, 233px\" \/>cacao dorado<\/strong><\/h2>\n<p><!-- \/wp:heading --><\/p>\n<p><!-- wp:paragraph --><\/p>\n<p><em>Belo Horizonte | MG<\/em><\/p>\n<p><!-- \/wp:paragraph --><\/p>\n<p><!-- wp:image {\"lightbox\":{\"enabled\":false},\"id\":8189,\"width\":\"307px\",\"height\":\"auto\",\"sizeSlug\":\"full\",\"linkDestination\":\"custom\",\"align\":\"center\"} --><!-- \/wp:image --><\/p>\n<p><!-- wp:paragraph --><\/p>\n<p class=\"ds-markdown-paragraph\"><span data-sheets-root=\"1\">Desde mayo de 2019, Cacau Dourado produce chocolates finos de origen \u00fanico, siguiendo la filosof\u00eda &quot;del grano a la barra&quot;, es decir, desde el grano de cacao hasta la tableta de chocolate.<br \/><br \/>Cacau Dourado naci\u00f3 del esp\u00edritu emprendedor femenino, con el objetivo de promover un producto m\u00e1s saludable, sabroso y menos procesado.<\/span><\/p>\n<div class=\"wDYxhc\" role=\"presentation\" data-attrid=\"kc:\/local:alt phone\" data-md=\"1006\" data-hveid=\"CC8QAA\" data-ved=\"2ahUKEwiu8te5v7STAxX7JbkGHbH9LvoQkCl6BAgvEAA\">\n<div class=\"Z1hOCe\">\n<div class=\"zloOqf PZPZlf\" data-dtype=\"d3ifr\" data-local-attribute=\"d3ph\" data-ved=\"2ahUKEwiu8te5v7STAxX7JbkGHbH9LvoQ8I0BKAB6BAgvEAE\">\n<div class=\"zh0Yff\">\n<p><span class=\"w8qArf FoJoyf\">Tel\u00e9fono: 31 993473270\u00a0 <a href=\"http:\/\/www.cacaudourado.com.br\">www.cacaudourado.com.br<\/a><br \/><\/span><span style=\"font-size: 1rem;\">Instagram: <\/span><a style=\"background-color: #ffffff; font-size: 1rem;\" href=\"https:\/\/www.instagram.com\/cacaudouradochocolate\">@cacaudouradochocolate<\/a><\/p>\n<\/div>\n<\/div>\n<\/div>\n<p><!-- \/wp:paragraph --><\/p>\n<p><!-- wp:paragraph --><\/p>\n<p><!-- \/wp:paragraph --><\/p>\n<p><!-- wp:paragraph --><\/p>\n<\/div>\t\t\t\t\t\t\t\t<\/div>\n\t\t\t\t<\/div>\n\t\t\t\t<div class=\"elementor-element elementor-element-df8c9e0 elementor-widget elementor-widget-text-editor\" data-id=\"df8c9e0\" data-element_type=\"widget\" data-e-type=\"widget\" data-widget_type=\"text-editor.default\">\n\t\t\t\t<div class=\"elementor-widget-container\">\n\t\t\t\t\t\t\t\t\t<h2><img loading=\"lazy\" decoding=\"async\" class=\"wp-image-95939 alignright\" src=\"https:\/\/mundialdoqueijodobrasil.com\/wp-content\/uploads\/2026\/04\/chacaradospadres.webp\" alt=\"\" width=\"203\" height=\"203\" srcset=\"https:\/\/mundialdoqueijodobrasil.com\/wp-content\/uploads\/2026\/04\/chacaradospadres.webp 1600w, https:\/\/mundialdoqueijodobrasil.com\/wp-content\/uploads\/2026\/04\/chacaradospadres-300x300.webp 300w, https:\/\/mundialdoqueijodobrasil.com\/wp-content\/uploads\/2026\/04\/chacaradospadres-1024x1024.webp 1024w, https:\/\/mundialdoqueijodobrasil.com\/wp-content\/uploads\/2026\/04\/chacaradospadres-150x150.webp 150w, https:\/\/mundialdoqueijodobrasil.com\/wp-content\/uploads\/2026\/04\/chacaradospadres-768x768.webp 768w, https:\/\/mundialdoqueijodobrasil.com\/wp-content\/uploads\/2026\/04\/chacaradospadres-1536x1536.webp 1536w, https:\/\/mundialdoqueijodobrasil.com\/wp-content\/uploads\/2026\/04\/chacaradospadres-12x12.webp 12w, https:\/\/mundialdoqueijodobrasil.com\/wp-content\/uploads\/2026\/04\/chacaradospadres-500x500.webp 500w, https:\/\/mundialdoqueijodobrasil.com\/wp-content\/uploads\/2026\/04\/chacaradospadres-700x700.webp 700w, https:\/\/mundialdoqueijodobrasil.com\/wp-content\/uploads\/2026\/04\/chacaradospadres-100x100.webp 100w\" sizes=\"(max-width: 203px) 100vw, 203px\" \/> Granja de los padres<\/h2>\n<p><!-- \/wp:heading --><\/p>\n<p><!-- wp:paragraph --><\/p>\n<p><em>Buen Jes\u00fas - RS<\/em><\/p>\n<p><!-- \/wp:paragraph --><\/p>\n<p><!-- wp:image {\"lightbox\":{\"enabled\":false},\"id\":8189,\"width\":\"307px\",\"height\":\"auto\",\"sizeSlug\":\"full\",\"linkDestination\":\"custom\",\"align\":\"center\"} --><!-- \/wp:image --><\/p>\n<p><!-- wp:paragraph --><\/p>\n<p class=\"ds-markdown-paragraph\"><span data-sheets-root=\"1\">Produce queso serrano artesanal elaborado con leche cruda de ganado vacuno criado exclusivamente en pastos aut\u00f3ctonos por encima de los 1200 metros de altitud, utilizando leche de su propia finca y mano de obra \u00edntegramente familiar.<\/span><\/p>\n<div class=\"wDYxhc\" role=\"presentation\" data-attrid=\"kc:\/local:alt phone\" data-md=\"1006\" data-hveid=\"CC8QAA\" data-ved=\"2ahUKEwiu8te5v7STAxX7JbkGHbH9LvoQkCl6BAgvEAA\">\n<div class=\"Z1hOCe\">\n<div class=\"zloOqf PZPZlf\" data-dtype=\"d3ifr\" data-local-attribute=\"d3ph\" data-ved=\"2ahUKEwiu8te5v7STAxX7JbkGHbH9LvoQ8I0BKAB6BAgvEAE\">\n<div class=\"zh0Yff\">\n<p><span class=\"w8qArf FoJoyf\">Tel\u00e9fono: 54 98447-2568 \u00a0<\/span><\/p>\n<\/div>\n<\/div>\n<\/div>\n<p><!-- \/wp:paragraph --><\/p>\n<p><!-- wp:paragraph --><\/p>\n<p><!-- \/wp:paragraph --><\/p>\n<p><!-- wp:paragraph --><\/p>\n<\/div>\t\t\t\t\t\t\t\t<\/div>\n\t\t\t\t<\/div>\n\t\t\t\t<div class=\"elementor-element elementor-element-ea6b105 elementor-widget elementor-widget-text-editor\" data-id=\"ea6b105\" data-element_type=\"widget\" data-e-type=\"widget\" data-widget_type=\"text-editor.default\">\n\t\t\t\t<div class=\"elementor-widget-container\">\n\t\t\t\t\t\t\t\t\t<h2><strong><img loading=\"lazy\" decoding=\"async\" class=\"wp-image-94373 alignright\" src=\"https:\/\/mundialdoqueijodobrasil.com\/wp-content\/uploads\/2026\/01\/belafazenda.af_.logo_1_3751x-1-scaled.webp\" alt=\"\" width=\"205\" height=\"205\" srcset=\"https:\/\/mundialdoqueijodobrasil.com\/wp-content\/uploads\/2026\/01\/belafazenda.af_.logo_1_3751x-1-scaled.webp 2560w, https:\/\/mundialdoqueijodobrasil.com\/wp-content\/uploads\/2026\/01\/belafazenda.af_.logo_1_3751x-1-300x300.webp 300w, https:\/\/mundialdoqueijodobrasil.com\/wp-content\/uploads\/2026\/01\/belafazenda.af_.logo_1_3751x-1-1024x1024.webp 1024w, https:\/\/mundialdoqueijodobrasil.com\/wp-content\/uploads\/2026\/01\/belafazenda.af_.logo_1_3751x-1-150x150.webp 150w, https:\/\/mundialdoqueijodobrasil.com\/wp-content\/uploads\/2026\/01\/belafazenda.af_.logo_1_3751x-1-768x768.webp 768w, https:\/\/mundialdoqueijodobrasil.com\/wp-content\/uploads\/2026\/01\/belafazenda.af_.logo_1_3751x-1-1536x1536.webp 1536w, https:\/\/mundialdoqueijodobrasil.com\/wp-content\/uploads\/2026\/01\/belafazenda.af_.logo_1_3751x-1-2048x2048.webp 2048w, https:\/\/mundialdoqueijodobrasil.com\/wp-content\/uploads\/2026\/01\/belafazenda.af_.logo_1_3751x-1-12x12.webp 12w, https:\/\/mundialdoqueijodobrasil.com\/wp-content\/uploads\/2026\/01\/belafazenda.af_.logo_1_3751x-1-500x500.webp 500w, https:\/\/mundialdoqueijodobrasil.com\/wp-content\/uploads\/2026\/01\/belafazenda.af_.logo_1_3751x-1-700x700.webp 700w, https:\/\/mundialdoqueijodobrasil.com\/wp-content\/uploads\/2026\/01\/belafazenda.af_.logo_1_3751x-1-100x100.webp 100w\" sizes=\"(max-width: 205px) 100vw, 205px\" \/>Belafazenda, F\u00e1brica de Quesos<\/strong><\/h2>\n<p><!-- \/wp:heading --><!-- wp:paragraph --><\/p>\n<p><em>Bofete | SP\u00a0<\/em><\/p>\n<p><!-- \/wp:paragraph --><!-- wp:image {\"lightbox\":{\"enabled\":false},\"id\":8189,\"width\":\"307px\",\"height\":\"auto\",\"sizeSlug\":\"full\",\"linkDestination\":\"custom\",\"align\":\"center\"} --><!-- \/wp:image --><!-- wp:paragraph --><\/p>\n<p class=\"ds-markdown-paragraph\">Especializada en quesos de autor, la queser\u00eda fue fundada en 2017 por la veterinaria Carolina Vilhena, quien estudi\u00f3 t\u00e9cnicas en escuelas especializadas de Francia, Italia, Suiza y Estados Unidos.<\/p>\n<p class=\"ds-markdown-paragraph\">La producci\u00f3n utiliza leche de vacas Jersey criadas en la propia granja, alimentadas con pastos y mediante un sistema de pastoreo rotacional. Forma parte de la Ruta de Cuesta, Itaqueri y Tiet\u00ea del proyecto Rutas del Queso de S\u00e3o Paulo y recibe visitantes para degustaciones y venta de productos los s\u00e1bados, con cita previa.<\/p>\n<p>Contacto: (11) 99559-4748<\/p>\n<p><!-- \/wp:paragraph --><!-- wp:paragraph --><\/p>\n<p>Sitio: <a href=\"https:\/\/www.belafazenda.com\">www.belafazenda.com<\/a>\u00a0<\/p>\n<p><!-- \/wp:paragraph --><!-- wp:paragraph --><\/p>\n<p>Instagram: @belafazenda<\/p>\t\t\t\t\t\t\t\t<\/div>\n\t\t\t\t<\/div>\n\t\t\t\t<div class=\"elementor-element elementor-element-3eb5834 elementor-widget elementor-widget-text-editor\" data-id=\"3eb5834\" data-element_type=\"widget\" data-e-type=\"widget\" data-widget_type=\"text-editor.default\">\n\t\t\t\t<div class=\"elementor-widget-container\">\n\t\t\t\t\t\t\t\t\t<h2><strong>C<a href=\"https:\/\/www.instagram.com\/fazendaatalaia\/\"><img loading=\"lazy\" decoding=\"async\" class=\"wp-image-6541 alignright\" src=\"https:\/\/mundialdoqueijodobrasil.com\/wp-content\/uploads\/2022\/09\/LogoCaminho-do-Queijo-Paulista22.webp\" alt=\"\" width=\"190\" height=\"192\" srcset=\"https:\/\/mundialdoqueijodobrasil.com\/wp-content\/uploads\/2022\/09\/LogoCaminho-do-Queijo-Paulista22.webp 500w, https:\/\/mundialdoqueijodobrasil.com\/wp-content\/uploads\/2022\/09\/LogoCaminho-do-Queijo-Paulista22-100x100.webp 100w, https:\/\/mundialdoqueijodobrasil.com\/wp-content\/uploads\/2022\/09\/LogoCaminho-do-Queijo-Paulista22-296x300.webp 296w, https:\/\/mundialdoqueijodobrasil.com\/wp-content\/uploads\/2022\/09\/LogoCaminho-do-Queijo-Paulista22-66x66.webp 66w, https:\/\/mundialdoqueijodobrasil.com\/wp-content\/uploads\/2022\/09\/LogoCaminho-do-Queijo-Paulista22-200x202.webp 200w, https:\/\/mundialdoqueijodobrasil.com\/wp-content\/uploads\/2022\/09\/LogoCaminho-do-Queijo-Paulista22-400x405.webp 400w\" sizes=\"(max-width: 190px) 100vw, 190px\" \/><\/a>Ruta del queso paulista<\/strong><\/h2>\n<p><!-- \/wp:heading --><!-- wp:paragraph --><\/p>\n<p><em>Estado de S\u00e3o Paulo<\/em><\/p>\n<p><!-- \/wp:paragraph --><!-- wp:image {\"lightbox\":{\"enabled\":false},\"id\":8189,\"width\":\"307px\",\"height\":\"auto\",\"sizeSlug\":\"full\",\"linkDestination\":\"custom\",\"align\":\"center\"} --><!-- \/wp:image --><!-- wp:paragraph --><\/p>\n<p><span data-sheets-root=\"1\">La Ruta del Queso de S\u00e3o Paulo es una asociaci\u00f3n de productores dedicada a fortalecer, promover y aumentar la visibilidad de la producci\u00f3n artesanal de queso en el estado de S\u00e3o Paulo, especialmente a trav\u00e9s del turismo rural. Actualmente re\u00fane a 16 de las queser\u00edas artesanales m\u00e1s reconocidas del estado, ganadoras de concursos nacionales e internacionales, que representan la calidad y diversidad del queso de S\u00e3o Paulo.<\/span><\/p>\n<p>Contacto: <span data-sheets-root=\"1\">11 985333370<\/span><\/p>\n<p><!-- \/wp:paragraph --><!-- wp:paragraph --><\/p>\n<p>Sitio: <span data-sheets-root=\"1\"><a class=\"in-cell-link\" href=\"http:\/\/www.caminhodoqueijopaulista.com\" target=\"_blank\" rel=\"noopener\">www.caminhodoqueijopaulista.com<\/a><\/span><\/p>\t\t\t\t\t\t\t\t<\/div>\n\t\t\t\t<\/div>\n\t\t\t\t<div class=\"elementor-element elementor-element-3833d10 elementor-widget elementor-widget-text-editor\" data-id=\"3833d10\" data-element_type=\"widget\" data-e-type=\"widget\" data-widget_type=\"text-editor.default\">\n\t\t\t\t<div class=\"elementor-widget-container\">\n\t\t\t\t\t\t\t\t\t<h2><span data-sheets-root=\"1\"><img loading=\"lazy\" decoding=\"async\" class=\"wp-image-95955 alignright\" src=\"https:\/\/mundialdoqueijodobrasil.com\/wp-content\/uploads\/2026\/04\/caprildolago.webp\" alt=\"\" width=\"202\" height=\"202\" srcset=\"https:\/\/mundialdoqueijodobrasil.com\/wp-content\/uploads\/2026\/04\/caprildolago.webp 567w, https:\/\/mundialdoqueijodobrasil.com\/wp-content\/uploads\/2026\/04\/caprildolago-300x300.webp 300w, https:\/\/mundialdoqueijodobrasil.com\/wp-content\/uploads\/2026\/04\/caprildolago-150x150.webp 150w, https:\/\/mundialdoqueijodobrasil.com\/wp-content\/uploads\/2026\/04\/caprildolago-12x12.webp 12w, https:\/\/mundialdoqueijodobrasil.com\/wp-content\/uploads\/2026\/04\/caprildolago-500x500.webp 500w, https:\/\/mundialdoqueijodobrasil.com\/wp-content\/uploads\/2026\/04\/caprildolago-100x100.webp 100w\" sizes=\"(max-width: 202px) 100vw, 202px\" \/>Granja de cabras del lago <\/span><\/h2>\n<p><!-- \/wp:heading --><!-- wp:paragraph --><\/p>\n<p><em>Valen\u00e7a | RJ<\/em><\/p>\n<p><!-- \/wp:paragraph --><!-- wp:image {\"lightbox\":{\"enabled\":false},\"id\":8189,\"width\":\"307px\",\"height\":\"auto\",\"sizeSlug\":\"full\",\"linkDestination\":\"custom\",\"align\":\"center\"} --><!-- \/wp:image --><!-- wp:paragraph --><\/p>\n<p><span data-sheets-root=\"1\">Con m\u00e1s de 60 premios, es el \u00fanico queso de Brasil que figura en la lista de los 12 mejores quesos del Mondial du Fromage de Tours, en Francia, en 2023. <\/span><\/p>\n<p>Contacto: <span data-sheets-root=\"1\">24 981454441<\/span><\/p>\n<p><!-- \/wp:paragraph --><!-- wp:paragraph --><\/p>\n<p><strong>Instagram:<\/strong> <a href=\"https:\/\/www.instagram.com\/caprildolago\" target=\"_blank\" rel=\"noopener\"><span data-sheets-root=\"1\">@caprildolago<\/span><\/a><\/p>\t\t\t\t\t\t\t\t<\/div>\n\t\t\t\t<\/div>\n\t\t\t\t<div class=\"elementor-element elementor-element-a06fb16 elementor-widget elementor-widget-text-editor\" data-id=\"a06fb16\" data-element_type=\"widget\" data-e-type=\"widget\" data-widget_type=\"text-editor.default\">\n\t\t\t\t<div class=\"elementor-widget-container\">\n\t\t\t\t\t\t\t\t\t<h2><img loading=\"lazy\" decoding=\"async\" class=\"wp-image-94963 alignright\" src=\"https:\/\/mundialdoqueijodobrasil.com\/wp-content\/uploads\/2026\/03\/ceudeminas.webp\" alt=\"\" width=\"209\" height=\"202\" srcset=\"https:\/\/mundialdoqueijodobrasil.com\/wp-content\/uploads\/2026\/03\/ceudeminas.webp 500w, https:\/\/mundialdoqueijodobrasil.com\/wp-content\/uploads\/2026\/03\/ceudeminas-300x290.webp 300w, https:\/\/mundialdoqueijodobrasil.com\/wp-content\/uploads\/2026\/03\/ceudeminas-12x12.webp 12w\" sizes=\"(max-width: 209px) 100vw, 209px\" \/><strong>C\u00e9u de Minas, queser\u00eda y cafeter\u00eda<\/strong><\/h2>\n<p><!-- \/wp:heading --><!-- wp:paragraph --><\/p>\n<p><em>San Lorenzo | MG<\/em><\/p>\n<p><!-- \/wp:paragraph --><!-- wp:image {\"lightbox\":{\"enabled\":false},\"id\":8189,\"width\":\"307px\",\"height\":\"auto\",\"sizeSlug\":\"full\",\"linkDestination\":\"custom\",\"align\":\"center\"} --><!-- \/wp:image --><!-- wp:paragraph --><\/p>\n<p><span data-sheets-root=\"1\">C\u00e9u de Minas es una queser\u00eda y cafeter\u00eda especializada en quesos artesanales curados de Alagoa y la regi\u00f3n de Mantiqueira, en Minas Gerais, reconocidos por su origen, autenticidad y perfil sensorial \u00fanico. Con una cuidadosa selecci\u00f3n y procesos especiales de maduraci\u00f3n, una variedad de caf\u00e9s especiales y dulces artesanales, ofrecemos una experiencia gastron\u00f3mica \u00fanica de Minas Gerais.<\/span><\/p>\n<p>Contacto: <span data-sheets-root=\"1\">35 998554775<\/span><\/p>\n<p><!-- \/wp:paragraph --><!-- wp:paragraph --><\/p>\n<p>Sitio: <span data-sheets-root=\"1\"><a href=\"http:\/\/www.ceudeminas.com.br\">www.ceudeminas.com.br<\/a>\u00a0<\/span><\/p>\n<p>Instagram: <a href=\"https:\/\/www.instagram.com\/ceudeminasoficial\"><span data-sheets-root=\"1\">@ceudeminasoficial<\/span><\/a><\/p>\t\t\t\t\t\t\t\t<\/div>\n\t\t\t\t<\/div>\n\t\t\t\t<div class=\"elementor-element elementor-element-f68cd2a elementor-widget elementor-widget-text-editor\" data-id=\"f68cd2a\" data-element_type=\"widget\" data-e-type=\"widget\" data-widget_type=\"text-editor.default\">\n\t\t\t\t<div class=\"elementor-widget-container\">\n\t\t\t\t\t\t\t\t\t<h2>Com\u00e1nz<\/h2>\n<p><!-- \/wp:heading --><!-- wp:paragraph --><\/p>\n<p><em>Cristina | MG<\/em><\/p>\n<p><!-- \/wp:paragraph --><!-- wp:image {\"lightbox\":{\"enabled\":false},\"id\":8189,\"width\":\"307px\",\"height\":\"auto\",\"sizeSlug\":\"full\",\"linkDestination\":\"custom\",\"align\":\"center\"} --><!-- \/wp:image --><!-- wp:paragraph --><\/p>\n<p class=\"p1\"><span class=\"s1\">Productor de alfajores y dulce de leche especiales, con el sabor del terru\u00f1o de Serra da Mantiqueira. Todo es sumamente artesanal y original. Medallistas en el Campeonato Mundial de Alfajores 2025 en Argentina y reconocidos en Serra da Mantiqueira por el M\u00e9todo Com\u00e1nz. L\u00ednea de recetas exclusivas, como la categor\u00eda Alfajores Lujo y Deseo en Brasil.<\/span><\/p>\n<p class=\"p1\"><span class=\"s1\"><b>Tel\u00e9fono: <\/b>11 987479763 <b>Instagram:<\/b> <a href=\"https:\/\/www.instagram.com\/comanzddl\" target=\"_blank\" rel=\"noopener\">@comanzddl<\/a><\/span><\/p>\t\t\t\t\t\t\t\t<\/div>\n\t\t\t\t<\/div>\n\t\t\t\t<div class=\"elementor-element elementor-element-ad6ac26 elementor-widget elementor-widget-text-editor\" data-id=\"ad6ac26\" data-element_type=\"widget\" data-e-type=\"widget\" data-widget_type=\"text-editor.default\">\n\t\t\t\t<div class=\"elementor-widget-container\">\n\t\t\t\t\t\t\t\t\t<h2>Cruz\u00edlia, Productos L\u00e1cteos\u00a0<\/h2>\n<p><!-- \/wp:heading --><!-- wp:paragraph --><\/p>\n<p><em>Cruz\u00edlia | MG<\/em><\/p>\n<p><!-- \/wp:paragraph --><!-- wp:image {\"lightbox\":{\"enabled\":false},\"id\":8189,\"width\":\"307px\",\"height\":\"auto\",\"sizeSlug\":\"full\",\"linkDestination\":\"custom\",\"align\":\"center\"} --><!-- \/wp:image --><!-- wp:paragraph --><\/p>\n<p class=\"p1\"><span class=\"s1\">Fundada en 1948 en el Mercado Municipal de S\u00e3o Paulo, la empresa se estableci\u00f3 posteriormente en la regi\u00f3n de Serra da Mantiqueira a finales de la d\u00e9cada de 1980. Produce quesos de moho blanco y azul, quesos de consumo diario, fondues, mantequillas y cremas. Recoge la leche de m\u00e1s de 100 familias productoras de la regi\u00f3n. <b>Sitio: <\/b>cruzilia.com.br<\/span><\/p>\n<p class=\"p1\"><span class=\"s1\"> <b>Instagram:<\/b> <a href=\"https:\/\/www.instagram.com\/queijoscruzilia\" target=\"_blank\" rel=\"noopener\">@queijoscruzilia<\/a><\/span><\/p>\t\t\t\t\t\t\t\t<\/div>\n\t\t\t\t<\/div>\n\t\t\t\t<div class=\"elementor-element elementor-element-cad8f31 elementor-widget elementor-widget-text-editor\" data-id=\"cad8f31\" data-element_type=\"widget\" data-e-type=\"widget\" data-widget_type=\"text-editor.default\">\n\t\t\t\t<div class=\"elementor-widget-container\">\n\t\t\t\t\t\t\t\t\t<h2><strong><a href=\"https:\/\/www.instagram.com\/delichat.oficial\/\"><img decoding=\"async\" class=\"alignright\" style=\"width: 203px; height: 203px;\" src=\"https:\/\/mundialdoqueijodobrasil.com\/wp-content\/uploads\/2024\/02\/download.webp\" alt=\"\" \/><\/a>Charla de delicatessen<\/strong><\/h2>\n<p><!-- \/wp:heading --><!-- wp:paragraph --><\/p>\n<p><em>Belo Horizonte | Minas Gerais<\/em><\/p>\n<p><!-- \/wp:paragraph --><!-- wp:image {\"lightbox\":{\"enabled\":false},\"id\":8177,\"width\":\"268px\",\"height\":\"auto\",\"sizeSlug\":\"full\",\"linkDestination\":\"custom\",\"align\":\"center\"} --><\/p>\n<p><!-- \/wp:image --><!-- wp:paragraph --><\/p>\n<p>Mermeladas, salsas y conservas: frascos rebosantes de color, salud y sabor que te invitan a un viaje sensorial. Elaborados sin colorantes artificiales, pero con matices naturales, contribuyen a h\u00e1bitos m\u00e1s saludables y sostenibles, adem\u00e1s de una buena dosis de buen humor. Estas mermeladas, chutneys, conservas y mezclas de t\u00e9, creadas por la dise\u00f1adora gastron\u00f3mica Regina Sugayama, se venden actualmente en tiendas de 20 estados brasile\u00f1os, principalmente en queser\u00edas y charcuter\u00edas.<\/p>\n<p>Instagram: <a href=\"https:\/\/www.instagram.com\/delichat.oficial\">@delichat.oficial<\/a><\/p>\t\t\t\t\t\t\t\t<\/div>\n\t\t\t\t<\/div>\n\t\t\t\t<div class=\"elementor-element elementor-element-6ac59df elementor-widget elementor-widget-text-editor\" data-id=\"6ac59df\" data-element_type=\"widget\" data-e-type=\"widget\" data-widget_type=\"text-editor.default\">\n\t\t\t\t<div class=\"elementor-widget-container\">\n\t\t\t\t\t\t\t\t\t<h2><strong>Di Capre<\/strong><\/h2>\n<p><!-- \/wp:heading --><!-- wp:paragraph --><\/p>\n<p><em>Itanhandu | Minas Gerais<\/em><\/p>\n<p><!-- \/wp:paragraph --><!-- wp:image {\"lightbox\":{\"enabled\":false},\"id\":8177,\"width\":\"268px\",\"height\":\"auto\",\"sizeSlug\":\"full\",\"linkDestination\":\"custom\",\"align\":\"center\"} --><\/p>\n<p><!-- \/wp:image --><!-- wp:paragraph --><\/p>\n<p class=\"ds-markdown-paragraph\">En la sierra de Mantiqueira, la queser\u00eda transforma exclusivamente leche de cabra en quesos finos y curados con una marcada identidad regional.<\/p>\n<p class=\"ds-markdown-paragraph\">Fundada en 2020 por el matrimonio formado por Julio C\u00e9sar e Iracema, su oferta es diversa.<\/p>\n<p>Instagram: <a href=\"https:\/\/www.instagram.com\/queijosdicapre\">@queijosdicapre<\/a><\/p>\t\t\t\t\t\t\t\t<\/div>\n\t\t\t\t<\/div>\n\t\t\t\t<div class=\"elementor-element elementor-element-e8e9adc elementor-widget elementor-widget-text-editor\" data-id=\"e8e9adc\" data-element_type=\"widget\" data-e-type=\"widget\" data-widget_type=\"text-editor.default\">\n\t\t\t\t<div class=\"elementor-widget-container\">\n\t\t\t\t\t\t\t\t\t<h2><strong><img loading=\"lazy\" decoding=\"async\" class=\"wp-image-94601 alignright\" src=\"https:\/\/mundialdoqueijodobrasil.com\/wp-content\/uploads\/2026\/02\/Logo-Queijaria-Da-Estancia-Vertical-Queijaria-da-Esta\u0302ncia.webp\" alt=\"\" width=\"195\" height=\"207\" srcset=\"https:\/\/mundialdoqueijodobrasil.com\/wp-content\/uploads\/2026\/02\/Logo-Queijaria-Da-Estancia-Vertical-Queijaria-da-Esta\u0302ncia.webp 1200w, https:\/\/mundialdoqueijodobrasil.com\/wp-content\/uploads\/2026\/02\/Logo-Queijaria-Da-Estancia-Vertical-Queijaria-da-Esta\u0302ncia-282x300.webp 282w, https:\/\/mundialdoqueijodobrasil.com\/wp-content\/uploads\/2026\/02\/Logo-Queijaria-Da-Estancia-Vertical-Queijaria-da-Esta\u0302ncia-962x1024.webp 962w, https:\/\/mundialdoqueijodobrasil.com\/wp-content\/uploads\/2026\/02\/Logo-Queijaria-Da-Estancia-Vertical-Queijaria-da-Esta\u0302ncia-768x817.webp 768w, https:\/\/mundialdoqueijodobrasil.com\/wp-content\/uploads\/2026\/02\/Logo-Queijaria-Da-Estancia-Vertical-Queijaria-da-Esta\u0302ncia-11x12.webp 11w, https:\/\/mundialdoqueijodobrasil.com\/wp-content\/uploads\/2026\/02\/Logo-Queijaria-Da-Estancia-Vertical-Queijaria-da-Esta\u0302ncia-500x532.webp 500w, https:\/\/mundialdoqueijodobrasil.com\/wp-content\/uploads\/2026\/02\/Logo-Queijaria-Da-Estancia-Vertical-Queijaria-da-Esta\u0302ncia-700x745.webp 700w\" sizes=\"(max-width: 195px) 100vw, 195px\" \/><\/strong><\/h2>\n<h2><strong>Rancho,\u00a0<\/strong><strong>f\u00e1brica de quesos de\u00a0<\/strong><\/h2>\n<p><!-- \/wp:heading --><!-- wp:paragraph --><\/p>\n<p><em>Ibitinga | SP\u00a0\u00a0<\/em><\/p>\n<p><!-- \/wp:paragraph --><!-- wp:image {\"lightbox\":{\"enabled\":false},\"id\":9338,\"width\":\"384px\",\"height\":\"auto\",\"sizeSlug\":\"large\",\"linkDestination\":\"custom\",\"align\":\"center\"} --><\/p>\n<p><!-- \/wp:image --><!-- wp:paragraph --><\/p>\n<p><span data-sheets-root=\"1\">Queijaria da Est\u00e2ncia se fund\u00f3 en 2022, fruto del deseo de transformar la leche de granja en quesos de autor, llenos de identidad y sabor. Nuestra producci\u00f3n es artesanal y profesional, utilizando leche cruda de vacas Jersey, conocidas por la riqueza de su leche.<br \/>Los quesos son creaciones elaboradas con cuidado y respeto por el clima, el medio ambiente y el terroir. Destaca el Crivo, elegido el Mejor Queso de S\u00e3o Paulo en la 1.\u00aa edici\u00f3n de los Premios de Quesos Artesanos del Sudeste.<br \/>Nuestro lanzamiento m\u00e1s reciente, Gua\u00e7u, lleg\u00f3 en octubre de 2025 y ya est\u00e1 deleit\u00e1ndonos con su sabor y complejidad.<br \/><\/span><\/p>\n<p>Tel\u00e9fono 16 997655556<\/p>\n<p><!-- \/wp:paragraph --><!-- wp:paragraph --><\/p>\n<p>Instagram: <a href=\"https:\/\/www.instagram.com\/queijariadaestancia\">@queijariadaestancia<\/a><\/p>\t\t\t\t\t\t\t\t<\/div>\n\t\t\t\t<\/div>\n\t\t\t\t<div class=\"elementor-element elementor-element-ac9797e elementor-widget elementor-widget-text-editor\" data-id=\"ac9797e\" data-element_type=\"widget\" data-e-type=\"widget\" data-widget_type=\"text-editor.default\">\n\t\t\t\t<div class=\"elementor-widget-container\">\n\t\t\t\t\t\t\t\t\t<h2><img loading=\"lazy\" decoding=\"async\" class=\"wp-image-94942 alignright\" src=\"https:\/\/mundialdoqueijodobrasil.com\/wp-content\/uploads\/2026\/03\/fazfor.webp\" alt=\"\" width=\"187\" height=\"183\" srcset=\"https:\/\/mundialdoqueijodobrasil.com\/wp-content\/uploads\/2026\/03\/fazfor.webp 525w, https:\/\/mundialdoqueijodobrasil.com\/wp-content\/uploads\/2026\/03\/fazfor-300x294.webp 300w, https:\/\/mundialdoqueijodobrasil.com\/wp-content\/uploads\/2026\/03\/fazfor-12x12.webp 12w, https:\/\/mundialdoqueijodobrasil.com\/wp-content\/uploads\/2026\/03\/fazfor-500x490.webp 500w\" sizes=\"(max-width: 187px) 100vw, 187px\" \/><\/h2>\n<h2><strong><span data-sheets-root=\"1\">Fazfor<\/span>, <\/strong><strong>f\u00e1brica de queso<\/strong><\/h2>\n<p><!-- \/wp:heading --><!-- wp:paragraph --><\/p>\n<p><em>Prados | MG\u00a0\u00a0<\/em><\/p>\n<p><!-- \/wp:paragraph --><!-- wp:image {\"lightbox\":{\"enabled\":false},\"id\":9338,\"width\":\"384px\",\"height\":\"auto\",\"sizeSlug\":\"large\",\"linkDestination\":\"custom\",\"align\":\"center\"} --><\/p>\n<p><!-- \/wp:image --><!-- wp:paragraph --><\/p>\n<p><span data-sheets-root=\"1\">Fazfor es una marca que evoca la esencia de la granja, valorando la producci\u00f3n rural, la calidad de los productos agr\u00edcolas y la tradici\u00f3n agr\u00edcola.<\/span><\/p>\n<p>Tel\u00e9fono 16 997655556<\/p>\n<p><!-- \/wp:paragraph --><!-- wp:paragraph --><\/p>\n<p>Sitio: <a href=\"http:\/\/www.fazfor.com.br\" target=\"_blank\" rel=\"noopener\"><span data-sheets-root=\"1\">www.fazfor.com.br<\/span><\/a><br \/>Instagram: <a href=\"https:\/\/www.instagram.com\/fazfor7\">@fazfor7<\/a><\/p>\t\t\t\t\t\t\t\t<\/div>\n\t\t\t\t<\/div>\n\t\t\t\t<div class=\"elementor-element elementor-element-4e178a7 elementor-widget elementor-widget-text-editor\" data-id=\"4e178a7\" data-element_type=\"widget\" data-e-type=\"widget\" data-widget_type=\"text-editor.default\">\n\t\t\t\t<div class=\"elementor-widget-container\">\n\t\t\t\t\t\t\t\t\t<p>\u00a0<\/p>\n<h2>Granja Generosa<\/h2>\n<p><!-- \/wp:heading --><!-- wp:paragraph --><\/p>\n<p><em>Andrel\u00e2ndia | MG\u00a0\u00a0<\/em><\/p>\n<p><!-- \/wp:paragraph --><!-- wp:image {\"lightbox\":{\"enabled\":false},\"id\":9338,\"width\":\"384px\",\"height\":\"auto\",\"sizeSlug\":\"large\",\"linkDestination\":\"custom\",\"align\":\"center\"} --><\/p>\n<p><!-- \/wp:image --><!-- wp:paragraph --><\/p>\n<p class=\"p1\"><span class=\"s1\">Carvalho inici\u00f3 el negocio a mediados de 1985, produciendo 70 litros de leche al d\u00eda. Actualmente, la empresa est\u00e1 dirigida por su hijo, Joaquim Luiz de Carvalho, la tercera generaci\u00f3n de la familia. Producen quesos frescos, quesos curados, parmesano, mozzarella, ricotta, mantequilla y yogur, con m\u00e1s de 35 variedades.<\/span><\/p>\n<p class=\"p1\"><span class=\"s1\"><b>Tel\u00e9fono:<\/b><span class=\"Apple-converted-space\">\u00a0 <\/span>11 977725335 <b>Instagram: <\/b><a href=\"https:\/\/www.instagram.com\/fazendagenerosaoficial\/\" target=\"_blank\" rel=\"noopener\">@fazendagenerosaoficial<\/a><\/span><\/p>\n<p><!-- \/wp:paragraph --><!-- wp:paragraph --><\/p>\t\t\t\t\t\t\t\t<\/div>\n\t\t\t\t<\/div>\n\t\t\t\t<div class=\"elementor-element elementor-element-1f34687 elementor-widget elementor-widget-text-editor\" data-id=\"1f34687\" data-element_type=\"widget\" data-e-type=\"widget\" data-widget_type=\"text-editor.default\">\n\t\t\t\t<div class=\"elementor-widget-container\">\n\t\t\t\t\t\t\t\t\t<h2><img loading=\"lazy\" decoding=\"async\" class=\"wp-image-95709 alignright\" src=\"https:\/\/mundialdoqueijodobrasil.com\/wp-content\/uploads\/2026\/04\/casageraldo.webp\" alt=\"\" width=\"324\" height=\"171\" srcset=\"https:\/\/mundialdoqueijodobrasil.com\/wp-content\/uploads\/2026\/04\/casageraldo.webp 1250w, https:\/\/mundialdoqueijodobrasil.com\/wp-content\/uploads\/2026\/04\/casageraldo-300x158.webp 300w, https:\/\/mundialdoqueijodobrasil.com\/wp-content\/uploads\/2026\/04\/casageraldo-1024x539.webp 1024w, https:\/\/mundialdoqueijodobrasil.com\/wp-content\/uploads\/2026\/04\/casageraldo-768x404.webp 768w, https:\/\/mundialdoqueijodobrasil.com\/wp-content\/uploads\/2026\/04\/casageraldo-18x9.webp 18w, https:\/\/mundialdoqueijodobrasil.com\/wp-content\/uploads\/2026\/04\/casageraldo-500x263.webp 500w, https:\/\/mundialdoqueijodobrasil.com\/wp-content\/uploads\/2026\/04\/casageraldo-700x368.webp 700w\" sizes=\"(max-width: 324px) 100vw, 324px\" \/>Geraldo, Casa<\/h2>\n<p><!-- \/wp:heading --><!-- wp:paragraph --><\/p>\n<p><em>Andradas | MG\u00a0\u00a0<\/em><\/p>\n<p><!-- \/wp:paragraph --><!-- wp:image {\"lightbox\":{\"enabled\":false},\"id\":9338,\"width\":\"384px\",\"height\":\"auto\",\"sizeSlug\":\"large\",\"linkDestination\":\"custom\",\"align\":\"center\"} --><\/p>\n<p><!-- \/wp:image --><!-- wp:paragraph --><\/p>\n<p class=\"p1\">Producci\u00f3n y venta de vinos, vinos espumosos y zumos derivados de<\/p>\n<p class=\"p1\">uva. <b>Tel\u00e9fono: <\/b>35 9957-1343 <b>Instagram:<\/b> <a href=\"https:\/\/www.instagram.com\/casageraldo\" target=\"_blank\" rel=\"noopener\">@casageraldo<\/a><\/p>\n<p><!-- \/wp:paragraph --><!-- wp:paragraph --><\/p>\t\t\t\t\t\t\t\t<\/div>\n\t\t\t\t<\/div>\n\t\t\t\t<div class=\"elementor-element elementor-element-53b541e elementor-widget elementor-widget-text-editor\" data-id=\"53b541e\" data-element_type=\"widget\" data-e-type=\"widget\" data-widget_type=\"text-editor.default\">\n\t\t\t\t<div class=\"elementor-widget-container\">\n\t\t\t\t\t\t\t\t\t<p>\u00a0<\/p>\n<h2><strong><span data-sheets-root=\"1\"><img loading=\"lazy\" decoding=\"async\" class=\"wp-image-94994 alignright\" src=\"https:\/\/mundialdoqueijodobrasil.com\/wp-content\/uploads\/2026\/03\/goa.webp\" alt=\"\" width=\"206\" height=\"205\" srcset=\"https:\/\/mundialdoqueijodobrasil.com\/wp-content\/uploads\/2026\/03\/goa.webp 500w, https:\/\/mundialdoqueijodobrasil.com\/wp-content\/uploads\/2026\/03\/goa-300x298.webp 300w, https:\/\/mundialdoqueijodobrasil.com\/wp-content\/uploads\/2026\/03\/goa-150x150.webp 150w, https:\/\/mundialdoqueijodobrasil.com\/wp-content\/uploads\/2026\/03\/goa-12x12.webp 12w, https:\/\/mundialdoqueijodobrasil.com\/wp-content\/uploads\/2026\/03\/goa-100x100.webp 100w\" sizes=\"(max-width: 206px) 100vw, 206px\" \/>Goa<\/span>, <\/strong><strong>F\u00e1brica de quesos artesanales<\/strong><\/h2>\n<p><!-- \/wp:heading --><!-- wp:paragraph --><\/p>\n<p><em>Aiuruoca | MG\u00a0\u00a0<\/em><\/p>\n<p><!-- \/wp:paragraph --><!-- wp:image {\"lightbox\":{\"enabled\":false},\"id\":9338,\"width\":\"384px\",\"height\":\"auto\",\"sizeSlug\":\"large\",\"linkDestination\":\"custom\",\"align\":\"center\"} --><\/p>\n<p><!-- \/wp:image --><!-- wp:paragraph --><\/p>\n<p><span data-sheets-root=\"1\">Quesos Mantiqueira de Minas, genuinamente artesanales, producidos en la Serra da Mantiqueira. <\/span><\/p>\n<p>Tel\u00e9fono 35 9957-1343<\/p>\n<p>Instagram: <a href=\"https:\/\/www.instagram.com\/produtosgoa\">@productosgoa<\/a><\/p>\n<p><!-- \/wp:paragraph --><!-- wp:paragraph --><\/p>\t\t\t\t\t\t\t\t<\/div>\n\t\t\t\t<\/div>\n\t\t\t\t<div class=\"elementor-element elementor-element-1b6c275 elementor-widget elementor-widget-text-editor\" data-id=\"1b6c275\" data-element_type=\"widget\" data-e-type=\"widget\" data-widget_type=\"text-editor.default\">\n\t\t\t\t<div class=\"elementor-widget-container\">\n\t\t\t\t\t\t\t\t\t<h2><span data-sheets-root=\"1\"><img loading=\"lazy\" decoding=\"async\" class=\"wp-image-94585 alignright\" src=\"https:\/\/mundialdoqueijodobrasil.com\/wp-content\/uploads\/2026\/02\/kochen.webp\" alt=\"\" width=\"154\" height=\"192\" srcset=\"https:\/\/mundialdoqueijodobrasil.com\/wp-content\/uploads\/2026\/02\/kochen.webp 738w, https:\/\/mundialdoqueijodobrasil.com\/wp-content\/uploads\/2026\/02\/kochen-241x300.webp 241w, https:\/\/mundialdoqueijodobrasil.com\/wp-content\/uploads\/2026\/02\/kochen-10x12.webp 10w, https:\/\/mundialdoqueijodobrasil.com\/wp-content\/uploads\/2026\/02\/kochen-500x622.webp 500w, https:\/\/mundialdoqueijodobrasil.com\/wp-content\/uploads\/2026\/02\/kochen-700x871.webp 700w\" sizes=\"(max-width: 154px) 100vw, 154px\" \/>Aceites de oliva aromatizados Kochen<\/span><\/h2>\n<p><em>Vespasiano | MG<\/em><\/p>\n<p><span data-sheets-root=\"1\">Kochen es una l\u00ednea altamente exclusiva de aceites de oliva aromatizados artesanales. Una empresa joven y muy premiada en Europa, cuya calidad est\u00e1 avalada por 9 medallas de oro y 7 de plata en Italia. En 2024, recibimos el t\u00edtulo de mejor aceite de oliva aromatizado del mundo con nuestro sabor a Menta. .<br \/>Un sabor exquisito. Distintivo. En algunos detalles de sabor, presenta un toque sofisticado. <br \/>\u00a1M\u00e1s all\u00e1 del sabor! La producci\u00f3n se lleva a cabo en la zona rural que rodea a Vespasiano. <br \/>El aceite de oliva utilizado como base es virgen extra, con una acidez inferior a 0,4. Estos deliciosos sabores armonizan con diferentes quesos.<\/span><\/p>\n<p>(37) 99788-6627<\/p>\n<p>Instagram <a href=\"https:\/\/www.instagram.com\/kochenazeitessaborizados\">@kochenazeitessaborizados<\/a><\/p>\t\t\t\t\t\t\t\t<\/div>\n\t\t\t\t<\/div>\n\t\t\t\t<div class=\"elementor-element elementor-element-bcd0743 elementor-widget elementor-widget-text-editor\" data-id=\"bcd0743\" data-element_type=\"widget\" data-e-type=\"widget\" data-widget_type=\"text-editor.default\">\n\t\t\t\t<div class=\"elementor-widget-container\">\n\t\t\t\t\t\t\t\t\t<h2><span data-sheets-root=\"1\"><img loading=\"lazy\" decoding=\"async\" class=\"wp-image-94983 alignright\" src=\"https:\/\/mundialdoqueijodobrasil.com\/wp-content\/uploads\/2026\/03\/kaji.webp\" alt=\"\" width=\"208\" height=\"208\" srcset=\"https:\/\/mundialdoqueijodobrasil.com\/wp-content\/uploads\/2026\/03\/kaji.webp 503w, https:\/\/mundialdoqueijodobrasil.com\/wp-content\/uploads\/2026\/03\/kaji-300x300.webp 300w, https:\/\/mundialdoqueijodobrasil.com\/wp-content\/uploads\/2026\/03\/kaji-150x150.webp 150w, https:\/\/mundialdoqueijodobrasil.com\/wp-content\/uploads\/2026\/03\/kaji-12x12.webp 12w, https:\/\/mundialdoqueijodobrasil.com\/wp-content\/uploads\/2026\/03\/kaji-500x501.webp 500w, https:\/\/mundialdoqueijodobrasil.com\/wp-content\/uploads\/2026\/03\/kaji-100x100.webp 100w\" sizes=\"(max-width: 208px) 100vw, 208px\" \/>Mercado de caf\u00e9 y curiosidades de Kaji<\/span><\/h2>\n<p><em>S\u00e3o Paulo | SP<\/em><\/p>\n<p><span data-sheets-root=\"1\">Caf\u00e9s especiales y snacks japoneses-brasile\u00f1os. Kaji es una cafeter\u00eda y tienda de curiosidades ubicada en el Mercado Municipal de Pinheiros. Ofrece caf\u00e9s especiales y excepcionales, artesan\u00edas, objetos originales y accesorios. <em>amantes del caf\u00e9<\/em> y baristas. Tambi\u00e9n promueven experiencias culturales en el mercado y talleres relacionados con la cultura del caf\u00e9 y el mundo del t\u00e9. Creado por Giu, de ascendencia japonesa, y Felipe, de ascendencia de Minas Gerais, Kaji se est\u00e1 consolidando como un espacio que celebra Brasil a trav\u00e9s del encuentro entre estas dos culturas.<br \/><\/span><\/p>\n<p>(37) <span data-sheets-root=\"1\">11 998763339<\/span><br \/>Instagram <a href=\"https:\/\/www.instagram.com\/kaji_cofee\"><span data-sheets-root=\"1\">@kaji_coffee<\/span><\/a><\/p>\t\t\t\t\t\t\t\t<\/div>\n\t\t\t\t<\/div>\n\t\t\t\t<div class=\"elementor-element elementor-element-4800a5d elementor-widget elementor-widget-text-editor\" data-id=\"4800a5d\" data-element_type=\"widget\" data-e-type=\"widget\" data-widget_type=\"text-editor.default\">\n\t\t\t\t<div class=\"elementor-widget-container\">\n\t\t\t\t\t\t\t\t\t<h2><strong><img loading=\"lazy\" decoding=\"async\" class=\"wp-image-94941 alignright\" src=\"https:\/\/mundialdoqueijodobrasil.com\/wp-content\/uploads\/2026\/03\/lademadre.webp\" alt=\"\" width=\"226\" height=\"116\" srcset=\"https:\/\/mundialdoqueijodobrasil.com\/wp-content\/uploads\/2026\/03\/lademadre.webp 439w, https:\/\/mundialdoqueijodobrasil.com\/wp-content\/uploads\/2026\/03\/lademadre-300x154.webp 300w, https:\/\/mundialdoqueijodobrasil.com\/wp-content\/uploads\/2026\/03\/lademadre-18x9.webp 18w\" sizes=\"(max-width: 226px) 100vw, 226px\" \/>L\u00e1 de Madre, Hacienda y Queijaria<\/strong><\/h2>\n<p><!-- \/wp:heading --><!-- wp:paragraph --><\/p>\n<p><em>Madre de Dios de Minas | MG\u00a0<\/em><\/p>\n<p><!-- \/wp:paragraph --><!-- wp:image {\"lightbox\":{\"enabled\":false},\"id\":8182,\"sizeSlug\":\"full\",\"linkDestination\":\"custom\",\"align\":\"center\"} --><\/p>\n<p><!-- \/wp:image --><!-- wp:paragraph --><\/p>\n<p><span data-sheets-root=\"1\">Los quesos L\u00e1 de Madre son quesos artesanales y originales elaborados con leche cruda de vaca Jersey en la Fazenda Santa M\u00f4nica, en Campo das Vertentes. Con un largo periodo de maduraci\u00f3n, ofrecen sabores intensos y exclusivos para quienes aprecian la buena gastronom\u00eda y las experiencias \u00fanicas de maridaje.<\/span><\/p>\n<p><!-- \/wp:paragraph --><!-- wp:paragraph --><\/p>\n<p>Instagram: <a href=\"https:\/\/www.instagram.com\/lademadre\" target=\"_blank\" rel=\"noopener\">@lademadre<\/a><\/p>\n<p><!-- \/wp:paragraph --><!-- wp:paragraph --><\/p>\n<p>Contacto: <span data-sheets-root=\"1\">31 99942 6114<\/span><\/p>\t\t\t\t\t\t\t\t<\/div>\n\t\t\t\t<\/div>\n\t\t\t\t<div class=\"elementor-element elementor-element-e8dd3d2 elementor-widget elementor-widget-text-editor\" data-id=\"e8dd3d2\" data-element_type=\"widget\" data-e-type=\"widget\" data-widget_type=\"text-editor.default\">\n\t\t\t\t<div class=\"elementor-widget-container\">\n\t\t\t\t\t\t\t\t\t<h2><strong><img loading=\"lazy\" decoding=\"async\" class=\"wp-image-9679 alignright\" src=\"https:\/\/mundialdoqueijodobrasil.com\/wp-content\/uploads\/2024\/01\/logo_president_dourado-simulado-1-copie.webp\" alt=\"\" width=\"210\" height=\"132\" srcset=\"https:\/\/mundialdoqueijodobrasil.com\/wp-content\/uploads\/2024\/01\/logo_president_dourado-simulado-1-copie.webp 500w, https:\/\/mundialdoqueijodobrasil.com\/wp-content\/uploads\/2024\/01\/logo_president_dourado-simulado-1-copie-300x188.webp 300w\" sizes=\"(max-width: 210px) 100vw, 210px\" \/>Lactalis, productos l\u00e1cteos<\/strong><\/h2>\n<p><!-- \/wp:heading --><!-- wp:paragraph --><\/p>\n<p><em>Brasil<\/em><\/p>\n<p><!-- \/wp:paragraph --><!-- wp:image {\"lightbox\":{\"enabled\":false},\"id\":8182,\"sizeSlug\":\"full\",\"linkDestination\":\"custom\",\"align\":\"center\"} --><\/p>\n<p><!-- \/wp:image --><!-- wp:paragraph --><\/p>\n<p>A\u00a0<strong>Lactalis Brasil<\/strong> Se trata de la filial brasile\u00f1a del Grupo Lactalis, una multinacional francesa y el mayor fabricante mundial de productos l\u00e1cteos. Presente en el pa\u00eds desde hace m\u00e1s de una d\u00e9cada, gu\u00eda sus operaciones con el prop\u00f3sito de &quot;Nutrir el Futuro&quot;, buscando combinar la tradici\u00f3n l\u00e1ctea con la innovaci\u00f3n y la sostenibilidad para satisfacer las necesidades de los consumidores brasile\u00f1os.<\/p>\n<p><!-- \/wp:paragraph --><!-- wp:paragraph --><\/p>\n<p>Sitio: <a href=\"https:\/\/www.lactalis.com.br\/\">www.lactalis.com.br<\/a><\/p>\n<p>Instagram: <a href=\"https:\/\/www.instagram.com\/lactalisbrasil\">@lactalisbrasil<\/a><\/p>\n<p><!-- \/wp:paragraph --><!-- wp:paragraph --><\/p>\t\t\t\t\t\t\t\t<\/div>\n\t\t\t\t<\/div>\n\t\t\t\t<div class=\"elementor-element elementor-element-c50d19e elementor-widget elementor-widget-text-editor\" data-id=\"c50d19e\" data-element_type=\"widget\" data-e-type=\"widget\" data-widget_type=\"text-editor.default\">\n\t\t\t\t<div class=\"elementor-widget-container\">\n\t\t\t\t\t\t\t\t\t<h2><strong><a href=\"https:\/\/www.instagram.com\/queijarialaporta\/\"><img loading=\"lazy\" decoding=\"async\" class=\"alignright\" src=\"https:\/\/mundialdoqueijodobrasil.com\/wp-content\/uploads\/2024\/02\/queijaria-la-porta.webp\" alt=\"\" width=\"186\" height=\"186\" \/><\/a>La Porta, Queser\u00eda<\/strong><\/h2>\n<p><!-- \/wp:heading --><!-- wp:paragraph --><\/p>\n<p><em>Belmiro Braga | MG\u00a0<\/em><\/p>\n<p><!-- \/wp:paragraph --><!-- wp:image {\"lightbox\":{\"enabled\":false},\"id\":8182,\"sizeSlug\":\"full\",\"linkDestination\":\"custom\",\"align\":\"center\"} --><\/p>\n<p><!-- \/wp:image --><!-- wp:paragraph --><\/p>\n<p>En la familia de Gabriela y Marcio desde 1986, la Fazenda Santa Helena siempre ha producido leche. La transici\u00f3n a la queser\u00eda se produjo en 2021, tras los procesos de mejora de la leche y los estudios centrados en el queso, gracias a la formaci\u00f3n impartida por la colaboraci\u00f3n entre Mons y SerT\u00e3oBras. La nueva queser\u00eda se inaugur\u00f3 en noviembre de 2023, con una sala de curaci\u00f3n subterr\u00e1nea. Su gama de productos estrella incluye el Belmiro Blu, un queso azul, y otras variedades de queso cocido y prensado, con cortezas suaves y naturales, todos elaborados con leche cruda y pasteurizada de vaca, con m\u00e9todos de producci\u00f3n \u00fanicos.\u00a0<\/p>\n<p><!-- \/wp:paragraph --><!-- wp:paragraph --><\/p>\n<p>Instagram: <a href=\"https:\/\/www.instagram.com\/queijarialaporta\">@queijarialaporta<\/a><\/p>\n<p><!-- \/wp:paragraph --><!-- wp:paragraph --><\/p>\n<p>Contacto: 32 9 8445-7274<\/p>\t\t\t\t\t\t\t\t<\/div>\n\t\t\t\t<\/div>\n\t\t\t\t<div class=\"elementor-element elementor-element-486c52c elementor-widget elementor-widget-text-editor\" data-id=\"486c52c\" data-element_type=\"widget\" data-e-type=\"widget\" data-widget_type=\"text-editor.default\">\n\t\t\t\t<div class=\"elementor-widget-container\">\n\t\t\t\t\t\t\t\t\t<h2><img loading=\"lazy\" decoding=\"async\" class=\"wp-image-95710 alignright\" src=\"https:\/\/mundialdoqueijodobrasil.com\/wp-content\/uploads\/2026\/04\/latto.webp\" alt=\"\" width=\"216\" height=\"126\" srcset=\"https:\/\/mundialdoqueijodobrasil.com\/wp-content\/uploads\/2026\/04\/latto.webp 1202w, https:\/\/mundialdoqueijodobrasil.com\/wp-content\/uploads\/2026\/04\/latto-300x175.webp 300w, https:\/\/mundialdoqueijodobrasil.com\/wp-content\/uploads\/2026\/04\/latto-1024x598.webp 1024w, https:\/\/mundialdoqueijodobrasil.com\/wp-content\/uploads\/2026\/04\/latto-768x449.webp 768w, https:\/\/mundialdoqueijodobrasil.com\/wp-content\/uploads\/2026\/04\/latto-18x12.webp 18w, https:\/\/mundialdoqueijodobrasil.com\/wp-content\/uploads\/2026\/04\/latto-500x292.webp 500w, https:\/\/mundialdoqueijodobrasil.com\/wp-content\/uploads\/2026\/04\/latto-700x409.webp 700w\" sizes=\"(max-width: 216px) 100vw, 216px\" \/>Panader\u00eda Latto<\/h2>\n<p><!-- \/wp:heading --><!-- wp:paragraph --><\/p>\n<p><em>Lavras | MG\u00a0<\/em><\/p>\n<p><!-- \/wp:paragraph --><!-- wp:image {\"lightbox\":{\"enabled\":false},\"id\":8182,\"sizeSlug\":\"full\",\"linkDestination\":\"custom\",\"align\":\"center\"} --><\/p>\n<p><!-- \/wp:image --><!-- wp:paragraph --><\/p>\n<p class=\"p1\"><span class=\"s1\">\u00ab<i>Somos del interior de Minas Gerais, y crecer aqu\u00ed significa crecer rodeados de leche, una estufa encendida, ollas pesadas e historias contadas alrededor de la mesa. En memoria de Lucas, su abuela Irene revolviendo los dulces a mano es un gesto repetido con paciencia, de esos que ense\u00f1an sin necesidad de palabras. LATTO viene de lata (lata), donde se transporta la leche. Es un s\u00edmbolo de comienzos, del campo, de respeto por aquello que lo sustenta todo.<\/i>\u00bb.<\/span><\/p>\n<p class=\"p1\"><span class=\"s1\"><b>Instagram:<\/b> <a href=\"https:\/\/www.instagram.com\/lattomg\" target=\"_blank\" rel=\"noopener\">@lattomg<\/a><\/span><\/p>\n<p class=\"p1\"><span class=\"s1\"><b>Tel\u00e9fono:<\/b> 35 998599090<br \/><\/span><\/p>\t\t\t\t\t\t\t\t<\/div>\n\t\t\t\t<\/div>\n\t\t\t\t<div class=\"elementor-element elementor-element-590ecd3 elementor-widget elementor-widget-text-editor\" data-id=\"590ecd3\" data-element_type=\"widget\" data-e-type=\"widget\" data-widget_type=\"text-editor.default\">\n\t\t\t\t<div class=\"elementor-widget-container\">\n\t\t\t\t\t\t\t\t\t<h2><img loading=\"lazy\" decoding=\"async\" class=\"wp-image-95950 alignright\" src=\"https:\/\/mundialdoqueijodobrasil.com\/wp-content\/uploads\/2026\/04\/Foto-de-Eduardo-Lo-Buono-Eduardo-lo-buono.webp\" alt=\"\" width=\"203\" height=\"203\" srcset=\"https:\/\/mundialdoqueijodobrasil.com\/wp-content\/uploads\/2026\/04\/Foto-de-Eduardo-Lo-Buono-Eduardo-lo-buono.webp 500w, https:\/\/mundialdoqueijodobrasil.com\/wp-content\/uploads\/2026\/04\/Foto-de-Eduardo-Lo-Buono-Eduardo-lo-buono-300x300.webp 300w, https:\/\/mundialdoqueijodobrasil.com\/wp-content\/uploads\/2026\/04\/Foto-de-Eduardo-Lo-Buono-Eduardo-lo-buono-150x150.webp 150w, https:\/\/mundialdoqueijodobrasil.com\/wp-content\/uploads\/2026\/04\/Foto-de-Eduardo-Lo-Buono-Eduardo-lo-buono-12x12.webp 12w, https:\/\/mundialdoqueijodobrasil.com\/wp-content\/uploads\/2026\/04\/Foto-de-Eduardo-Lo-Buono-Eduardo-lo-buono-100x100.webp 100w\" sizes=\"(max-width: 203px) 100vw, 203px\" \/>Latte Buono<\/h2>\n<p><!-- \/wp:heading --><!-- wp:paragraph --><\/p>\n<p><em>Valen\u00e7a | RJ<\/em><\/p>\n<p><!-- \/wp:paragraph --><!-- wp:image {\"lightbox\":{\"enabled\":false},\"id\":8182,\"sizeSlug\":\"full\",\"linkDestination\":\"custom\",\"align\":\"center\"} --><\/p>\n<p><!-- \/wp:image --><!-- wp:paragraph --><\/p>\n<p class=\"p1\"><span data-sheets-root=\"1\">Productos l\u00e1cteos elaborados con leche de b\u00fafala 100%, utilizando un m\u00e9todo familiar tradicional.<\/span><\/p>\n<p><strong>Tel\u00e9fono:\u00a0<\/strong><span data-sheets-root=\"1\">21 994032251 <\/span><\/p>\n<p class=\"p1\"><span class=\"s1\"><b>Instagram:<\/b> <a href=\"https:\/\/www.instagram.com\/lattebuono\" target=\"_blank\" rel=\"noopener\">@<span data-sheets-root=\"1\">@lattebuono<\/span><\/a><\/span><\/p>\n<p class=\"p1\"><span class=\"s1\"><b>Tel\u00e9fono:<\/b> 35 998599090<br \/><\/span><\/p>\t\t\t\t\t\t\t\t<\/div>\n\t\t\t\t<\/div>\n\t\t\t\t<div class=\"elementor-element elementor-element-3f72ff3 elementor-widget elementor-widget-text-editor\" data-id=\"3f72ff3\" data-element_type=\"widget\" data-e-type=\"widget\" data-widget_type=\"text-editor.default\">\n\t\t\t\t<div class=\"elementor-widget-container\">\n\t\t\t\t\t\t\t\t\t<h2><strong><img loading=\"lazy\" decoding=\"async\" class=\"wp-image-94583 alignright\" src=\"https:\/\/mundialdoqueijodobrasil.com\/wp-content\/uploads\/2026\/02\/LOGO-FAZENDA-LIBERDADE.webp\" alt=\"\" width=\"206\" height=\"151\" srcset=\"https:\/\/mundialdoqueijodobrasil.com\/wp-content\/uploads\/2026\/02\/LOGO-FAZENDA-LIBERDADE.webp 560w, https:\/\/mundialdoqueijodobrasil.com\/wp-content\/uploads\/2026\/02\/LOGO-FAZENDA-LIBERDADE-300x220.webp 300w, https:\/\/mundialdoqueijodobrasil.com\/wp-content\/uploads\/2026\/02\/LOGO-FAZENDA-LIBERDADE-16x12.webp 16w, https:\/\/mundialdoqueijodobrasil.com\/wp-content\/uploads\/2026\/02\/LOGO-FAZENDA-LIBERDADE-500x366.webp 500w\" sizes=\"(max-width: 206px) 100vw, 206px\" \/>Libertad, Granja<\/strong><\/h2>\n<p><!-- \/wp:heading --><!-- wp:paragraph --><\/p>\n<p><em>Benedicto Novo\/Santa Catarina<\/em><\/p>\n<p><!-- \/wp:paragraph --><!-- wp:image {\"lightbox\":{\"enabled\":false},\"id\":8182,\"sizeSlug\":\"full\",\"linkDestination\":\"custom\",\"align\":\"center\"} --><\/p>\n<p><!-- \/wp:image --><!-- wp:paragraph --><\/p>\n<p><span data-sheets-root=\"1\">Esta queser\u00eda artesanal, que procesa leche de vacas Jersey, recibe a los visitantes y ofrece experiencias gastron\u00f3micas como degustaciones de quesos curados y t\u00e9s tradicionales de la tarde.<\/span><\/p>\n<p><!-- \/wp:paragraph --><!-- wp:paragraph --><\/p>\n<p>Instagram: <a href=\"https:\/\/www.instagram.com\/liberdadefazenda\"><span data-sheets-root=\"1\">@liberdadefazenta<\/span><\/a><\/p>\n<p><!-- \/wp:paragraph --><!-- wp:paragraph --><\/p>\n<p>Contacto: (47) 9 9181-1350<\/p>\t\t\t\t\t\t\t\t<\/div>\n\t\t\t\t<\/div>\n\t\t\t\t<div class=\"elementor-element elementor-element-e373af7 elementor-widget elementor-widget-text-editor\" data-id=\"e373af7\" data-element_type=\"widget\" data-e-type=\"widget\" data-widget_type=\"text-editor.default\">\n\t\t\t\t<div class=\"elementor-widget-container\">\n\t\t\t\t\t\t\t\t\t<h2><strong><span data-sheets-root=\"1\"><img loading=\"lazy\" decoding=\"async\" class=\"wp-image-94948 alignright\" src=\"https:\/\/mundialdoqueijodobrasil.com\/wp-content\/uploads\/2026\/03\/liric.webp\" alt=\"\" width=\"212\" height=\"67\" srcset=\"https:\/\/mundialdoqueijodobrasil.com\/wp-content\/uploads\/2026\/03\/liric.webp 491w, https:\/\/mundialdoqueijodobrasil.com\/wp-content\/uploads\/2026\/03\/liric-300x95.webp 300w, https:\/\/mundialdoqueijodobrasil.com\/wp-content\/uploads\/2026\/03\/liric-18x6.webp 18w\" sizes=\"(max-width: 212px) 100vw, 212px\" \/>Destiler\u00eda Lyric<\/span><br \/><\/strong><\/h2>\n<p><!-- \/wp:heading --><!-- wp:paragraph --><\/p>\n<p><em>Jundia\u00ed \/ SP<\/em><\/p>\n<p><!-- \/wp:paragraph --><!-- wp:image {\"lightbox\":{\"enabled\":false},\"id\":8182,\"sizeSlug\":\"full\",\"linkDestination\":\"custom\",\"align\":\"center\"} --><\/p>\n<p><!-- \/wp:image --><!-- wp:paragraph --><\/p>\n<p><span data-sheets-root=\"1\">Liric, ginebra de vanguardia. Ofrecemos una experiencia sensorial \u00fanica; cada sorbo es una verdadera obra de arte. Nos comprometemos a transformar los momentos cotidianos en celebraciones sofisticadas, garantizando una sinfon\u00eda de placer y exclusividad.<\/span><\/p>\n<p><!-- \/wp:paragraph --><!-- wp:paragraph --><\/p>\n<p>Sitio: <span data-sheets-root=\"1\"><a class=\"in-cell-link\" href=\"http:\/\/www.liric.com.br\" target=\"_blank\" rel=\"noopener\">www.liric.com.br<\/a><\/span><\/p>\n<p><!-- \/wp:paragraph --><!-- wp:paragraph --><\/p>\n<p>Contacto: <span data-sheets-root=\"1\">11 996162366<\/span><\/p>\t\t\t\t\t\t\t\t<\/div>\n\t\t\t\t<\/div>\n\t\t\t\t<div class=\"elementor-element elementor-element-912a71b elementor-widget elementor-widget-text-editor\" data-id=\"912a71b\" data-element_type=\"widget\" data-e-type=\"widget\" data-widget_type=\"text-editor.default\">\n\t\t\t\t<div class=\"elementor-widget-container\">\n\t\t\t\t\t\t\t\t\t<h2><strong><span data-sheets-root=\"1\">Mato Grosso, <\/span><\/strong><strong><span data-sheets-root=\"1\">Sebrae <\/span><\/strong><\/h2>\n<p><!-- \/wp:heading --><!-- wp:paragraph --><\/p>\n<p><!-- \/wp:paragraph --><!-- wp:image {\"lightbox\":{\"enabled\":false},\"id\":8182,\"sizeSlug\":\"full\",\"linkDestination\":\"custom\",\"align\":\"center\"} --><\/p>\n<p><!-- \/wp:image --><!-- wp:paragraph --><\/p>\n<p class=\"p1\">Sebrae invita a los productores de quesos artesanales del estado a presentar y vender sus quesos.<\/p>\t\t\t\t\t\t\t\t<\/div>\n\t\t\t\t<\/div>\n\t\t\t\t<div class=\"elementor-element elementor-element-461b61e elementor-widget elementor-widget-text-editor\" data-id=\"461b61e\" data-element_type=\"widget\" data-e-type=\"widget\" data-widget_type=\"text-editor.default\">\n\t\t\t\t<div class=\"elementor-widget-container\">\n\t\t\t\t\t\t\t\t\t<h2><strong><img loading=\"lazy\" decoding=\"async\" class=\"wp-image-94590 alignright\" src=\"https:\/\/mundialdoqueijodobrasil.com\/wp-content\/uploads\/2026\/02\/logo-maranata.webp\" alt=\"\" width=\"186\" height=\"191\" srcset=\"https:\/\/mundialdoqueijodobrasil.com\/wp-content\/uploads\/2026\/02\/logo-maranata.webp 1260w, https:\/\/mundialdoqueijodobrasil.com\/wp-content\/uploads\/2026\/02\/logo-maranata-291x300.webp 291w, https:\/\/mundialdoqueijodobrasil.com\/wp-content\/uploads\/2026\/02\/logo-maranata-994x1024.webp 994w, https:\/\/mundialdoqueijodobrasil.com\/wp-content\/uploads\/2026\/02\/logo-maranata-768x791.webp 768w, https:\/\/mundialdoqueijodobrasil.com\/wp-content\/uploads\/2026\/02\/logo-maranata-12x12.webp 12w, https:\/\/mundialdoqueijodobrasil.com\/wp-content\/uploads\/2026\/02\/logo-maranata-500x515.webp 500w, https:\/\/mundialdoqueijodobrasil.com\/wp-content\/uploads\/2026\/02\/logo-maranata-700x721.webp 700w\" sizes=\"(max-width: 186px) 100vw, 186px\" \/>Maranata, Rancho<\/strong><\/h2>\n<p><!-- \/wp:heading --><!-- wp:paragraph --><\/p>\n<p>Virginia | MG<\/p>\n<p><!-- \/wp:paragraph --><!-- wp:image {\"lightbox\":{\"enabled\":false},\"id\":8182,\"sizeSlug\":\"full\",\"linkDestination\":\"custom\",\"align\":\"center\"} --><\/p>\n<p><!-- \/wp:image --><!-- wp:paragraph --><\/p>\n<p><span data-sheets-root=\"1\">La queser\u00eda Rancho Maranata se encuentra en la ladera de la Serra da Mantiqueira, en Minas Gerais, donde Henrique Lamin, el quesero, pas\u00f3 su infancia. En 2017, tras estudiar y vivir en el extranjero, decidi\u00f3 regresar a sus ra\u00edces, como nieto de un productor de leche e hijo de un quesero.<br \/>Para la producci\u00f3n de queso se utiliza \u00fanicamente leche de nuestra propia granja, tipo A2A2 de vacas Jersey.<br \/>El proceso de maduraci\u00f3n es largo y se realiza completamente con leche cruda. Suministran quesos y dulces a todo Brasil.<br \/><\/span><\/p>\n<p><!-- \/wp:paragraph --><!-- wp:paragraph --><\/p>\n<p>Instagram: <a href=\"https:\/\/www.instagram.com\/rancho_maranata\">@rancho_maranata<\/a><\/p>\n<p><!-- \/wp:paragraph --><!-- wp:paragraph --><\/p>\n<p>Contacto: <span data-sheets-root=\"1\">35 998092807 <\/span><\/p>\t\t\t\t\t\t\t\t<\/div>\n\t\t\t\t<\/div>\n\t\t\t\t<div class=\"elementor-element elementor-element-e67d9a6 elementor-widget elementor-widget-text-editor\" data-id=\"e67d9a6\" data-element_type=\"widget\" data-e-type=\"widget\" data-widget_type=\"text-editor.default\">\n\t\t\t\t<div class=\"elementor-widget-container\">\n\t\t\t\t\t\t\t\t\t<h2><strong><img loading=\"lazy\" decoding=\"async\" class=\"wp-image-95959 alignright\" src=\"https:\/\/mundialdoqueijodobrasil.com\/wp-content\/uploads\/2026\/04\/Artboard-6logo-Latici\u0301nio-Marque\u0302s-de-Valenc\u0327a.webp\" alt=\"\" width=\"179\" height=\"179\" srcset=\"https:\/\/mundialdoqueijodobrasil.com\/wp-content\/uploads\/2026\/04\/Artboard-6logo-Latici\u0301nio-Marque\u0302s-de-Valenc\u0327a.webp 500w, https:\/\/mundialdoqueijodobrasil.com\/wp-content\/uploads\/2026\/04\/Artboard-6logo-Latici\u0301nio-Marque\u0302s-de-Valenc\u0327a-300x300.webp 300w, https:\/\/mundialdoqueijodobrasil.com\/wp-content\/uploads\/2026\/04\/Artboard-6logo-Latici\u0301nio-Marque\u0302s-de-Valenc\u0327a-150x150.webp 150w, https:\/\/mundialdoqueijodobrasil.com\/wp-content\/uploads\/2026\/04\/Artboard-6logo-Latici\u0301nio-Marque\u0302s-de-Valenc\u0327a-12x12.webp 12w, https:\/\/mundialdoqueijodobrasil.com\/wp-content\/uploads\/2026\/04\/Artboard-6logo-Latici\u0301nio-Marque\u0302s-de-Valenc\u0327a-100x100.webp 100w\" sizes=\"(max-width: 179px) 100vw, 179px\" \/>Marqu\u00e9s de Valen\u00e7a, Lecher\u00eda<\/strong><\/h2>\n<p><!-- \/wp:heading --><!-- wp:paragraph --><\/p>\n<p>Valencia | RJ<\/p>\n<p><!-- \/wp:paragraph --><!-- wp:image {\"lightbox\":{\"enabled\":false},\"id\":8182,\"sizeSlug\":\"full\",\"linkDestination\":\"custom\",\"align\":\"center\"} --><\/p>\n<p><!-- \/wp:image --><!-- wp:paragraph --><\/p>\n<p><span data-sheets-root=\"1\">Con m\u00e1s de 30 a\u00f1os de trayectoria en el sector l\u00e1cteo, gracias al progreso y la dedicaci\u00f3n de la familia, la empresa ha cosechado numerosos premios. La marca comenz\u00f3 afianz\u00e1ndose con su famoso queso fresco y ha evolucionado con una estructura m\u00e1s grande y moderna, ampliando tambi\u00e9n su cat\u00e1logo de productos. <br \/>Invertir en innovaci\u00f3n con sostenibilidad.<br \/><\/span><\/p>\n<p><!-- \/wp:paragraph --><!-- wp:paragraph --><\/p>\n<p>Contacto: <span data-sheets-root=\"1\">2498881-1715<\/span><\/p>\n<p>Instagram: <a href=\"https:\/\/www.instagram.com\/rancho_maranata\">@<span data-sheets-root=\"1\">marquesdevalenca.laticio<\/span><\/a><\/p>\n<p><!-- \/wp:paragraph --><!-- wp:paragraph --><\/p>\n<p>Contacto: <span data-sheets-root=\"1\">35 998092807 <\/span><\/p>\t\t\t\t\t\t\t\t<\/div>\n\t\t\t\t<\/div>\n\t\t\t\t<div class=\"elementor-element elementor-element-b32ef6c elementor-widget elementor-widget-text-editor\" data-id=\"b32ef6c\" data-element_type=\"widget\" data-e-type=\"widget\" data-widget_type=\"text-editor.default\">\n\t\t\t\t<div class=\"elementor-widget-container\">\n\t\t\t\t\t\t\t\t\t<h2><strong><a href=\"https:\/\/www.instagram.com\/mbeemel?igsh=MTJ0NW9hdmVtc3MyNw==\"><img decoding=\"async\" class=\"alignright\" style=\"width: 320px; height: auto;\" src=\"https:\/\/mundialdoqueijodobrasil.com\/wp-content\/uploads\/2024\/03\/mbee_terroir_preto-1024x422.webp\" alt=\"\" \/><\/a>Mbee Mel<\/strong><\/h2>\n<p><!-- \/wp:heading --><!-- wp:paragraph --><\/p>\n<p>Atibaia | SP\u00a0<\/p>\n<p><!-- \/wp:paragraph --><!-- wp:image {\"lightbox\":{\"enabled\":false},\"id\":9494,\"width\":\"320px\",\"height\":\"auto\",\"sizeSlug\":\"large\",\"linkDestination\":\"custom\",\"align\":\"center\"} --><\/p>\n<p><!-- \/wp:image --><!-- wp:paragraph --><\/p>\n<p>La misi\u00f3n de Mbee Mel de Terroir es redefinir el uso de la miel en el mercado brasile\u00f1o, ampliando las ocasiones de consumo de miel en la vida cotidiana y en la alta cocina.\u00a0<\/p>\n<p><!-- \/wp:paragraph --><!-- wp:paragraph --><\/p>\n<p>Eug\u00eanio y M\u00e1rcia Basile, fundadores de la marca en Fazenda Itaic\u00e1, se especializan en abejas sin aguij\u00f3n brasile\u00f1as, de enorme importancia para nuestros biomas. Trabajan con 15 mieles nativas y mieles de abejas Apis.<\/p>\n<p><!-- \/wp:paragraph --><!-- wp:paragraph --><\/p>\n<p>Contacto: (11) 97230-1642<br \/>Sitio web: lojambee.com.br<br \/>Instagram: <a href=\"https:\/\/www.instagram.com\/mbeemel\">@mbeemel<\/a><\/p>\t\t\t\t\t\t\t\t<\/div>\n\t\t\t\t<\/div>\n\t\t\t\t<div class=\"elementor-element elementor-element-b87d66a elementor-widget elementor-widget-text-editor\" data-id=\"b87d66a\" data-element_type=\"widget\" data-e-type=\"widget\" data-widget_type=\"text-editor.default\">\n\t\t\t\t<div class=\"elementor-widget-container\">\n\t\t\t\t\t\t\t\t\t<h2><strong><img loading=\"lazy\" decoding=\"async\" class=\"wp-image-94591 alignright\" src=\"https:\/\/mundialdoqueijodobrasil.com\/wp-content\/uploads\/2026\/02\/fundobranco_-_1_-Me-Lambuzei.webp\" alt=\"\" width=\"200\" height=\"200\" srcset=\"https:\/\/mundialdoqueijodobrasil.com\/wp-content\/uploads\/2026\/02\/fundobranco_-_1_-Me-Lambuzei.webp 1182w, https:\/\/mundialdoqueijodobrasil.com\/wp-content\/uploads\/2026\/02\/fundobranco_-_1_-Me-Lambuzei-300x300.webp 300w, https:\/\/mundialdoqueijodobrasil.com\/wp-content\/uploads\/2026\/02\/fundobranco_-_1_-Me-Lambuzei-1024x1024.webp 1024w, https:\/\/mundialdoqueijodobrasil.com\/wp-content\/uploads\/2026\/02\/fundobranco_-_1_-Me-Lambuzei-150x150.webp 150w, https:\/\/mundialdoqueijodobrasil.com\/wp-content\/uploads\/2026\/02\/fundobranco_-_1_-Me-Lambuzei-768x768.webp 768w, https:\/\/mundialdoqueijodobrasil.com\/wp-content\/uploads\/2026\/02\/fundobranco_-_1_-Me-Lambuzei-12x12.webp 12w, https:\/\/mundialdoqueijodobrasil.com\/wp-content\/uploads\/2026\/02\/fundobranco_-_1_-Me-Lambuzei-500x500.webp 500w, https:\/\/mundialdoqueijodobrasil.com\/wp-content\/uploads\/2026\/02\/fundobranco_-_1_-Me-Lambuzei-700x700.webp 700w, https:\/\/mundialdoqueijodobrasil.com\/wp-content\/uploads\/2026\/02\/fundobranco_-_1_-Me-Lambuzei-100x100.webp 100w\" sizes=\"(max-width: 200px) 100vw, 200px\" \/>Me puse todo desordenado.<\/strong><\/h2>\n<p><!-- \/wp:heading --><!-- wp:paragraph --><\/p>\n<p>San Lorenzo | MG\u00a0<\/p>\n<p><!-- \/wp:paragraph --><!-- wp:image {\"lightbox\":{\"enabled\":false},\"id\":9494,\"width\":\"320px\",\"height\":\"auto\",\"sizeSlug\":\"large\",\"linkDestination\":\"custom\",\"align\":\"center\"} --><\/p>\n<p><!-- \/wp:image --><!-- wp:paragraph --><\/p>\n<p><span data-sheets-root=\"1\">Me Lambuzei es una marca artesanal que transforma frutas selectas en mermeladas llenas de sabor, cari\u00f1o y autenticidad. Cada receta se elabora con mimo, ingredientes de calidad y un toque casero, llevando a tu mesa el simple placer de disfrutar de algo verdaderamente delicioso.<\/span><\/p>\n<p><!-- \/wp:paragraph --><!-- wp:paragraph --><\/p>\n<p>Contacto: <span data-sheets-root=\"1\">35997218057 \/ 35997038871<\/span><br \/>\u00a0Instagram: <a href=\"https:\/\/www.instagram.com\/me_lambuzei\">@me_lambuzei<\/a><\/p>\t\t\t\t\t\t\t\t<\/div>\n\t\t\t\t<\/div>\n\t\t\t\t<div class=\"elementor-element elementor-element-f57d53b elementor-widget elementor-widget-text-editor\" data-id=\"f57d53b\" data-element_type=\"widget\" data-e-type=\"widget\" data-widget_type=\"text-editor.default\">\n\t\t\t\t<div class=\"elementor-widget-container\">\n\t\t\t\t\t\t\t\t\t<h2><strong><img loading=\"lazy\" decoding=\"async\" class=\"wp-image-94600 alignright\" src=\"https:\/\/mundialdoqueijodobrasil.com\/wp-content\/uploads\/2026\/02\/IMG-20251203-WA0023-PottoP-produtos-artesanais.webp\" alt=\"\" width=\"211\" height=\"211\" srcset=\"https:\/\/mundialdoqueijodobrasil.com\/wp-content\/uploads\/2026\/02\/IMG-20251203-WA0023-PottoP-produtos-artesanais.webp 1600w, https:\/\/mundialdoqueijodobrasil.com\/wp-content\/uploads\/2026\/02\/IMG-20251203-WA0023-PottoP-produtos-artesanais-300x300.webp 300w, https:\/\/mundialdoqueijodobrasil.com\/wp-content\/uploads\/2026\/02\/IMG-20251203-WA0023-PottoP-produtos-artesanais-1024x1024.webp 1024w, https:\/\/mundialdoqueijodobrasil.com\/wp-content\/uploads\/2026\/02\/IMG-20251203-WA0023-PottoP-produtos-artesanais-150x150.webp 150w, https:\/\/mundialdoqueijodobrasil.com\/wp-content\/uploads\/2026\/02\/IMG-20251203-WA0023-PottoP-produtos-artesanais-768x768.webp 768w, https:\/\/mundialdoqueijodobrasil.com\/wp-content\/uploads\/2026\/02\/IMG-20251203-WA0023-PottoP-produtos-artesanais-1536x1536.webp 1536w, https:\/\/mundialdoqueijodobrasil.com\/wp-content\/uploads\/2026\/02\/IMG-20251203-WA0023-PottoP-produtos-artesanais-12x12.webp 12w, https:\/\/mundialdoqueijodobrasil.com\/wp-content\/uploads\/2026\/02\/IMG-20251203-WA0023-PottoP-produtos-artesanais-500x500.webp 500w, https:\/\/mundialdoqueijodobrasil.com\/wp-content\/uploads\/2026\/02\/IMG-20251203-WA0023-PottoP-produtos-artesanais-700x700.webp 700w, https:\/\/mundialdoqueijodobrasil.com\/wp-content\/uploads\/2026\/02\/IMG-20251203-WA0023-PottoP-produtos-artesanais-100x100.webp 100w\" sizes=\"(max-width: 211px) 100vw, 211px\" \/>Mi tapa de olla<\/strong><\/h2>\n<p><!-- \/wp:heading --><!-- wp:paragraph --><\/p>\n<p><!-- \/wp:paragraph --><!-- wp:image {\"lightbox\":{\"enabled\":false},\"id\":9494,\"width\":\"320px\",\"height\":\"auto\",\"sizeSlug\":\"large\",\"linkDestination\":\"custom\",\"align\":\"center\"} --><\/p>\n<p><!-- \/wp:image --><!-- wp:paragraph --><\/p>\n<p><em>Guarulhos | SP<\/em><\/p>\n<p><span data-sheets-root=\"1\">Antipasti y mermeladas caseras, hechas con cari\u00f1o y sin conservantes. Combinan a la perfecci\u00f3n con quesos, pan, vinos, con todo.<\/span><\/p>\n<p><!-- \/wp:paragraph --><!-- wp:paragraph --><\/p>\n<p>Contacto: <span data-sheets-root=\"1\">35997218057 \/ 35997038871<\/span><br \/>\u00a0Instagram: <a href=\"https:\/\/www.instagram.com\/meupot.top\">@meupot.top<\/a><\/p>\t\t\t\t\t\t\t\t<\/div>\n\t\t\t\t<\/div>\n\t\t\t\t<div class=\"elementor-element elementor-element-75515d7 elementor-widget elementor-widget-text-editor\" data-id=\"75515d7\" data-element_type=\"widget\" data-e-type=\"widget\" data-widget_type=\"text-editor.default\">\n\t\t\t\t<div class=\"elementor-widget-container\">\n\t\t\t\t\t\t\t\t\t<h2><strong>Minas Gerais, Sebrae<\/strong><\/h2>\n<p><!-- \/wp:heading --><!-- wp:paragraph --><\/p>\n<p><!-- \/wp:paragraph --><!-- wp:image {\"lightbox\":{\"enabled\":false},\"id\":9494,\"width\":\"320px\",\"height\":\"auto\",\"sizeSlug\":\"large\",\"linkDestination\":\"custom\",\"align\":\"center\"} --><\/p>\n<p><!-- \/wp:image --><!-- wp:paragraph --><\/p>\n<p>Sebrae invita a los productores de quesos artesanales del estado a presentar y vender sus quesos.<\/p>\t\t\t\t\t\t\t\t<\/div>\n\t\t\t\t<\/div>\n\t\t\t\t<div class=\"elementor-element elementor-element-0c02695 elementor-widget elementor-widget-text-editor\" data-id=\"0c02695\" data-element_type=\"widget\" data-e-type=\"widget\" data-widget_type=\"text-editor.default\">\n\t\t\t\t<div class=\"elementor-widget-container\">\n\t\t\t\t\t\t\t\t\t<h2><strong><span data-sheets-root=\"1\"><img loading=\"lazy\" decoding=\"async\" class=\"wp-image-94943 alignright\" src=\"https:\/\/mundialdoqueijodobrasil.com\/wp-content\/uploads\/2026\/03\/mocacaseira.webp\" alt=\"\" width=\"235\" height=\"68\" srcset=\"https:\/\/mundialdoqueijodobrasil.com\/wp-content\/uploads\/2026\/03\/mocacaseira.webp 500w, https:\/\/mundialdoqueijodobrasil.com\/wp-content\/uploads\/2026\/03\/mocacaseira-300x88.webp 300w, https:\/\/mundialdoqueijodobrasil.com\/wp-content\/uploads\/2026\/03\/mocacaseira-18x5.webp 18w\" sizes=\"(max-width: 235px) 100vw, 235px\" \/>Ama de casa<\/span><br \/><\/strong><\/h2>\n<p>Campinas | SP<\/p>\n<p><!-- \/wp:heading --><!-- wp:paragraph --><\/p>\n<p><!-- \/wp:paragraph --><!-- wp:image {\"lightbox\":{\"enabled\":false},\"id\":9494,\"width\":\"320px\",\"height\":\"auto\",\"sizeSlug\":\"large\",\"linkDestination\":\"custom\",\"align\":\"center\"} --><\/p>\n<p><!-- \/wp:image --><!-- wp:paragraph --><\/p>\n<p><span data-sheets-root=\"1\">Antipastos y mermeladas caseras elaboradas con frutas seleccionadas.<br \/>Sin colorantes artificiales, sin conservantes artificiales, sin saborizantes artificiales, sin pectina en polvo a\u00f1adida.<br \/>De esta forma, conservamos el sabor, el color y la consistencia de una mermelada de primera calidad.<br \/>Nuestros antipastos se elaboran artesanalmente con una combinaci\u00f3n de especias que realzan su sabor, utilizando ingredientes frescos cuidadosamente seleccionados. Cada frasco es una celebraci\u00f3n del aut\u00e9ntico sabor, hecho con cari\u00f1o para su mesa.<br \/><\/span><\/p>\n<p><!-- \/wp:paragraph --><!-- wp:paragraph --><\/p>\n<p>Contacto: (19)991352663 y (19)991798333<br \/>\u00a0Instagram: <a href=\"https:\/\/www.instagram.com\/moca_caseira\">@moca_caseira<\/a><\/p>\t\t\t\t\t\t\t\t<\/div>\n\t\t\t\t<\/div>\n\t\t\t\t<div class=\"elementor-element elementor-element-51088e2 elementor-widget elementor-widget-text-editor\" data-id=\"51088e2\" data-element_type=\"widget\" data-e-type=\"widget\" data-widget_type=\"text-editor.default\">\n\t\t\t\t<div class=\"elementor-widget-container\">\n\t\t\t\t\t\t\t\t\t<h2><strong><span data-sheets-root=\"1\"><img loading=\"lazy\" decoding=\"async\" class=\"wp-image-94953 alignright\" src=\"https:\/\/mundialdoqueijodobrasil.com\/wp-content\/uploads\/2026\/03\/nacon.webp\" alt=\"\" width=\"185\" height=\"123\" srcset=\"https:\/\/mundialdoqueijodobrasil.com\/wp-content\/uploads\/2026\/03\/nacon.webp 704w, https:\/\/mundialdoqueijodobrasil.com\/wp-content\/uploads\/2026\/03\/nacon-300x199.webp 300w, https:\/\/mundialdoqueijodobrasil.com\/wp-content\/uploads\/2026\/03\/nacon-18x12.webp 18w, https:\/\/mundialdoqueijodobrasil.com\/wp-content\/uploads\/2026\/03\/nacon-500x332.webp 500w, https:\/\/mundialdoqueijodobrasil.com\/wp-content\/uploads\/2026\/03\/nacon-700x464.webp 700w\" sizes=\"(max-width: 185px) 100vw, 185px\" \/>Nacon, distribuidor de quesos finos<\/span><br \/><\/strong><\/h2>\n<p>Araraquara | SP<\/p>\n<p><!-- \/wp:heading --><!-- wp:paragraph --><\/p>\n<p><!-- \/wp:paragraph --><!-- wp:image {\"lightbox\":{\"enabled\":false},\"id\":9494,\"width\":\"320px\",\"height\":\"auto\",\"sizeSlug\":\"large\",\"linkDestination\":\"custom\",\"align\":\"center\"} --><\/p>\n<p><!-- \/wp:image --><!-- wp:paragraph --><\/p>\n<p><span data-sheets-root=\"1\">Nacon es una marca de productos l\u00e1cteos centrada en la producci\u00f3n y comercializaci\u00f3n de productos de alta calidad.<\/span><\/p>\n<p><!-- \/wp:paragraph --><!-- wp:paragraph --><\/p>\n<p>Sitio: <span data-sheets-root=\"1\"><a href=\"http:\/\/www.naconlacteos.com br\" target=\"_blank\" rel=\"noopener\" data-wplink-url-error=\"true\">www.naconlacteos.com.br<\/a> <br \/>Instagram: <a href=\"https:\/\/www.instagram.com\/nacon_lacteos\">@nacon_lacteos<\/a><\/span><\/p>\n<p>Contacto: <span data-sheets-root=\"1\">16 99155-9011<\/span><\/p>\t\t\t\t\t\t\t\t<\/div>\n\t\t\t\t<\/div>\n\t\t\t\t<div class=\"elementor-element elementor-element-667e90e elementor-widget elementor-widget-text-editor\" data-id=\"667e90e\" data-element_type=\"widget\" data-e-type=\"widget\" data-widget_type=\"text-editor.default\">\n\t\t\t\t<div class=\"elementor-widget-container\">\n\t\t\t\t\t\t\t\t\t<h2><strong>Para\u00edba, Sebrae<\/strong><\/h2>\n<p><!-- \/wp:heading --><!-- wp:paragraph --><\/p>\n<p><!-- \/wp:paragraph --><!-- wp:image {\"lightbox\":{\"enabled\":false},\"id\":9494,\"width\":\"320px\",\"height\":\"auto\",\"sizeSlug\":\"large\",\"linkDestination\":\"custom\",\"align\":\"center\"} --><\/p>\n<p><!-- \/wp:image --><!-- wp:paragraph --><\/p>\n<p>Sebrae Paraiba invita a los siguientes productores: Queijaria Fazenda Coruja, de la ciudad de Barra de S\u00e3o Miguel; Latic\u00ednio Agubel, de Sum\u00e9; Capribom, de Monteiro; Capribov, de Cabaceiras; Coopervale, de Itabaiana; Agro Maracaja, de Soledad; Capril Encanto da Macambira, de S\u00e3o Jo\u00e3o do Cariri; y Catoleita, de Catol\u00e9 do Rocha.<\/p>\t\t\t\t\t\t\t\t<\/div>\n\t\t\t\t<\/div>\n\t\t\t\t<div class=\"elementor-element elementor-element-90b3182 elementor-widget elementor-widget-text-editor\" data-id=\"90b3182\" data-element_type=\"widget\" data-e-type=\"widget\" data-widget_type=\"text-editor.default\">\n\t\t\t\t<div class=\"elementor-widget-container\">\n\t\t\t\t\t\t\t\t\t<h2><strong><a href=\"https:\/\/www.instagram.com\/pardinhoartesanal?igsh=MWNid292a29rcHgwNA==\"><img decoding=\"async\" class=\"alignright\" style=\"width: 227px; height: 229px;\" src=\"https:\/\/mundialdoqueijodobrasil.com\/wp-content\/uploads\/2024\/02\/IMG-20240220-WA0397.webp\" alt=\"\" \/><\/a>Pardinho Artesanal<\/strong><\/h2>\n<p><!-- \/wp:heading --><!-- wp:paragraph --><\/p>\n<p><em>Pardinho | SP\u00a0<\/em><\/p>\n<p><!-- \/wp:paragraph --><!-- wp:image {\"lightbox\":{\"enabled\":false},\"id\":8287,\"width\":\"325px\",\"height\":\"auto\",\"sizeSlug\":\"full\",\"linkDestination\":\"custom\",\"align\":\"center\"} --><\/p>\n<p><!-- \/wp:image --><!-- wp:paragraph --><\/p>\n<p>En el oeste del estado de S\u00e3o Paulo, Pardinho Artesanal es una lecher\u00eda que produce excelentes quesos artesanales brasile\u00f1os. Desde la producci\u00f3n de su propia leche, con un manejo ejemplar de sus vacas Gir y Girsey, priorizando el bienestar animal, hasta la elaboraci\u00f3n de quesos artesanales desde una nueva perspectiva basada en la riqueza y complejidad de la artesan\u00eda, Pardinho ha ganado un importante reconocimiento nacional e internacional por su proyecto \u00fanico, natural y sostenible. Tel.: (11) 99508-9622\u00a0<\/p>\n<p><!-- \/wp:paragraph --><!-- wp:paragraph --><\/p>\n<p>Sitio web: pardinhoartesanal.com.br\u00a0<\/p>\n<p><!-- \/wp:paragraph --><!-- wp:paragraph --><\/p>\n<p>Instagram: <a href=\"https:\/\/www.instagram.com\/pardinhoartesanal\">@pardinhoartesanal<\/a><\/p>\t\t\t\t\t\t\t\t<\/div>\n\t\t\t\t<\/div>\n\t\t\t\t<div class=\"elementor-element elementor-element-2d5b1fb elementor-widget elementor-widget-text-editor\" data-id=\"2d5b1fb\" data-element_type=\"widget\" data-e-type=\"widget\" data-widget_type=\"text-editor.default\">\n\t\t\t\t<div class=\"elementor-widget-container\">\n\t\t\t\t\t\t\t\t\t<h2>Pirineos, charcuter\u00eda<\/h2>\n<p><!-- \/wp:heading --><!-- wp:paragraph --><\/p>\n<p><em>S\u00e3o Paulo | SP\u00a0<\/em><\/p>\n<p><!-- \/wp:paragraph --><!-- wp:image {\"lightbox\":{\"enabled\":false},\"id\":8287,\"width\":\"325px\",\"height\":\"auto\",\"sizeSlug\":\"full\",\"linkDestination\":\"custom\",\"align\":\"center\"} --><\/p>\n<p><!-- \/wp:image --><!-- wp:paragraph --><\/p>\n<p class=\"p1\"><span class=\"s1\">Durante m\u00e1s de 50 a\u00f1os, Pirineus ha mantenido la tradici\u00f3n de elaborar embutidos artesanales. Todo comenz\u00f3 con el catal\u00e1n Jos\u00e9 Ribas, quien en la d\u00e9cada de 1950 abri\u00f3 su peque\u00f1a empresa de embutidos en Lapa. Hoy, N\u00e1dia y Ra\u00fal, hijos de Ribas, se han incorporado a la empresa como la tercera generaci\u00f3n dedicada a perpetuar los valores creados por los fundadores: la \u201cHispanidad\u201d (identidad hispana) de su tierra natal. <\/span><\/p>\n<p class=\"p1\"><span class=\"s1\"><b>Tel\u00e9fono:<\/b> 11 989713719 <b>Sitio: <\/b>pirineus.com.br<\/span><\/p>\n<p class=\"p1\"><span class=\"s1\"> <b>Instagram:<\/b> <a href=\"https:\/\/www.instagram.com\/pirineusbr\" target=\"_blank\" rel=\"noopener\">@pirineusbr<\/a><\/span><\/p>\t\t\t\t\t\t\t\t<\/div>\n\t\t\t\t<\/div>\n\t\t\t\t<div class=\"elementor-element elementor-element-6a20a6f elementor-widget elementor-widget-text-editor\" data-id=\"6a20a6f\" data-element_type=\"widget\" data-e-type=\"widget\" data-widget_type=\"text-editor.default\">\n\t\t\t\t<div class=\"elementor-widget-container\">\n\t\t\t\t\t\t\t\t\t<h2>Quata, Productos L\u00e1cteos\u00a0<\/h2>\n<p><!-- \/wp:heading --><!-- wp:paragraph --><\/p>\n<p><em>S\u00e3o Paulo | SP\u00a0<\/em><\/p>\n<p><!-- \/wp:paragraph --><!-- wp:image {\"lightbox\":{\"enabled\":false},\"id\":8287,\"width\":\"325px\",\"height\":\"auto\",\"sizeSlug\":\"full\",\"linkDestination\":\"custom\",\"align\":\"center\"} --><\/p>\n<p><!-- \/wp:image --><!-- wp:paragraph --><\/p>\n<p>Desde 1990, Quat\u00e1 fabrica y comercializa quesos y productos l\u00e1cteos. .<\/p>\n<p class=\"p1\"><span class=\"s1\"><strong>Sitio: <\/strong><a href=\"https:\/\/www.quataalimentos.com.br\/\" target=\"_blank\" rel=\"noopener\">quataalimentos.com.br\/<\/a><br \/><b>Instagram:<\/b> <a href=\"https:\/\/www.instagram.com\/quataalimentos\/\" target=\"_blank\" rel=\"noopener\">@quataalimentos<\/a><\/span><\/p>\t\t\t\t\t\t\t\t<\/div>\n\t\t\t\t<\/div>\n\t\t\t\t<div class=\"elementor-element elementor-element-e9c65ef elementor-widget elementor-widget-text-editor\" data-id=\"e9c65ef\" data-element_type=\"widget\" data-e-type=\"widget\" data-widget_type=\"text-editor.default\">\n\t\t\t\t<div class=\"elementor-widget-container\">\n\t\t\t\t\t\t\t\t\t<h2><strong><img loading=\"lazy\" decoding=\"async\" class=\"wp-image-95030 alignright\" src=\"https:\/\/mundialdoqueijodobrasil.com\/wp-content\/uploads\/2026\/03\/ranchodasvertentes.webp\" alt=\"\" width=\"230\" height=\"226\" srcset=\"https:\/\/mundialdoqueijodobrasil.com\/wp-content\/uploads\/2026\/03\/ranchodasvertentes.webp 509w, https:\/\/mundialdoqueijodobrasil.com\/wp-content\/uploads\/2026\/03\/ranchodasvertentes-300x295.webp 300w, https:\/\/mundialdoqueijodobrasil.com\/wp-content\/uploads\/2026\/03\/ranchodasvertentes-12x12.webp 12w, https:\/\/mundialdoqueijodobrasil.com\/wp-content\/uploads\/2026\/03\/ranchodasvertentes-500x491.webp 500w\" sizes=\"(max-width: 230px) 100vw, 230px\" \/>Rancho das Vertentes, Granja de Cabras y F\u00e1brica de Quesos<\/strong><\/h2>\n<p><!-- \/wp:heading --><!-- wp:paragraph --><\/p>\n<p><em>Barbacena | MG<\/em><\/p>\n<p><!-- \/wp:paragraph --><!-- wp:image {\"lightbox\":{\"enabled\":false},\"id\":9338,\"width\":\"384px\",\"height\":\"auto\",\"sizeSlug\":\"large\",\"linkDestination\":\"custom\",\"align\":\"center\"} --><\/p>\n<p><!-- \/wp:image --><!-- wp:paragraph --><\/p>\n<p class=\"ds-markdown-paragraph\">O\u00a0<strong>F\u00e1brica de Capril y Queso Rancho das Vertentes<\/strong> Lleva elaborando quesos finos desde <strong>2015<\/strong>. <strong>Edson y Sandra Canton Cardoso son<\/strong> Reconocidos por su excelencia, utilizan exclusivamente leche de su propia granja.<\/p>\n<p class=\"ds-markdown-paragraph\">La f\u00e1brica de quesos es reconocida a nivel nacional e internacional por su esp\u00edritu pionero y su calidad.\u00a0<\/p>\n<p>Tel\u00e9fono: (21) 97222-5613<\/p>\n<p><a href=\"https:\/\/www.ranchodasvertentes.com.br\/\">www.ranchodasvertentes.com.br<\/a><\/p>\n<p><!-- \/wp:paragraph --><!-- wp:paragraph --><\/p>\n<p>Instagram: <a href=\"https:\/\/www.instagram.com\/ranchodasvertentes\/\">@ranchodasvertentes<\/a><\/p>\t\t\t\t\t\t\t\t<\/div>\n\t\t\t\t<\/div>\n\t\t\t\t<div class=\"elementor-element elementor-element-f16c380 elementor-widget elementor-widget-text-editor\" data-id=\"f16c380\" data-element_type=\"widget\" data-e-type=\"widget\" data-widget_type=\"text-editor.default\">\n\t\t\t\t<div class=\"elementor-widget-container\">\n\t\t\t\t\t\t\t\t\t<h2><strong><img loading=\"lazy\" decoding=\"async\" class=\"size-full wp-image-94584 alignright\" src=\"https:\/\/mundialdoqueijodobrasil.com\/wp-content\/uploads\/2026\/02\/Logo-Thamar-e-Aldo-Costa.webp\" alt=\"\" width=\"275\" height=\"183\" srcset=\"https:\/\/mundialdoqueijodobrasil.com\/wp-content\/uploads\/2026\/02\/Logo-Thamar-e-Aldo-Costa.webp 275w, https:\/\/mundialdoqueijodobrasil.com\/wp-content\/uploads\/2026\/02\/Logo-Thamar-e-Aldo-Costa-18x12.webp 18w\" sizes=\"(max-width: 275px) 100vw, 275px\" \/>Especias y sabores RC<\/strong><\/h2>\n<p><!-- \/wp:heading --><!-- wp:paragraph --><\/p>\n<p><em>S\u00e3o Paulo | SP<\/em><\/p>\n<p><!-- \/wp:paragraph --><!-- wp:image {\"lightbox\":{\"enabled\":false},\"id\":9338,\"width\":\"384px\",\"height\":\"auto\",\"sizeSlug\":\"large\",\"linkDestination\":\"custom\",\"align\":\"center\"} --><\/p>\n<p><!-- \/wp:image --><!-- wp:paragraph --><\/p>\n<p>Melaza de higos, hierbas y especias para acompa\u00f1ar queso.<\/p>\n<p>Tel\u00e9fono 11.3532-5857 11.97512-9909<\/p>\n<p><!-- \/wp:paragraph --><!-- wp:paragraph --><\/p>\n<p>Instagram: <a href=\"https:\/\/www.instagram.com\/rctemperosysabores\">@rctemperosysabores<\/a><\/p>\t\t\t\t\t\t\t\t<\/div>\n\t\t\t\t<\/div>\n\t\t\t\t<div class=\"elementor-element elementor-element-4794a98 elementor-widget elementor-widget-text-editor\" data-id=\"4794a98\" data-element_type=\"widget\" data-e-type=\"widget\" data-widget_type=\"text-editor.default\">\n\t\t\t\t<div class=\"elementor-widget-container\">\n\t\t\t\t\t\t\t\t\t<h2><strong>R\u00edo Grande del Norte, Sebrae<\/strong><\/h2>\n<p><!-- \/wp:heading --><!-- wp:paragraph --><\/p>\n<p><!-- \/wp:paragraph --><!-- wp:image {\"lightbox\":{\"enabled\":false},\"id\":9338,\"width\":\"384px\",\"height\":\"auto\",\"sizeSlug\":\"large\",\"linkDestination\":\"custom\",\"align\":\"center\"} --><\/p>\n<p><!-- \/wp:image --><!-- wp:paragraph --><\/p>\n<p class=\"p1\">Sebrae invita a los productores de quesos artesanales del estado a presentar y vender sus quesos.<\/p>\t\t\t\t\t\t\t\t<\/div>\n\t\t\t\t<\/div>\n\t\t\t\t<div class=\"elementor-element elementor-element-166aaed elementor-widget elementor-widget-text-editor\" data-id=\"166aaed\" data-element_type=\"widget\" data-e-type=\"widget\" data-widget_type=\"text-editor.default\">\n\t\t\t\t<div class=\"elementor-widget-container\">\n\t\t\t\t\t\t\t\t\t<h2><strong>R\u00edo Grande do Sul, Sebrae<\/strong><\/h2>\n<p><!-- \/wp:heading --><!-- wp:paragraph --><\/p>\n<p><!-- \/wp:paragraph --><!-- wp:image {\"lightbox\":{\"enabled\":false},\"id\":9338,\"width\":\"384px\",\"height\":\"auto\",\"sizeSlug\":\"large\",\"linkDestination\":\"custom\",\"align\":\"center\"} --><\/p>\n<p><!-- \/wp:image --><!-- wp:paragraph --><\/p>\n<p class=\"p1\"><span class=\"s1\">Sebrae invita a los productores de quesos artesanales Terroir da Vigia, Somacal y Ch\u00e1cara dos Padres a presentar quesos t\u00edpicos de su bioma para su degustaci\u00f3n y venta.<\/span><\/p>\t\t\t\t\t\t\t\t<\/div>\n\t\t\t\t<\/div>\n\t\t\t\t<div class=\"elementor-element elementor-element-e4ecdd5 elementor-widget elementor-widget-text-editor\" data-id=\"e4ecdd5\" data-element_type=\"widget\" data-e-type=\"widget\" data-widget_type=\"text-editor.default\">\n\t\t\t\t<div class=\"elementor-widget-container\">\n\t\t\t\t\t\t\t\t\t<h2><strong><a href=\"https:\/\/www.instagram.com\/fazendasantamonica\/\"><img decoding=\"async\" class=\"alignright\" style=\"width: 354px; height: auto;\" src=\"https:\/\/mundialdoqueijodobrasil.com\/wp-content\/uploads\/2024\/03\/InShot_20240302_161739338-1024x1024.webp\" alt=\"\" \/><\/a>Granja Santa M\u00f3nica<\/strong><\/h2><p><!-- \/wp:heading --><!-- wp:paragraph --><\/p><p><em>Madre de Dios de Minas | mg-<\/em><\/p><p><!-- \/wp:image --><!-- wp:paragraph --><\/p><p>Renato Queiroz y Viviane Campos iniciaron su proyecto de producci\u00f3n de leche y queso en la Fazenda Santa M\u00f4nica en enero de 2016, en Campos das Vertentes. Sin embargo, la tradici\u00f3n se remonta a 1920, cuando los daneses descubrieron el potencial de la regi\u00f3n para producir quesos finos de la escuela europea. Su leche ha ganado varios premios como la mejor de la regi\u00f3n. La pareja cre\u00f3 el programa &quot;Adopta un Queso&quot;, que abre las puertas de la queser\u00eda a quienes buscan una experiencia completa durante todo el proceso de elaboraci\u00f3n.<\/p><p><!-- \/wp:paragraph --><!-- wp:paragraph --><\/p><p>Instagram: @fazendasantamonica<\/p>\t\t\t\t\t\t\t\t<\/div>\n\t\t\t\t<\/div>\n\t\t\t\t<div class=\"elementor-element elementor-element-11d51f7 elementor-widget elementor-widget-text-editor\" data-id=\"11d51f7\" data-element_type=\"widget\" data-e-type=\"widget\" data-widget_type=\"text-editor.default\">\n\t\t\t\t<div class=\"elementor-widget-container\">\n\t\t\t\t\t\t\t\t\t<h2><strong><a href=\"https:\/\/www.instagram.com\/queijariasantavitoria\/\"><img decoding=\"async\" class=\"alignright\" style=\"width: 227px; height: 128px;\" src=\"https:\/\/mundialdoqueijodobrasil.com\/wp-content\/uploads\/2024\/03\/InShot_20240321_163131286-1024x575.webp\" alt=\"\" \/><\/a>Santa Vit\u00f3ria, Finca<\/strong><\/h2>\n<p><!-- \/wp:heading --><!-- wp:paragraph --><\/p>\n<p><em>Queluz | SP\u00a0<\/em><\/p>\n<p><!-- \/wp:paragraph --><!-- wp:image {\"lightbox\":{\"enabled\":false},\"id\":9341,\"width\":\"424px\",\"height\":\"auto\",\"sizeSlug\":\"large\",\"linkDestination\":\"custom\",\"align\":\"center\"} --><\/p>\n<p><!-- \/wp:image --><!-- wp:paragraph --><\/p>\n<p>Fundada en 2022 en el Valle de Para\u00edba, la granja se enorgullece de su alt\u00edsima calidad, con iniciativas centradas en el bienestar animal y el orde\u00f1o en sistema cerrado al pie de la sierra de Mantiqueira.<\/p>\n<p><!-- \/wp:paragraph --><!-- wp:paragraph --><\/p>\n<p>\u00a0El portafolio incluye 10 quesos diferentes, todos elaborados con leche de vaca pasteurizada, adem\u00e1s de yogur natural y ricotta cremosa.\u00a0<\/p>\n<p><!-- \/wp:paragraph --><!-- wp:paragraph --><\/p>\n<p>Reconocida con medallas en el World Cheese Awards de Brasil, en el Brazil Cheese Award y en el Mondial du Fromage, fue la primera queser\u00eda del estado en recibir el sello Sisp Artesanal.\u00a0<\/p>\n<p><!-- \/wp:paragraph --><!-- wp:paragraph --><\/p>\n<p>Forma parte de la Ruta del Queso Paulista y ofrece visitas guiadas para degustaciones.<\/p>\n<p><!-- \/wp:paragraph --><!-- wp:paragraph --><\/p>\n<p>Contactos: (12) 99711-9187\u00a0<\/p>\n<p><!-- \/wp:paragraph --><!-- wp:paragraph --><\/p>\n<p>Instagram: <a href=\"https:\/\/www.instagram.com\/queijariasantavitoria\">@queijariasantavitoria<\/a><\/p>\t\t\t\t\t\t\t\t<\/div>\n\t\t\t\t<\/div>\n\t\t\t\t<div class=\"elementor-element elementor-element-e5b2639 elementor-widget elementor-widget-text-editor\" data-id=\"e5b2639\" data-element_type=\"widget\" data-e-type=\"widget\" data-widget_type=\"text-editor.default\">\n\t\t\t\t<div class=\"elementor-widget-container\">\n\t\t\t\t\t\t\t\t\t<h2><img loading=\"lazy\" decoding=\"async\" class=\"wp-image-95712 alignright\" src=\"https:\/\/mundialdoqueijodobrasil.com\/wp-content\/uploads\/2026\/04\/saojoaoboavista.webp\" alt=\"\" width=\"195\" height=\"195\" srcset=\"https:\/\/mundialdoqueijodobrasil.com\/wp-content\/uploads\/2026\/04\/saojoaoboavista.webp 2048w, https:\/\/mundialdoqueijodobrasil.com\/wp-content\/uploads\/2026\/04\/saojoaoboavista-300x300.webp 300w, https:\/\/mundialdoqueijodobrasil.com\/wp-content\/uploads\/2026\/04\/saojoaoboavista-1024x1024.webp 1024w, https:\/\/mundialdoqueijodobrasil.com\/wp-content\/uploads\/2026\/04\/saojoaoboavista-150x150.webp 150w, https:\/\/mundialdoqueijodobrasil.com\/wp-content\/uploads\/2026\/04\/saojoaoboavista-768x768.webp 768w, https:\/\/mundialdoqueijodobrasil.com\/wp-content\/uploads\/2026\/04\/saojoaoboavista-1536x1536.webp 1536w, https:\/\/mundialdoqueijodobrasil.com\/wp-content\/uploads\/2026\/04\/saojoaoboavista-12x12.webp 12w, https:\/\/mundialdoqueijodobrasil.com\/wp-content\/uploads\/2026\/04\/saojoaoboavista-500x500.webp 500w, https:\/\/mundialdoqueijodobrasil.com\/wp-content\/uploads\/2026\/04\/saojoaoboavista-700x700.webp 700w, https:\/\/mundialdoqueijodobrasil.com\/wp-content\/uploads\/2026\/04\/saojoaoboavista-100x100.webp 100w\" sizes=\"(max-width: 195px) 100vw, 195px\" \/><strong>S\u00e3o Jo\u00e3o da Boa Vista, Ayuntamiento<\/strong><\/h2>\n<p><!-- \/wp:heading --><!-- wp:paragraph --><\/p>\n<p><em>S\u00e3o Jo\u00e3o da Boa Vista | SP\u00a0<\/em><\/p>\n<p><!-- \/wp:paragraph --><!-- wp:image {\"lightbox\":{\"enabled\":false},\"id\":9341,\"width\":\"424px\",\"height\":\"auto\",\"sizeSlug\":\"large\",\"linkDestination\":\"custom\",\"align\":\"center\"} --><\/p>\n<p><!-- \/wp:image --><!-- wp:paragraph --><\/p>\n<p class=\"p1\">El ayuntamiento invita a Leiteria Santa Paula (leche de vaca) y<\/p>\n<p class=\"p1\">Productos l\u00e1cteos de Montezuma (leche de b\u00fafala).<\/p>\n<p class=\"p1\"><b>Instagram:<\/b> <a href=\"https:\/\/www.instagram.com\/leiteriasantapaula\" target=\"_blank\" rel=\"noopener\">@leiteriasantapaula<\/a><\/p>\n<p class=\"p1\">e <a href=\"https:\/\/www.instagram.com\/montezumalaticinio\" target=\"_blank\" rel=\"noopener\">@montezumalaticini<\/a><\/p>\t\t\t\t\t\t\t\t<\/div>\n\t\t\t\t<\/div>\n\t\t\t\t<div class=\"elementor-element elementor-element-abe7767 elementor-widget elementor-widget-text-editor\" data-id=\"abe7767\" data-element_type=\"widget\" data-e-type=\"widget\" data-widget_type=\"text-editor.default\">\n\t\t\t\t<div class=\"elementor-widget-container\">\n\t\t\t\t\t\t\t\t\t<h2><strong><img loading=\"lazy\" decoding=\"async\" class=\"wp-image-94838 alignright\" src=\"https:\/\/mundialdoqueijodobrasil.com\/wp-content\/uploads\/2026\/03\/saudade.webp\" alt=\"\" width=\"254\" height=\"254\" srcset=\"https:\/\/mundialdoqueijodobrasil.com\/wp-content\/uploads\/2026\/03\/saudade.webp 800w, https:\/\/mundialdoqueijodobrasil.com\/wp-content\/uploads\/2026\/03\/saudade-300x300.webp 300w, https:\/\/mundialdoqueijodobrasil.com\/wp-content\/uploads\/2026\/03\/saudade-150x150.webp 150w, https:\/\/mundialdoqueijodobrasil.com\/wp-content\/uploads\/2026\/03\/saudade-768x768.webp 768w, https:\/\/mundialdoqueijodobrasil.com\/wp-content\/uploads\/2026\/03\/saudade-12x12.webp 12w, https:\/\/mundialdoqueijodobrasil.com\/wp-content\/uploads\/2026\/03\/saudade-500x500.webp 500w, https:\/\/mundialdoqueijodobrasil.com\/wp-content\/uploads\/2026\/03\/saudade-700x700.webp 700w, https:\/\/mundialdoqueijodobrasil.com\/wp-content\/uploads\/2026\/03\/saudade-100x100.webp 100w\" sizes=\"(max-width: 254px) 100vw, 254px\" \/>Anhelo, Granja<\/strong><\/h2>\n<p><!-- \/wp:heading --><!-- wp:paragraph --><\/p>\n<p><em>Ibertioga | MG\u00a0<\/em><\/p>\n<p><!-- \/wp:paragraph --><!-- wp:image {\"lightbox\":{\"enabled\":false},\"id\":10587,\"width\":\"271px\",\"height\":\"auto\",\"sizeSlug\":\"large\",\"linkDestination\":\"custom\",\"align\":\"center\"} --><\/p>\n<p><!-- \/wp:image --><!-- wp:paragraph --><\/p>\n<p>En la regi\u00f3n de Campo das Vertentes, el matrimonio Tereza y Mateus elabora queso artesanal de Minas con leche cruda, de forma muy similar a como lo hac\u00eda su abuelo hace unos 100 a\u00f1os. Su queser\u00eda cumple con los est\u00e1ndares del Servicio de Inspecci\u00f3n de Productos Animales (SISBI), lo que les permite vender en todo Brasil. Adem\u00e1s del tradicional QMA (Queso de Minas), venden una versi\u00f3n m\u00e1s peque\u00f1a llamada &quot;lasquinha&quot; (rodajas peque\u00f1as) y, ocasionalmente, ofrecen recetas inusuales, como queso curado en caf\u00e9 o cacha\u00e7a con miel. La pareja tambi\u00e9n vende dulce de leche en bolitas y est\u00e1 iniciando su actividad ap\u00edcola.\u00a0<\/p>\n<p><!-- \/wp:paragraph --><!-- wp:paragraph --><\/p>\n<p>Instagram: <a href=\"https:\/\/www.instagram.com\/fazendasaudade.queijaria\">@fazendasaudade.queijaria<\/a>\u00a0<\/p>\n<p><!-- \/wp:paragraph --><!-- wp:paragraph --><\/p>\n<p>Contacto: (32) 99820-6537.<\/p>\t\t\t\t\t\t\t\t<\/div>\n\t\t\t\t<\/div>\n\t\t\t\t<div class=\"elementor-element elementor-element-5f9e8f3 elementor-widget elementor-widget-text-editor\" data-id=\"5f9e8f3\" data-element_type=\"widget\" data-e-type=\"widget\" data-widget_type=\"text-editor.default\">\n\t\t\t\t<div class=\"elementor-widget-container\">\n\t\t\t\t\t\t\t\t\t<h2><strong><img loading=\"lazy\" decoding=\"async\" class=\"wp-image-94958 alignright\" src=\"https:\/\/mundialdoqueijodobrasil.com\/wp-content\/uploads\/2026\/03\/savencia.webp\" alt=\"\" width=\"210\" height=\"195\" srcset=\"https:\/\/mundialdoqueijodobrasil.com\/wp-content\/uploads\/2026\/03\/savencia.webp 500w, https:\/\/mundialdoqueijodobrasil.com\/wp-content\/uploads\/2026\/03\/savencia-300x278.webp 300w, https:\/\/mundialdoqueijodobrasil.com\/wp-content\/uploads\/2026\/03\/savencia-13x12.webp 13w\" sizes=\"(max-width: 210px) 100vw, 210px\" \/>Savencia, Productos L\u00e1cteos<\/strong><\/h2>\n<p><!-- \/wp:heading --><!-- wp:paragraph --><\/p>\n<p><em>Brasil<\/em><\/p>\n<p><!-- \/wp:paragraph --><!-- wp:image {\"lightbox\":{\"enabled\":false},\"id\":10587,\"width\":\"271px\",\"height\":\"auto\",\"sizeSlug\":\"large\",\"linkDestination\":\"custom\",\"align\":\"center\"} --><\/p>\n<p><!-- \/wp:image --><!-- wp:paragraph --><\/p>\n<p>A\u00a0<strong>Productos l\u00e1cteos Savencia Brasil<\/strong> Pertenece al grupo franc\u00e9s Savencia Fromage &amp; Dairy, uno de los mayores productores de queso del mundo. Presente en el pa\u00eds desde 1975 con la adquisici\u00f3n de Polenghi, la compa\u00f1\u00eda ha construido una cartera de marcas emblem\u00e1ticas profundamente arraigadas en el paladar brasile\u00f1o, como...\u00a0<strong>Polenguinho<\/strong>,\u00a0 <strong>Campo Lindo <\/strong>(quesos especiales) y el\u00a0<strong>Alimentos Quat\u00e1<\/strong><\/p>\n<p><!-- \/wp:paragraph --><!-- wp:paragraph --><\/p>\n<p>Instagram: <span data-sheets-root=\"1\"><a href=\"https:\/\/www.instagram.com\/queijoscampolindo\">@queijoscampolindo<\/a> <a href=\"https:\/\/www.instagram.com\/polenghi\">@polenghi<\/a><br \/><\/span><a href=\"https:\/\/www.instagram.com\/frescatinobr\"><span data-sheets-root=\"1\">@frescatinobr <\/span><\/a><\/p>\n<p><!-- \/wp:paragraph --><!-- wp:paragraph --><\/p>\n<p>Contacto: (11)988855020<\/p>\t\t\t\t\t\t\t\t<\/div>\n\t\t\t\t<\/div>\n\t\t\t\t<div class=\"elementor-element elementor-element-fa88af1 elementor-widget elementor-widget-text-editor\" data-id=\"fa88af1\" data-element_type=\"widget\" data-e-type=\"widget\" data-widget_type=\"text-editor.default\">\n\t\t\t\t<div class=\"elementor-widget-container\">\n\t\t\t\t\t\t\t\t\t<h2><img loading=\"lazy\" decoding=\"async\" class=\"wp-image-95713 alignright\" src=\"https:\/\/mundialdoqueijodobrasil.com\/wp-content\/uploads\/2026\/04\/serranegra.webp\" alt=\"\" width=\"239\" height=\"159\" srcset=\"https:\/\/mundialdoqueijodobrasil.com\/wp-content\/uploads\/2026\/04\/serranegra.webp 1772w, https:\/\/mundialdoqueijodobrasil.com\/wp-content\/uploads\/2026\/04\/serranegra-300x200.webp 300w, https:\/\/mundialdoqueijodobrasil.com\/wp-content\/uploads\/2026\/04\/serranegra-1024x683.webp 1024w, https:\/\/mundialdoqueijodobrasil.com\/wp-content\/uploads\/2026\/04\/serranegra-768x512.webp 768w, https:\/\/mundialdoqueijodobrasil.com\/wp-content\/uploads\/2026\/04\/serranegra-1536x1025.webp 1536w, https:\/\/mundialdoqueijodobrasil.com\/wp-content\/uploads\/2026\/04\/serranegra-18x12.webp 18w, https:\/\/mundialdoqueijodobrasil.com\/wp-content\/uploads\/2026\/04\/serranegra-500x334.webp 500w, https:\/\/mundialdoqueijodobrasil.com\/wp-content\/uploads\/2026\/04\/serranegra-700x467.webp 700w\" sizes=\"(max-width: 239px) 100vw, 239px\" \/>Serra Negra, Dulces<\/h2>\n<p><!-- \/wp:heading --><!-- wp:paragraph --><\/p>\n<p><i>Serra Negra | SP<\/i><\/p>\n<p><!-- \/wp:paragraph --><!-- wp:image {\"lightbox\":{\"enabled\":false},\"id\":10587,\"width\":\"271px\",\"height\":\"auto\",\"sizeSlug\":\"large\",\"linkDestination\":\"custom\",\"align\":\"center\"} --><\/p>\n<p><!-- \/wp:image --><!-- wp:paragraph --><\/p>\n<p class=\"p2\"><span class=\"s1\">Hace catorce a\u00f1os, el Sr. Armando Alves transform\u00f3 su pasi\u00f3n por la tradici\u00f3n de Minas Gerais en Serra Negra Doces. Gracias al trabajo arduo, la calidad y el respeto por las recetas artesanales, la marca ha crecido y se ha consolidado tanto en el mercado minorista como en el mayorista, llevando el aut\u00e9ntico sabor del dulce de leche de Minas Gerais a todo Brasil.<br \/><b>Instagram: <\/b><a href=\"https:\/\/www.instagram.com\/serranegradoces\" target=\"_blank\" rel=\"noopener\">@serranegradoces<\/a><\/span><\/p>\t\t\t\t\t\t\t\t<\/div>\n\t\t\t\t<\/div>\n\t\t\t\t<div class=\"elementor-element elementor-element-68b0063 elementor-widget elementor-widget-text-editor\" data-id=\"68b0063\" data-element_type=\"widget\" data-e-type=\"widget\" data-widget_type=\"text-editor.default\">\n\t\t\t\t<div class=\"elementor-widget-container\">\n\t\t\t\t\t\t\t\t\t<h2><img loading=\"lazy\" decoding=\"async\" class=\"wp-image-95938 alignright\" src=\"https:\/\/mundialdoqueijodobrasil.com\/wp-content\/uploads\/2026\/04\/somacal.webp\" alt=\"\" width=\"191\" height=\"239\" srcset=\"https:\/\/mundialdoqueijodobrasil.com\/wp-content\/uploads\/2026\/04\/somacal.webp 1080w, https:\/\/mundialdoqueijodobrasil.com\/wp-content\/uploads\/2026\/04\/somacal-240x300.webp 240w, https:\/\/mundialdoqueijodobrasil.com\/wp-content\/uploads\/2026\/04\/somacal-819x1024.webp 819w, https:\/\/mundialdoqueijodobrasil.com\/wp-content\/uploads\/2026\/04\/somacal-768x960.webp 768w, https:\/\/mundialdoqueijodobrasil.com\/wp-content\/uploads\/2026\/04\/somacal-10x12.webp 10w, https:\/\/mundialdoqueijodobrasil.com\/wp-content\/uploads\/2026\/04\/somacal-500x625.webp 500w, https:\/\/mundialdoqueijodobrasil.com\/wp-content\/uploads\/2026\/04\/somacal-700x875.webp 700w\" sizes=\"(max-width: 191px) 100vw, 191px\" \/>Somacal<\/h2>\n<p><!-- \/wp:heading --><!-- wp:paragraph --><\/p>\n<p><i>Farroupilha | SP<\/i><\/p>\n<p><!-- \/wp:paragraph --><!-- wp:image {\"lightbox\":{\"enabled\":false},\"id\":10587,\"width\":\"271px\",\"height\":\"auto\",\"sizeSlug\":\"large\",\"linkDestination\":\"custom\",\"align\":\"center\"} --><\/p>\n<p><!-- \/wp:image --><!-- wp:paragraph --><\/p>\n<p class=\"p2\"><span class=\"s1\">Situado a pocos metros del santuario de Caravaggio,<br \/>Elabora 16 quesos, entre ellos sus propios quesos Caravaggio, Oliva y Sicilianoe, adem\u00e1s de 3 quesos ricotta.<br \/>Tambi\u00e9n elaboran quesos tradicionales coloniales, quesos sin lactosa, quesos al vino y quesos especiados, adem\u00e1s de una gama inspirada en quesos europeos y tradicionales brasile\u00f1os. Procesan leche entera de ocho familias vecinas, lo que da como resultado quesos suaves, cremosos y mantecosos con un sabor distintivo, como su parmesano curado durante un a\u00f1o.<br \/><b>Instagram: <\/b><a href=\"https:\/\/www.instagram.com\/serranegradoces\" target=\"_blank\" rel=\"noopener\">@queijariasomacal<\/a><\/span><\/p>\t\t\t\t\t\t\t\t<\/div>\n\t\t\t\t<\/div>\n\t\t\t\t<div class=\"elementor-element elementor-element-ac476f9 elementor-widget elementor-widget-text-editor\" data-id=\"ac476f9\" data-element_type=\"widget\" data-e-type=\"widget\" data-widget_type=\"text-editor.default\">\n\t\t\t\t<div class=\"elementor-widget-container\">\n\t\t\t\t\t\t\t\t\t<h2><img loading=\"lazy\" decoding=\"async\" class=\"wp-image-95940 alignright\" src=\"https:\/\/mundialdoqueijodobrasil.com\/wp-content\/uploads\/2026\/04\/Terroirdavigia.webp\" alt=\"\" width=\"196\" height=\"245\" srcset=\"https:\/\/mundialdoqueijodobrasil.com\/wp-content\/uploads\/2026\/04\/Terroirdavigia.webp 500w, https:\/\/mundialdoqueijodobrasil.com\/wp-content\/uploads\/2026\/04\/Terroirdavigia-240x300.webp 240w, https:\/\/mundialdoqueijodobrasil.com\/wp-content\/uploads\/2026\/04\/Terroirdavigia-10x12.webp 10w\" sizes=\"(max-width: 196px) 100vw, 196px\" \/>Terroir de Vigia<\/h2>\n<p><!-- \/wp:heading --><!-- wp:paragraph --><\/p>\n<p><i>Santana do Livramento | RS<\/i><\/p>\n<p><span class=\"s1\">Quesos de leche de oveja de autor, creaciones que rinden homenaje al terru\u00f1o y la cultura local. Como el Santana, que lleva el nombre de la ciudad donde se elabora: un queso de cuajada cruda lleno de car\u00e1cter. El Doble Chapa es una oda a la frontera entre Livramento y Rivera: dos quesos, uno de leche de oveja y otro de leche de vaca, unidos durante el moldeado, revelando una l\u00ednea divisoria entre los dos colores (el blanco del queso de leche de oveja y el amarillo del queso de leche de vaca).<br \/><b>Instagram: <\/b><a href=\"https:\/\/www.instagram.com\/terroirdavigia\/\" target=\"_blank\" rel=\"noopener\">@terroidavigia<\/a><\/span><\/p>\n<p><!-- \/wp:paragraph --><!-- wp:image {\"lightbox\":{\"enabled\":false},\"id\":10587,\"width\":\"271px\",\"height\":\"auto\",\"sizeSlug\":\"large\",\"linkDestination\":\"custom\",\"align\":\"center\"} --><\/p>\n<p><!-- \/wp:image --><!-- wp:paragraph --><\/p>\t\t\t\t\t\t\t\t<\/div>\n\t\t\t\t<\/div>\n\t\t\t\t<div class=\"elementor-element elementor-element-12d3ec4 elementor-widget elementor-widget-text-editor\" data-id=\"12d3ec4\" data-element_type=\"widget\" data-e-type=\"widget\" data-widget_type=\"text-editor.default\">\n\t\t\t\t<div class=\"elementor-widget-container\">\n\t\t\t\t\t\t\t\t\t<h2><img loading=\"lazy\" decoding=\"async\" class=\"wp-image-95714 alignright\" src=\"https:\/\/mundialdoqueijodobrasil.com\/wp-content\/uploads\/2026\/04\/tirolez.webp\" alt=\"\" width=\"187\" height=\"141\" srcset=\"https:\/\/mundialdoqueijodobrasil.com\/wp-content\/uploads\/2026\/04\/tirolez.webp 735w, https:\/\/mundialdoqueijodobrasil.com\/wp-content\/uploads\/2026\/04\/tirolez-300x226.webp 300w, https:\/\/mundialdoqueijodobrasil.com\/wp-content\/uploads\/2026\/04\/tirolez-16x12.webp 16w, https:\/\/mundialdoqueijodobrasil.com\/wp-content\/uploads\/2026\/04\/tirolez-500x376.webp 500w, https:\/\/mundialdoqueijodobrasil.com\/wp-content\/uploads\/2026\/04\/tirolez-700x527.webp 700w\" sizes=\"(max-width: 187px) 100vw, 187px\" \/>Tirolez, Productos L\u00e1cteos<\/h2>\n<p><!-- \/wp:heading --><!-- wp:paragraph --><\/p>\n<p><em>Disparos | MG\u00a0<\/em><\/p>\n<p><!-- \/wp:paragraph --><!-- wp:image {\"lightbox\":{\"enabled\":false},\"id\":9344,\"width\":\"282px\",\"height\":\"auto\",\"sizeSlug\":\"large\",\"linkDestination\":\"custom\",\"align\":\"center\"} --><\/p>\n<p><!-- \/wp:image --><!-- wp:paragraph --><\/p>\n<p class=\"p1\"><span class=\"s1\">La historia de Tirolez comenz\u00f3 en 1980, cuando C\u00edcero y Carlos Hegg adquirieron Ind\u00fastria de Latic\u00ednios Franco, fabricante del queso Mineir\u00e3o. Al a\u00f1o siguiente, en 1981, se lanz\u00f3 la marca Tirolez, en homenaje a la ciudad de Tiros, en Minas Gerais. En este per\u00edodo inicial, la empresa produc\u00eda principalmente queso y mantequilla Prato, utilizando leche de la regi\u00f3n. La d\u00e9cada de 1980 represent\u00f3 la fase de estructuraci\u00f3n del negocio, con la consolidaci\u00f3n de la producci\u00f3n y la marca.<br \/><b>Sitio:<\/b> tirolez.com.br <b>Instagram:<\/b> <a href=\"https:\/\/www.instagram.com\/tirolezqueijos\" target=\"_blank\" rel=\"noopener\">@tirolezqueijos<\/a><\/span><\/p>\t\t\t\t\t\t\t\t<\/div>\n\t\t\t\t<\/div>\n\t\t\t\t<div class=\"elementor-element elementor-element-d395364 elementor-widget elementor-widget-text-editor\" data-id=\"d395364\" data-element_type=\"widget\" data-e-type=\"widget\" data-widget_type=\"text-editor.default\">\n\t\t\t\t<div class=\"elementor-widget-container\">\n\t\t\t\t\t\t\t\t\t<h2><strong><a href=\"https:\/\/www.instagram.com\/trocobomroceria?utm_source=ig_web_button_share_sheet&amp;igsh=ZDNlZDc0MzIxNw==\"><img decoding=\"async\" class=\"alignright\" style=\"width: 282px; height: auto;\" src=\"https:\/\/mundialdoqueijodobrasil.com\/wp-content\/uploads\/2024\/03\/InShot_20240321_163046853-1-1024x1024.webp\" alt=\"\" \/><\/a>Buena zona rural, granja<\/strong><\/h2>\n<p><!-- \/wp:heading --><!-- wp:paragraph --><\/p>\n<p><em>Chiador | MG\u00a0<\/em><\/p>\n<p><!-- \/wp:paragraph --><!-- wp:image {\"lightbox\":{\"enabled\":false},\"id\":9344,\"width\":\"282px\",\"height\":\"auto\",\"sizeSlug\":\"large\",\"linkDestination\":\"custom\",\"align\":\"center\"} --><\/p>\n<p><!-- \/wp:image --><!-- wp:paragraph --><\/p>\n<p>La historia del queso comienza en 2017, cuando elaboraban queso fresco de Minas y lo vend\u00edan puerta a puerta en la ciudad. Eran tres j\u00f3venes reci\u00e9n graduados en carreras &quot;completamente ajenas al queso&quot;, pero el teatro, la ingenier\u00eda y la administraci\u00f3n los llevaron al campo, a sumergirse en el mundo del queso y a valorar la producci\u00f3n lechera de su familia.<\/p>\n<p><!-- \/wp:paragraph --><!-- wp:paragraph --><\/p>\n<p>\u00a0Antes del &quot;Tro\u00e7o Bom&quot; viv\u00edan en la ciudad y se ganaban la vida all\u00ed, pero con la mudanza al campo y la pandemia, la familia se reubic\u00f3 y decidi\u00f3 quedarse.\u00a0<\/p>\n<p><!-- \/wp:paragraph --><!-- wp:paragraph --><\/p>\n<p>La producci\u00f3n de leche, que antes iba a manos de cooperativas, ahora cobra m\u00e1s fuerza y valor, proces\u00e1ndose en puerta de finca y transform\u00e1ndose en dulce de leche, quesos curados y yogures.<\/p>\n<p><!-- \/wp:paragraph --><!-- wp:paragraph --><\/p>\n<p>\u00a0Lo producen manualmente, utilizando leche de vacas Girolando criadas en pastos. Instagram: <a href=\"https:\/\/www.instagram.com\/trocobommercearia\">@trocobommercearia<\/a><\/p>\n<p><!-- \/wp:paragraph --><!-- wp:paragraph --><\/p>\n<p>Contacto: (24) 9 9263-0717<\/p>\t\t\t\t\t\t\t\t<\/div>\n\t\t\t\t<\/div>\n\t\t\t\t<div class=\"elementor-element elementor-element-9a446a2 elementor-widget elementor-widget-text-editor\" data-id=\"9a446a2\" data-element_type=\"widget\" data-e-type=\"widget\" data-widget_type=\"text-editor.default\">\n\t\t\t\t<div class=\"elementor-widget-container\">\n\t\t\t\t\t\t\t\t\t<h2><strong><a href=\"https:\/\/www.instagram.com\/vermontqueijos?utm_source=ig_web_button_share_sheet&amp;igsh=ZDNlZDc0MzIxNw==\"><img decoding=\"async\" class=\"alignright\" style=\"width: 384px; height: auto;\" src=\"https:\/\/mundialdoqueijodobrasil.com\/wp-content\/uploads\/2024\/03\/InShot_20240321_163301097-1024x704.webp\" alt=\"\" \/><\/a>Vermont, F\u00e1brica de Quesos<br \/><\/strong><\/h2>\n<p><!-- \/wp:heading --><!-- wp:paragraph --><\/p>\n<p><em>Pomerode | Carolina del Sur\u00a0\u00a0<\/em><\/p>\n<p><!-- \/wp:paragraph --><!-- wp:image {\"lightbox\":{\"enabled\":false},\"id\":9338,\"width\":\"384px\",\"height\":\"auto\",\"sizeSlug\":\"large\",\"linkDestination\":\"custom\",\"align\":\"center\"} --><\/p>\n<p><!-- \/wp:image --><!-- wp:paragraph --><\/p>\n<p>Fundada en 2002, la empresa pas\u00f3 a manos de los hermanos Juliano y Bruno Mendes en 2013. La familia Mendes fund\u00f3 la cervecer\u00eda Eisenbahn en Blumenau, pero so\u00f1aba con producir quesos aut\u00e9nticos y tradicionales.\u00a0<\/p>\n<p><!-- \/wp:paragraph --><!-- wp:paragraph --><\/p>\n<p>La marca Vermont naci\u00f3 en 2017 y ofrece quesos de moho blanco, quesos semiduros, quesos procesados, fondues, mermeladas naturales y mieles especiales. Tambi\u00e9n elaboran quesos procesados, fundidos a altas temperaturas, una tradici\u00f3n de m\u00e1s de 70 a\u00f1os en la regi\u00f3n. Contacto: (47) 9631-1055\u00a0<\/p>\n<p><!-- \/wp:paragraph --><!-- wp:paragraph --><\/p>\n<p><a href=\"http:\/\/www.pomerodealimentos.com.br\">www.pomerodealimentos.com.br<\/a><\/p>\n<p><!-- \/wp:paragraph --><!-- wp:paragraph --><\/p>\n<p>Instagram: <a href=\"https:\/\/www.instagram.com\/pomerodealimentos\">@pomerodealimentos<\/a><\/p>\t\t\t\t\t\t\t\t<\/div>\n\t\t\t\t<\/div>\n\t\t\t\t<div class=\"elementor-element elementor-element-d9f44a5 elementor-widget elementor-widget-text-editor\" data-id=\"d9f44a5\" data-element_type=\"widget\" data-e-type=\"widget\" data-widget_type=\"text-editor.default\">\n\t\t\t\t<div class=\"elementor-widget-container\">\n\t\t\t\t\t\t\t\t\t<h2><img loading=\"lazy\" decoding=\"async\" class=\"wp-image-95711 alignright\" src=\"https:\/\/mundialdoqueijodobrasil.com\/wp-content\/uploads\/2026\/04\/pimhui.webp\" alt=\"\" width=\"221\" height=\"221\" srcset=\"https:\/\/mundialdoqueijodobrasil.com\/wp-content\/uploads\/2026\/04\/pimhui.webp 1080w, https:\/\/mundialdoqueijodobrasil.com\/wp-content\/uploads\/2026\/04\/pimhui-300x300.webp 300w, https:\/\/mundialdoqueijodobrasil.com\/wp-content\/uploads\/2026\/04\/pimhui-1024x1024.webp 1024w, https:\/\/mundialdoqueijodobrasil.com\/wp-content\/uploads\/2026\/04\/pimhui-150x150.webp 150w, https:\/\/mundialdoqueijodobrasil.com\/wp-content\/uploads\/2026\/04\/pimhui-768x768.webp 768w, https:\/\/mundialdoqueijodobrasil.com\/wp-content\/uploads\/2026\/04\/pimhui-12x12.webp 12w, https:\/\/mundialdoqueijodobrasil.com\/wp-content\/uploads\/2026\/04\/pimhui-500x500.webp 500w, https:\/\/mundialdoqueijodobrasil.com\/wp-content\/uploads\/2026\/04\/pimhui-700x700.webp 700w, https:\/\/mundialdoqueijodobrasil.com\/wp-content\/uploads\/2026\/04\/pimhui-100x100.webp 100w\" sizes=\"(max-width: 221px) 100vw, 221px\" \/>Visita Piumhi,<br \/>Canastra MG<\/h2>\n<p><!-- \/wp:heading --><!-- wp:paragraph --><\/p>\n<p><em>Piumhi | MG\u00a0<\/em><\/p>\n<p><!-- \/wp:paragraph --><!-- wp:image {\"lightbox\":{\"enabled\":false},\"id\":8287,\"width\":\"325px\",\"height\":\"auto\",\"sizeSlug\":\"full\",\"linkDestination\":\"custom\",\"align\":\"center\"} --><\/p>\n<p><!-- \/wp:image --><!-- wp:paragraph --><\/p>\n<p>Productores de queso Minas artesanal de la regi\u00f3n de Serra da Canastra, en la ciudad de Piumhi.<\/p>\n<p>Sitio: <a href=\"http:\/\/www.prefeiturapiumhi.mg.gov.br\" target=\"_blank\" rel=\"noopener\">prefeiturapiumhi.mg.gov.br<\/a><\/p>\n<p>Instagram: <a href=\"https:\/\/www.instagram.com\/visite_piumhi\" target=\"_blank\" rel=\"noopener\">@visite_piumhi<\/a><\/p>\t\t\t\t\t\t\t\t<\/div>\n\t\t\t\t<\/div>\n\t\t\t\t<div class=\"elementor-element elementor-element-6df5666 elementor-widget elementor-widget-text-editor\" data-id=\"6df5666\" data-element_type=\"widget\" data-e-type=\"widget\" data-widget_type=\"text-editor.default\">\n\t\t\t\t<div class=\"elementor-widget-container\">\n\t\t\t\t\t\t\t\t\t<h2><strong><img loading=\"lazy\" decoding=\"async\" class=\"size-full wp-image-94972 alignright\" src=\"https:\/\/mundialdoqueijodobrasil.com\/wp-content\/uploads\/2026\/03\/wit.webp\" alt=\"\" width=\"502\" height=\"117\" srcset=\"https:\/\/mundialdoqueijodobrasil.com\/wp-content\/uploads\/2026\/03\/wit.webp 502w, https:\/\/mundialdoqueijodobrasil.com\/wp-content\/uploads\/2026\/03\/wit-300x70.webp 300w, https:\/\/mundialdoqueijodobrasil.com\/wp-content\/uploads\/2026\/03\/wit-18x4.webp 18w, https:\/\/mundialdoqueijodobrasil.com\/wp-content\/uploads\/2026\/03\/wit-500x117.webp 500w\" sizes=\"(max-width: 502px) 100vw, 502px\" \/>Witmarsum, <\/strong><strong>Cooperativa<\/strong><\/h2>\n<p><!-- \/wp:heading --><!-- wp:paragraph --><\/p>\n<p><em>Palmeira | Relaciones P\u00fablicas<\/em><\/p>\n<p><!-- \/wp:paragraph --><!-- wp:image {\"lightbox\":{\"enabled\":false},\"id\":9344,\"width\":\"282px\",\"height\":\"auto\",\"sizeSlug\":\"large\",\"linkDestination\":\"custom\",\"align\":\"center\"} --><\/p>\n<p><!-- \/wp:image --><!-- wp:paragraph --><\/p>\n<p><span style=\"font-family: -apple-system, BlinkMacSystemFont, 'Segoe UI', Roboto, 'Helvetica Neue', Arial, 'Noto Sans', sans-serif, 'Apple Color Emoji', 'Segoe UI Emoji', 'Segoe UI Symbol', 'Noto Color Emoji';\">Fundada el 28 de octubre de 1952 por inmigrantes ruso-alemanes, la\u00a0<strong>Cooperativa de Witmarsum <\/strong>Con m\u00e1s de 70 a\u00f1os de historia, guiada por los valores de fe, fortaleza y determinaci\u00f3n, la empresa es reconocida por la calidad de sus productos. Su misi\u00f3n es ofrecer excelencia en quesos especiales, promoviendo un crecimiento sostenible y beneficios para socios, clientes y empleados, con la visi\u00f3n de ser un referente en el cooperativismo.<\/span><\/p>\n<p>Sitio: <a href=\"https:\/\/witmarsum.coop.br\/\">witmarsum.coop.br<\/a><\/p>\n<p><span style=\"font-family: -apple-system, BlinkMacSystemFont, 'Segoe UI', Roboto, 'Helvetica Neue', Arial, 'Noto Sans', sans-serif, 'Apple Color Emoji', 'Segoe UI Emoji', 'Segoe UI Symbol', 'Noto Color Emoji';\">Instagram: <a href=\"https:\/\/www.instagram.com\/witmarsumcoop\">@witmarsumcoop <\/a><\/span>Contacto: (42) 3254-4000<\/p>\t\t\t\t\t\t\t\t<\/div>\n\t\t\t\t<\/div>\n\t\t\t\t<\/div>\n\t\t\t\t<\/div>","protected":false},"excerpt":{"rendered":"<p>Conozca de primera mano a los productores artesanales presentes en la feria de alimentaci\u00f3n local, del 16 al 19 de abril en la Pra\u00e7a da Baleia.<\/p>","protected":false},"author":6,"featured_media":94624,"comment_status":"closed","ping_status":"closed","sticky":false,"template":"","format":"standard","meta":{"_price":"","_stock":"","_tribe_ticket_header":"","_tribe_default_ticket_provider":"","_tribe_ticket_capacity":"","_ticket_start_date":"","_ticket_end_date":"","_tribe_ticket_show_description":"","_tribe_ticket_show_not_going":false,"_tribe_ticket_use_global_stock":"","_tribe_ticket_global_stock_level":"","_global_stock_mode":"","_global_stock_cap":"","_tribe_rsvp_for_event":"","_tribe_ticket_going_count":"","_tribe_ticket_not_going_count":"","_tribe_tickets_list":"[]","_tribe_ticket_has_attendee_info_fields":false,"footnotes":""},"categories":[18],"tags":[216,217],"class_list":["post-94582","post","type-post","status-publish","format-standard","has-post-thumbnail","hentry","category-feiras","tag-feira","tag-queijos"],"_links":{"self":[{"href":"https:\/\/mundialdoqueijodobrasil.com\/es\/wp-json\/wp\/v2\/posts\/94582","targetHints":{"allow":["GET"]}}],"collection":[{"href":"https:\/\/mundialdoqueijodobrasil.com\/es\/wp-json\/wp\/v2\/posts"}],"about":[{"href":"https:\/\/mundialdoqueijodobrasil.com\/es\/wp-json\/wp\/v2\/types\/post"}],"author":[{"embeddable":true,"href":"https:\/\/mundialdoqueijodobrasil.com\/es\/wp-json\/wp\/v2\/users\/6"}],"replies":[{"embeddable":true,"href":"https:\/\/mundialdoqueijodobrasil.com\/es\/wp-json\/wp\/v2\/comments?post=94582"}],"version-history":[{"count":214,"href":"https:\/\/mundialdoqueijodobrasil.com\/es\/wp-json\/wp\/v2\/posts\/94582\/revisions"}],"predecessor-version":[{"id":95972,"href":"https:\/\/mundialdoqueijodobrasil.com\/es\/wp-json\/wp\/v2\/posts\/94582\/revisions\/95972"}],"wp:featuredmedia":[{"embeddable":true,"href":"https:\/\/mundialdoqueijodobrasil.com\/es\/wp-json\/wp\/v2\/media\/94624"}],"wp:attachment":[{"href":"https:\/\/mundialdoqueijodobrasil.com\/es\/wp-json\/wp\/v2\/media?parent=94582"}],"wp:term":[{"taxonomy":"category","embeddable":true,"href":"https:\/\/mundialdoqueijodobrasil.com\/es\/wp-json\/wp\/v2\/categories?post=94582"},{"taxonomy":"post_tag","embeddable":true,"href":"https:\/\/mundialdoqueijodobrasil.com\/es\/wp-json\/wp\/v2\/tags?post=94582"}],"curies":[{"name":"wp","href":"https:\/\/api.w.org\/{rel}","templated":true}]}}