{"id":2463,"date":"2023-12-27T10:24:56","date_gmt":"2023-12-27T13:24:56","guid":{"rendered":"https:\/\/mundialdoqueijodobrasil.com\/?p=2463"},"modified":"2024-02-01T06:09:48","modified_gmt":"2024-02-01T09:09:48","slug":"feiraprofissional","status":"publish","type":"post","link":"https:\/\/mundialdoqueijodobrasil.com\/fr\/feiraprofissional\/","title":{"rendered":"Salon professionnel"},"content":{"rendered":"<p>Le salon a pour objectif de pr\u00e9senter aux professionnels les solutions et les tendances en mati\u00e8re d&#039;\u00e9quipements et de fournitures pour l&#039;industrie fromag\u00e8re. Il se tiendra les 16 et 17 septembre, de 8h \u00e0 19h, \u00e0 l&#039;int\u00e9rieur du th\u00e9\u00e2tre, aux 2e et 3e \u00e9tages. Les stands professionnels mesurent 3 x 3 m et sont \u00e9quip\u00e9s de prises \u00e9lectriques, d&#039;\u00e9clairage et d&#039;un acc\u00e8s internet. <span style=\"background-color: rgba(255, 255, 255, 0); color: var(--body_typography-color); font-family: var(--body_typography-font-family); font-size: var(--body_typography-font-size); font-style: var(--body_typography-font-style,normal); letter-spacing: var(--body_typography-letter-spacing);\"><b style=\"color: var(--awb-custom_color_3);\"><span style=\"color: rgba(0, 0, 0, 0);\"><a style=\"color: var(--awb-custom_color_3);\" href=\"https:\/\/drive.google.com\/file\/d\/1xQ30A37RSJ15tYXascVQeWC8j10uKQGp\/view?usp=sharing\" target=\"_blank\" rel=\"noopener noreferrer\"><u>Dossier de presse (PDF).<\/u><\/a><\/span><\/b><\/span><\/p>\n<p>Contactez S\u00e1via Vilela pour r\u00e9server votre espace\u00a0: saviavilela.goulart@gmail.com | (37)\u00a099922-5196<\/p>","protected":false},"excerpt":{"rendered":"<p>A Feira Profissional tem como objetivo apresentar ao p\u00fablico profissional solu\u00e7\u00f5es e tend\u00eancias em equipamentos e insumos da cadeia do queijo. Ela acontece nos dias 16 e 17 de setembro, [&hellip;]<\/p>\n","protected":false},"author":6,"featured_media":7741,"comment_status":"closed","ping_status":"closed","sticky":false,"template":"","format":"standard","meta":{"_price":"","_stock":"","_tribe_ticket_header":"","_tribe_default_ticket_provider":"","_tribe_ticket_capacity":"0","_ticket_start_date":"","_ticket_end_date":"","_tribe_ticket_show_description":"","_tribe_ticket_show_not_going":false,"_tribe_ticket_use_global_stock":"","_tribe_ticket_global_stock_level":"","_global_stock_mode":"","_global_stock_cap":"","_tribe_rsvp_for_event":"","_tribe_ticket_going_count":"","_tribe_ticket_not_going_count":"","_tribe_tickets_list":"[]","_tribe_ticket_has_attendee_info_fields":false,"footnotes":""},"categories":[18,16],"tags":[115,113,114,116,117,118],"class_list":["post-2463","post","type-post","status-publish","format-standard","has-post-thumbnail","hentry","category-feiras","category-programa","tag-concurso-de-queijo","tag-mundialdoqueijo","tag-queijo-artesanal","tag-queijo-brasileiro","tag-queijo-frances","tag-queijos-sem-fronteiras"],"_links":{"self":[{"href":"https:\/\/mundialdoqueijodobrasil.com\/fr\/wp-json\/wp\/v2\/posts\/2463","targetHints":{"allow":["GET"]}}],"collection":[{"href":"https:\/\/mundialdoqueijodobrasil.com\/fr\/wp-json\/wp\/v2\/posts"}],"about":[{"href":"https:\/\/mundialdoqueijodobrasil.com\/fr\/wp-json\/wp\/v2\/types\/post"}],"author":[{"embeddable":true,"href":"https:\/\/mundialdoqueijodobrasil.com\/fr\/wp-json\/wp\/v2\/users\/6"}],"replies":[{"embeddable":true,"href":"https:\/\/mundialdoqueijodobrasil.com\/fr\/wp-json\/wp\/v2\/comments?post=2463"}],"version-history":[{"count":0,"href":"https:\/\/mundialdoqueijodobrasil.com\/fr\/wp-json\/wp\/v2\/posts\/2463\/revisions"}],"wp:featuredmedia":[{"embeddable":true,"href":"https:\/\/mundialdoqueijodobrasil.com\/fr\/wp-json\/wp\/v2\/media\/7741"}],"wp:attachment":[{"href":"https:\/\/mundialdoqueijodobrasil.com\/fr\/wp-json\/wp\/v2\/media?parent=2463"}],"wp:term":[{"taxonomy":"category","embeddable":true,"href":"https:\/\/mundialdoqueijodobrasil.com\/fr\/wp-json\/wp\/v2\/categories?post=2463"},{"taxonomy":"post_tag","embeddable":true,"href":"https:\/\/mundialdoqueijodobrasil.com\/fr\/wp-json\/wp\/v2\/tags?post=2463"}],"curies":[{"name":"wp","href":"https:\/\/api.w.org\/{rel}","templated":true}]}}