{"id":7474,"date":"2026-04-03T13:53:34","date_gmt":"2026-04-03T16:53:34","guid":{"rendered":"https:\/\/mundialdoqueijodobrasil.com\/?p=7474"},"modified":"2026-04-26T11:09:34","modified_gmt":"2026-04-26T14:09:34","slug":"2-concurso-de-melhor-fondue-do-brasil","status":"publish","type":"post","link":"https:\/\/mundialdoqueijodobrasil.com\/fr\/2-concurso-de-melhor-fondue-do-brasil\/","title":{"rendered":"3e meilleur concours de fondue au Br\u00e9sil"},"content":{"rendered":"<div data-elementor-type=\"wp-post\" data-elementor-id=\"7474\" class=\"elementor elementor-7474\" data-elementor-post-type=\"post\">\n\t\t\t\t<div class=\"elementor-element elementor-element-15a9f5ea e-flex e-con-boxed e-con e-parent\" data-id=\"15a9f5ea\" data-element_type=\"container\" data-e-type=\"container\">\n\t\t\t\t\t<div class=\"e-con-inner\">\n\t\t\t\t<div class=\"elementor-element elementor-element-64430072 elementor-widget elementor-widget-text-editor\" data-id=\"64430072\" data-element_type=\"widget\" data-e-type=\"widget\" data-widget_type=\"text-editor.default\">\n\t\t\t\t<div class=\"elementor-widget-container\">\n\t\t\t\t\t\t\t\t\t<p><strong>O Concurso Melhor Fondue do Brasil <\/strong>\u00a0premiou em primeiro lugar <strong>Raquel Chapchap<\/strong>, em segundo lugar <strong>Maria Lucilha de Faria<\/strong> e em terceiro lugar <strong>Lucas Edouard Bracale Darbellay<\/strong>. A categoria especial para a melhor fondue feita com cerveja foi vencida por\u00a0<strong>Gilvonete Vidal<\/strong>, da Re.vivas, de Petrolina-PE.<\/p>\n<p><img fetchpriority=\"high\" decoding=\"async\" class=\"aligncenter size-fusion800 wp-image-96001\" src=\"https:\/\/mundialdoqueijodobrasil.com\/wp-content\/uploads\/2026\/04\/fondue-podium-1.webp\" alt=\"\" width=\"800\" height=\"521\" srcset=\"https:\/\/mundialdoqueijodobrasil.com\/wp-content\/uploads\/2026\/04\/fondue-podium-1.webp 800w, https:\/\/mundialdoqueijodobrasil.com\/wp-content\/uploads\/2026\/04\/fondue-podium-1-300x195.webp 300w, https:\/\/mundialdoqueijodobrasil.com\/wp-content\/uploads\/2026\/04\/fondue-podium-1-768x500.webp 768w, https:\/\/mundialdoqueijodobrasil.com\/wp-content\/uploads\/2026\/04\/fondue-podium-1-18x12.webp 18w, https:\/\/mundialdoqueijodobrasil.com\/wp-content\/uploads\/2026\/04\/fondue-podium-1-500x326.webp 500w, https:\/\/mundialdoqueijodobrasil.com\/wp-content\/uploads\/2026\/04\/fondue-podium-1-700x456.webp 700w\" sizes=\"(max-width: 800px) 100vw, 800px\" \/><\/p>\n<p style=\"margin: 16px 0px; color: #0f1115; font-family: quote-cjk-patch, Inter, system-ui, -apple-system, 'system-ui', 'Segoe UI', Roboto, Oxygen, Ubuntu, Cantarell, 'Open Sans', 'Helvetica Neue', sans-serif;\"><span style=\"font-weight: 600;\">Raquel\u00a0<\/span>\u00e9 Executiva de Market Intelligence multil\u00edngue, com passagem por gigantes como Casas Bahia e Nespresso, traduziu sua precis\u00e3o anal\u00edtica em excel\u00eancia na fondue.<\/p>\n<p><img decoding=\"async\" class=\"aligncenter size-full wp-image-96000\" src=\"https:\/\/mundialdoqueijodobrasil.com\/wp-content\/uploads\/2026\/04\/raquel.webp\" alt=\"\" width=\"800\" height=\"1067\" srcset=\"https:\/\/mundialdoqueijodobrasil.com\/wp-content\/uploads\/2026\/04\/raquel.webp 800w, https:\/\/mundialdoqueijodobrasil.com\/wp-content\/uploads\/2026\/04\/raquel-225x300.webp 225w, https:\/\/mundialdoqueijodobrasil.com\/wp-content\/uploads\/2026\/04\/raquel-768x1024.webp 768w, https:\/\/mundialdoqueijodobrasil.com\/wp-content\/uploads\/2026\/04\/raquel-9x12.webp 9w, https:\/\/mundialdoqueijodobrasil.com\/wp-content\/uploads\/2026\/04\/raquel-500x667.webp 500w, https:\/\/mundialdoqueijodobrasil.com\/wp-content\/uploads\/2026\/04\/raquel-700x934.webp 700w\" sizes=\"(max-width: 800px) 100vw, 800px\" \/><\/p>\n<p style=\"margin: 16px 0px; color: #0f1115; font-family: quote-cjk-patch, Inter, system-ui, -apple-system, 'system-ui', 'Segoe UI', Roboto, Oxygen, Ubuntu, Cantarell, 'Open Sans', 'Helvetica Neue', sans-serif;\">\u00a0<span style=\"font-size: 1rem; font-weight: 600;\">Lucas\u00a0\u00a0<\/span><span style=\"font-size: 1rem;\">\u00e9\u00a0<\/span><span style=\"font-size: 1rem;\">Cozinheiro do restaurante Chef Rouge (Guia Michelin 2025) e estudante de Gastronomia no SENAC, uniu forma\u00e7\u00e3o su\u00ed\u00e7o-brasileira e t\u00e9cnica refinada na competi\u00e7\u00e3o.\u00a0<\/span><span style=\"font-weight: bolder; font-family: Roboto, sans-serif; color: #333333; font-size: 1rem;\">Lucilha<\/span><span style=\"font-weight: bolder; font-family: Roboto, sans-serif; color: #333333; font-size: 1rem;\">\u00a0<\/span><span style=\"font-family: Roboto, sans-serif; color: #333333; font-size: 1rem;\">fez uma fondue bem brasileira, usando lim\u00e3o para dar uma textura bem cremosa e queijo canastra em complemento ao gruy\u00e8re.<\/span><\/p>\n<p><strong>A terceira edi\u00e7\u00e3o do Concurso Melhor Fondue do Brasil <\/strong>foi uma realiza\u00e7\u00e3o da SerT\u00e3oBras e da Guilde Internationale des Fromagers, em parceria com o consagrado Mondial de Fondue de Tartegnin, na Su\u00ed\u00e7a, a Academia da Cerveja de S\u00e3o Paulo e o Consulado Su\u00ed\u00e7o no Brasil, que ofereceu como pr\u00eamio a passagem de avi\u00e3o para a vencedora concorrer no Mundial em 2027.<\/p>\n<p>A competi\u00e7\u00e3o, presidida por D\u00e9bora Pereira, conselheira da SerT\u00e3oBras, e Gilberto Tarantino, presidente da Associa\u00e7\u00e3o Brasileira de Cerveja Artesanal, teve como objetivo valorizar a fondue de queijo como receita tradicional e eleger o grande Campe\u00e3o Brasileiro de Fondue.\u00a0<span style=\"font-size: 1rem;\">O evento aconteceu no dia 15 de abril de 2026, na Academia da Cerveja (R. Mourato Coelho, 560 \u2013 Pinheiros, S\u00e3o Paulo), em uma noite reservada a um grupo seleto de jurados, jornalistas e convidados.<\/span><\/p>\n<p>A receita deveria conter no m\u00ednimo 50% de Gruy\u00e8re DOP, com pelo menos um ano de matura\u00e7\u00e3o, cedido pela comiss\u00e3o julgadora. Os demais queijos ficaram a crit\u00e9rio do concorrente, mas todos deveriam ser ralados manualmente \u2014 o uso de raladores el\u00e9tricos foi proibido.<\/p>\n<p>Entre os ingredientes permitidos estavam vinho, cerveja, cidra, suco de lim\u00e3o, kirsch, alho, amido de batata ou milho, farinha, bicarbonato de s\u00f3dio, pimenta e mostarda. Ficaram expressamente proibidos aditivos como \u00e1cido c\u00edtrico (E 330), citrato de s\u00f3dio (E 331), fosfato de pot\u00e1ssio (E 340) e polifosfato (E 452). Outros ingredientes puderam ser autorizados excepcionalmente pela organiza\u00e7\u00e3o no momento da inscri\u00e7\u00e3o.<\/p>\n<p>No dia da competi\u00e7\u00e3o, os candidatos apresentaram a receita impressa sobre a mesa, com todos os ingredientes especificados e o passo a passo da execu\u00e7\u00e3o.<\/p>\n<p><strong>Crit\u00e8res d&#039;\u00e9valuation et d&#039;attribution<\/strong><br \/>As fondues foram avaliadas segundo quatro crit\u00e9rios:<\/p>\n<ul>\n<li>\n<p>Visuel<\/p>\n<\/li>\n<li>\n<p>Go\u00fbt et ar\u00f4me<\/p>\n<\/li>\n<li>\n<p>Consist\u00eancia e textura (que deveria ser homog\u00eanea)<\/p>\n<\/li>\n<li>\n<p>Impression globale<\/p>\n<\/li>\n<\/ul>\n<p><strong>Raquel Chapchap,<\/strong> a grande vencedora foi anunciado durante cerim\u00f4nia no 4\u00ba Mundial do Queijo do Brasil, no dia 17 de abril de 2026, no audit\u00f3rio do Teatro B32.<\/p>\n<p>Raquel recebeu um trof\u00e9u e a oportunidade de representar o Brasil no Mondial de Fondue de Tartegnin, na Su\u00ed\u00e7a, em 2027, com vaga direta na final \u2014 sem necessidade de passar pelas etapas eliminat\u00f3rias. As despesas de viagem ficaram a cargo do vencedor.<\/p>\n<p>O 2\u00ba e o 3\u00ba lugares receberam trof\u00e9us. Houve ainda uma categoria especial para a melhor receita que utilizou cerveja em sua composi\u00e7\u00e3o, vencida por <strong>Gilvonete Vidal, da Re.vivas,<\/strong> produtora de queijo e queijista em Petrolina-PE.<\/p>\t\t\t\t\t\t\t\t<\/div>\n\t\t\t\t<\/div>\n\t\t\t\t<div class=\"elementor-element elementor-element-bbbf26a elementor-widget elementor-widget-text-editor\" data-id=\"bbbf26a\" data-element_type=\"widget\" data-e-type=\"widget\" data-widget_type=\"text-editor.default\">\n\t\t\t\t<div class=\"elementor-widget-container\">\n\t\t\t\t\t\t\t\t\t\n<h1>Laur\u00e9ats des \u00e9ditions pr\u00e9c\u00e9dentes<\/h1>\n\n<p><strong>2024<br \/><\/strong>Gagnante : Malu Mello.<\/p>\n<p><img decoding=\"async\" class=\"aligncenter size-full wp-image-93948\" src=\"https:\/\/mundialdoqueijodobrasil.com\/wp-content\/uploads\/2025\/11\/MaluMelo.webp\" alt=\"\" width=\"682\" height=\"867\" srcset=\"https:\/\/mundialdoqueijodobrasil.com\/wp-content\/uploads\/2025\/11\/MaluMelo.webp 682w, https:\/\/mundialdoqueijodobrasil.com\/wp-content\/uploads\/2025\/11\/MaluMelo-236x300.webp 236w, https:\/\/mundialdoqueijodobrasil.com\/wp-content\/uploads\/2025\/11\/MaluMelo-500x636.webp 500w\" sizes=\"(max-width: 682px) 100vw, 682px\" \/><br \/><br \/><strong>2022<br \/><\/strong>Gagnante : Clara Gaehwiler.<\/p>\n<p><img loading=\"lazy\" decoding=\"async\" class=\"aligncenter size-full wp-image-95122\" src=\"https:\/\/mundialdoqueijodobrasil.com\/wp-content\/uploads\/2026\/03\/P1614176-770x1020-1.webp\" alt=\"\" width=\"770\" height=\"1020\" srcset=\"https:\/\/mundialdoqueijodobrasil.com\/wp-content\/uploads\/2026\/03\/P1614176-770x1020-1.webp 770w, https:\/\/mundialdoqueijodobrasil.com\/wp-content\/uploads\/2026\/03\/P1614176-770x1020-1-226x300.webp 226w, https:\/\/mundialdoqueijodobrasil.com\/wp-content\/uploads\/2026\/03\/P1614176-770x1020-1-768x1017.webp 768w, https:\/\/mundialdoqueijodobrasil.com\/wp-content\/uploads\/2026\/03\/P1614176-770x1020-1-9x12.webp 9w, https:\/\/mundialdoqueijodobrasil.com\/wp-content\/uploads\/2026\/03\/P1614176-770x1020-1-500x662.webp 500w, https:\/\/mundialdoqueijodobrasil.com\/wp-content\/uploads\/2026\/03\/P1614176-770x1020-1-700x927.webp 700w\" sizes=\"(max-width: 770px) 100vw, 770px\" \/><\/p>\n\t\t\t\t\t\t\t\t<\/div>\n\t\t\t\t<\/div>\n\t\t\t\t<div class=\"elementor-element elementor-element-cdf9097 elementor-widget elementor-widget-heading\" data-id=\"cdf9097\" data-element_type=\"widget\" data-e-type=\"widget\" data-widget_type=\"heading.default\">\n\t\t\t\t<div class=\"elementor-widget-container\">\n\t\t\t\t\t<h2 class=\"elementor-heading-title elementor-size-default\">Sponsors<\/h2>\t\t\t\t<\/div>\n\t\t\t\t<\/div>\n\t\t\t\t\t<\/div>\n\t\t\t\t<\/div>\n\t\t<div class=\"elementor-element elementor-element-393cddd e-grid e-con-boxed e-con e-parent\" data-id=\"393cddd\" data-element_type=\"container\" data-e-type=\"container\">\n\t\t\t\t\t<div class=\"e-con-inner\">\n\t\t\t\t<div class=\"elementor-element elementor-element-a94ffd3 elementor-widget elementor-widget-image\" data-id=\"a94ffd3\" data-element_type=\"widget\" data-e-type=\"widget\" data-widget_type=\"image.default\">\n\t\t\t\t<div class=\"elementor-widget-container\">\n\t\t\t\t\t\t\t\t\t\t\t\t\t\t\t\t<a href=\"https:\/\/www.eda.admin.ch\/saopaulo\" target=\"_blank\">\n\t\t\t\t\t\t\t<img loading=\"lazy\" decoding=\"async\" width=\"633\" height=\"819\" src=\"https:\/\/mundialdoqueijodobrasil.com\/wp-content\/uploads\/2024\/01\/Logo-Switzerland-Portugiesisch-_1_.webp\" class=\"attachment-large size-large wp-image-95608\" alt=\"\" srcset=\"https:\/\/mundialdoqueijodobrasil.com\/wp-content\/uploads\/2024\/01\/Logo-Switzerland-Portugiesisch-_1_.webp 633w, https:\/\/mundialdoqueijodobrasil.com\/wp-content\/uploads\/2024\/01\/Logo-Switzerland-Portugiesisch-_1_-232x300.webp 232w, https:\/\/mundialdoqueijodobrasil.com\/wp-content\/uploads\/2024\/01\/Logo-Switzerland-Portugiesisch-_1_-9x12.webp 9w, https:\/\/mundialdoqueijodobrasil.com\/wp-content\/uploads\/2024\/01\/Logo-Switzerland-Portugiesisch-_1_-500x647.webp 500w\" sizes=\"(max-width: 633px) 100vw, 633px\" \/>\t\t\t\t\t\t\t\t<\/a>\n\t\t\t\t\t\t\t\t\t\t\t\t\t\t\t<\/div>\n\t\t\t\t<\/div>\n\t\t\t\t<div class=\"elementor-element elementor-element-d881d4c elementor-widget elementor-widget-image\" data-id=\"d881d4c\" data-element_type=\"widget\" data-e-type=\"widget\" data-widget_type=\"image.default\">\n\t\t\t\t<div class=\"elementor-widget-container\">\n\t\t\t\t\t\t\t\t\t\t\t\t\t\t\t\t<a href=\"https:\/\/www.mondialfondue.com\/\" target=\"_blank\">\n\t\t\t\t\t\t\t<img loading=\"lazy\" decoding=\"async\" width=\"277\" height=\"182\" src=\"https:\/\/mundialdoqueijodobrasil.com\/wp-content\/uploads\/2026\/04\/mondialfondue.webp\" class=\"attachment-large size-large wp-image-95615\" alt=\"\" srcset=\"https:\/\/mundialdoqueijodobrasil.com\/wp-content\/uploads\/2026\/04\/mondialfondue.webp 277w, https:\/\/mundialdoqueijodobrasil.com\/wp-content\/uploads\/2026\/04\/mondialfondue-18x12.webp 18w\" sizes=\"(max-width: 277px) 100vw, 277px\" \/>\t\t\t\t\t\t\t\t<\/a>\n\t\t\t\t\t\t\t\t\t\t\t\t\t\t\t<\/div>\n\t\t\t\t<\/div>\n\t\t\t\t<div class=\"elementor-element elementor-element-b5284a8 elementor-widget elementor-widget-image\" data-id=\"b5284a8\" data-element_type=\"widget\" data-e-type=\"widget\" data-widget_type=\"image.default\">\n\t\t\t\t<div class=\"elementor-widget-container\">\n\t\t\t\t\t\t\t\t\t\t\t\t\t\t\t\t<a href=\"https:\/\/www.eda.admin.ch\/saopaulo\" target=\"_blank\">\n\t\t\t\t\t\t\t<img loading=\"lazy\" decoding=\"async\" width=\"433\" height=\"350\" src=\"https:\/\/mundialdoqueijodobrasil.com\/wp-content\/uploads\/2026\/04\/LOGO-ABRACERVA_COLORIDO_1_.webp\" class=\"attachment-large size-large wp-image-95614\" alt=\"\" srcset=\"https:\/\/mundialdoqueijodobrasil.com\/wp-content\/uploads\/2026\/04\/LOGO-ABRACERVA_COLORIDO_1_.webp 433w, https:\/\/mundialdoqueijodobrasil.com\/wp-content\/uploads\/2026\/04\/LOGO-ABRACERVA_COLORIDO_1_-300x242.webp 300w, https:\/\/mundialdoqueijodobrasil.com\/wp-content\/uploads\/2026\/04\/LOGO-ABRACERVA_COLORIDO_1_-15x12.webp 15w\" sizes=\"(max-width: 433px) 100vw, 433px\" \/>\t\t\t\t\t\t\t\t<\/a>\n\t\t\t\t\t\t\t\t\t\t\t\t\t\t\t<\/div>\n\t\t\t\t<\/div>\n\t\t\t\t<div class=\"elementor-element elementor-element-8a5ded1 elementor-widget elementor-widget-image\" data-id=\"8a5ded1\" data-element_type=\"widget\" data-e-type=\"widget\" data-widget_type=\"image.default\">\n\t\t\t\t<div class=\"elementor-widget-container\">\n\t\t\t\t\t\t\t\t\t\t\t\t\t\t\t\t<a href=\"https:\/\/www.academiadacerveja.com\/\" target=\"_blank\">\n\t\t\t\t\t\t\t<img loading=\"lazy\" decoding=\"async\" width=\"448\" height=\"468\" src=\"https:\/\/mundialdoqueijodobrasil.com\/wp-content\/uploads\/2026\/04\/academiadacerveja.webp\" class=\"attachment-large size-large wp-image-95619\" alt=\"\" srcset=\"https:\/\/mundialdoqueijodobrasil.com\/wp-content\/uploads\/2026\/04\/academiadacerveja.webp 448w, https:\/\/mundialdoqueijodobrasil.com\/wp-content\/uploads\/2026\/04\/academiadacerveja-287x300.webp 287w, https:\/\/mundialdoqueijodobrasil.com\/wp-content\/uploads\/2026\/04\/academiadacerveja-11x12.webp 11w\" sizes=\"(max-width: 448px) 100vw, 448px\" \/>\t\t\t\t\t\t\t\t<\/a>\n\t\t\t\t\t\t\t\t\t\t\t\t\t\t\t<\/div>\n\t\t\t\t<\/div>\n\t\t\t\t\t<\/div>\n\t\t\t\t<\/div>\n\t\t\t\t<\/div>","protected":false},"excerpt":{"rendered":"<p>O Concurso Melhor Fondue do Brasil \u00a0premiou em primeiro lugar Raquel Chapchap, em segundo lugar Maria Lucilha de Faria e em terceiro lugar Lucas Edouard Bracale Darbellay. A categoria especial [&hellip;]<\/p>\n","protected":false},"author":6,"featured_media":7278,"comment_status":"closed","ping_status":"closed","sticky":false,"template":"","format":"standard","meta":{"_price":"","_stock":"","_tribe_ticket_header":"","_tribe_default_ticket_provider":"","_tribe_ticket_capacity":"0","_ticket_start_date":"","_ticket_end_date":"","_tribe_ticket_show_description":"","_tribe_ticket_show_not_going":false,"_tribe_ticket_use_global_stock":"","_tribe_ticket_global_stock_level":"","_global_stock_mode":"","_global_stock_cap":"","_tribe_rsvp_for_event":"","_tribe_ticket_going_count":"","_tribe_ticket_not_going_count":"","_tribe_tickets_list":"[]","_tribe_ticket_has_attendee_info_fields":false,"footnotes":""},"categories":[112,211],"tags":[],"class_list":["post-7474","post","type-post","status-publish","format-standard","has-post-thumbnail","hentry","category-concursos","category-destaque"],"_links":{"self":[{"href":"https:\/\/mundialdoqueijodobrasil.com\/fr\/wp-json\/wp\/v2\/posts\/7474","targetHints":{"allow":["GET"]}}],"collection":[{"href":"https:\/\/mundialdoqueijodobrasil.com\/fr\/wp-json\/wp\/v2\/posts"}],"about":[{"href":"https:\/\/mundialdoqueijodobrasil.com\/fr\/wp-json\/wp\/v2\/types\/post"}],"author":[{"embeddable":true,"href":"https:\/\/mundialdoqueijodobrasil.com\/fr\/wp-json\/wp\/v2\/users\/6"}],"replies":[{"embeddable":true,"href":"https:\/\/mundialdoqueijodobrasil.com\/fr\/wp-json\/wp\/v2\/comments?post=7474"}],"version-history":[{"count":47,"href":"https:\/\/mundialdoqueijodobrasil.com\/fr\/wp-json\/wp\/v2\/posts\/7474\/revisions"}],"predecessor-version":[{"id":96007,"href":"https:\/\/mundialdoqueijodobrasil.com\/fr\/wp-json\/wp\/v2\/posts\/7474\/revisions\/96007"}],"wp:featuredmedia":[{"embeddable":true,"href":"https:\/\/mundialdoqueijodobrasil.com\/fr\/wp-json\/wp\/v2\/media\/7278"}],"wp:attachment":[{"href":"https:\/\/mundialdoqueijodobrasil.com\/fr\/wp-json\/wp\/v2\/media?parent=7474"}],"wp:term":[{"taxonomy":"category","embeddable":true,"href":"https:\/\/mundialdoqueijodobrasil.com\/fr\/wp-json\/wp\/v2\/categories?post=7474"},{"taxonomy":"post_tag","embeddable":true,"href":"https:\/\/mundialdoqueijodobrasil.com\/fr\/wp-json\/wp\/v2\/tags?post=7474"}],"curies":[{"name":"wp","href":"https:\/\/api.w.org\/{rel}","templated":true}]}}