{"id":8342,"date":"2024-02-28T16:15:01","date_gmt":"2024-02-28T19:15:01","guid":{"rendered":"https:\/\/mundialdoqueijodobrasil.com\/?p=8342"},"modified":"2024-02-28T16:22:16","modified_gmt":"2024-02-28T19:22:16","slug":"teatro-b32-abre-as-portas-novamente-para-o-3-mundial-do-queijo-do-brasil","status":"publish","type":"post","link":"https:\/\/mundialdoqueijodobrasil.com\/fr\/teatro-b32-abre-as-portas-novamente-para-o-3-mundial-do-queijo-do-brasil\/","title":{"rendered":"Le Teatro B32 rouvre ses portes pour le 3e Championnat du monde des fromages du Br\u00e9sil."},"content":{"rendered":"<p style=\"font-style:italic;font-weight:100\"><em>Savez-vous o\u00f9 se d\u00e9roulera le Championnat du monde des fromages au Br\u00e9sil ?<\/em><\/p>\n\n\n\n<p>Renouvelant le partenariat \u00e9tabli lors du dernier Championnat du monde des fromages, le lieu qui accueillera le troisi\u00e8me Championnat du monde des fromages du Br\u00e9sil est\u2026 <a href=\"https:\/\/teatrob32.com.br\/\">Th\u00e9\u00e2tre B32<\/a>.<\/p>\n\n\n\n<p>Ce th\u00e9\u00e2tre se distingue par l&#039;utilisation de technologies de pointe et de solutions ultramodernes qui garantissent une qualit\u00e9 acoustique et spatiale exceptionnelle. Il est le premier th\u00e9\u00e2tre \u00e9quip\u00e9 d&#039;un \u00e9clairage sc\u00e9nique LED 100%.<\/p>\n\n\n\n<p>L&#039;une des principales caract\u00e9ristiques distinctives du B32 est sa capacit\u00e9 \u00e0 offrir des espaces publics de grande qualit\u00e9, le rendant plus accueillant pour les habitants et am\u00e9liorant ainsi la vie urbaine.<\/p>\n\n\n\n<p>La place est am\u00e9nag\u00e9e avec des tables et des chaises et pr\u00e9sente une mosa\u00efque au sol d&#039;o\u00f9 jaillissent des jets d&#039;eau, formant une fontaine lumineuse. \u00c0 partir du 11 avril, cette place accueillera\u2026 <a href=\"http:\/\/feira-de-queijos-do-mundial-fomenta-a-compra-de-produtos-diretamente-do-terroir\">foire aux fromages et aux produits artisanaux<\/a>, o\u00f9 plus de 100 producteurs venus de tout le Br\u00e9sil vendront leurs produits directement de la ferme.<\/p>\n\n\n\n<figure class=\"wp-block-image aligncenter size-large is-resized\"><img fetchpriority=\"high\" decoding=\"async\" width=\"1024\" height=\"1024\" src=\"https:\/\/mundialdoqueijodobrasil.com\/wp-content\/uploads\/2024\/02\/IMG_20240226_184209_366-1024x1024.webp\" alt=\"\" class=\"wp-image-8345\" style=\"width:518px;height:auto\" srcset=\"https:\/\/mundialdoqueijodobrasil.com\/wp-content\/uploads\/2024\/02\/IMG_20240226_184209_366-1024x1024.webp 1024w, https:\/\/mundialdoqueijodobrasil.com\/wp-content\/uploads\/2024\/02\/IMG_20240226_184209_366-500x500.webp 500w, https:\/\/mundialdoqueijodobrasil.com\/wp-content\/uploads\/2024\/02\/IMG_20240226_184209_366-100x100.webp 100w, https:\/\/mundialdoqueijodobrasil.com\/wp-content\/uploads\/2024\/02\/IMG_20240226_184209_366-700x700.webp 700w, https:\/\/mundialdoqueijodobrasil.com\/wp-content\/uploads\/2024\/02\/IMG_20240226_184209_366-300x300.webp 300w, https:\/\/mundialdoqueijodobrasil.com\/wp-content\/uploads\/2024\/02\/IMG_20240226_184209_366-150x150.webp 150w, https:\/\/mundialdoqueijodobrasil.com\/wp-content\/uploads\/2024\/02\/IMG_20240226_184209_366-768x768.webp 768w, https:\/\/mundialdoqueijodobrasil.com\/wp-content\/uploads\/2024\/02\/IMG_20240226_184209_366.webp 1080w\" sizes=\"(max-width: 1024px) 100vw, 1024px\" \/><\/figure>\n\n\n\n<p>En plus de pr\u00e9senter la c\u00e9l\u00e8bre sculpture de baleine devant le th\u00e9\u00e2tre, qui mesure 6 m\u00e8tres de haut et 20 m\u00e8tres de long.<\/p>\n\n\n\n<figure class=\"wp-block-image aligncenter size-large is-resized\"><img decoding=\"async\" width=\"1024\" height=\"683\" src=\"https:\/\/mundialdoqueijodobrasil.com\/wp-content\/uploads\/2024\/02\/galeria_institucional14-1-1024x683.webp\" alt=\"\" class=\"wp-image-8346\" style=\"width:501px;height:auto\" srcset=\"https:\/\/mundialdoqueijodobrasil.com\/wp-content\/uploads\/2024\/02\/galeria_institucional14-1-1024x683.webp 1024w, https:\/\/mundialdoqueijodobrasil.com\/wp-content\/uploads\/2024\/02\/galeria_institucional14-1-500x333.webp 500w, https:\/\/mundialdoqueijodobrasil.com\/wp-content\/uploads\/2024\/02\/galeria_institucional14-1-700x467.webp 700w, https:\/\/mundialdoqueijodobrasil.com\/wp-content\/uploads\/2024\/02\/galeria_institucional14-1-300x200.webp 300w, https:\/\/mundialdoqueijodobrasil.com\/wp-content\/uploads\/2024\/02\/galeria_institucional14-1-768x512.webp 768w, https:\/\/mundialdoqueijodobrasil.com\/wp-content\/uploads\/2024\/02\/galeria_institucional14-1-1536x1024.webp 1536w, https:\/\/mundialdoqueijodobrasil.com\/wp-content\/uploads\/2024\/02\/galeria_institucional14-1.webp 2048w\" sizes=\"(max-width: 1024px) 100vw, 1024px\" \/><\/figure>\n\n\n\n<p>Le th\u00e9\u00e2tre B32 est situ\u00e9 \u00e0 Av. Brg. Faria Lima 3732 \u2013 Itaim Bibi, S\u00e3o Paulo \u2013 SP et accueillera le troisi\u00e8me championnat mondial du fromage du Br\u00e9sil, entre le 11 et le 14 avril.<\/p>","protected":false},"excerpt":{"rendered":"<p>VOC\u00ca SABE ONDE SER\u00c1 REALIZADO O MUNDIAL DO QUEIJO DO BRASIL??? Repetindo a parceria do \u00faltimo Mundial, o espa\u00e7o que sediar\u00e1 o Terceiro Mundial do Queijo do Brasil \u00e9 o [&hellip;]<\/p>\n","protected":false},"author":772,"featured_media":8347,"comment_status":"closed","ping_status":"closed","sticky":false,"template":"","format":"standard","meta":{"_price":"","_stock":"","_tribe_ticket_header":"","_tribe_default_ticket_provider":"","_tribe_ticket_capacity":"0","_ticket_start_date":"","_ticket_end_date":"","_tribe_ticket_show_description":"","_tribe_ticket_show_not_going":false,"_tribe_ticket_use_global_stock":"","_tribe_ticket_global_stock_level":"","_global_stock_mode":"","_global_stock_cap":"","_tribe_rsvp_for_event":"","_tribe_ticket_going_count":"","_tribe_ticket_not_going_count":"","_tribe_tickets_list":"[]","_tribe_ticket_has_attendee_info_fields":false,"footnotes":""},"categories":[150,182,1,16],"tags":[],"class_list":["post-8342","post","type-post","status-publish","format-standard","has-post-thumbnail","hentry","category-historia-fr","category-midia","category-nao-categorizado","category-programa"],"_links":{"self":[{"href":"https:\/\/mundialdoqueijodobrasil.com\/fr\/wp-json\/wp\/v2\/posts\/8342","targetHints":{"allow":["GET"]}}],"collection":[{"href":"https:\/\/mundialdoqueijodobrasil.com\/fr\/wp-json\/wp\/v2\/posts"}],"about":[{"href":"https:\/\/mundialdoqueijodobrasil.com\/fr\/wp-json\/wp\/v2\/types\/post"}],"author":[{"embeddable":true,"href":"https:\/\/mundialdoqueijodobrasil.com\/fr\/wp-json\/wp\/v2\/users\/772"}],"replies":[{"embeddable":true,"href":"https:\/\/mundialdoqueijodobrasil.com\/fr\/wp-json\/wp\/v2\/comments?post=8342"}],"version-history":[{"count":0,"href":"https:\/\/mundialdoqueijodobrasil.com\/fr\/wp-json\/wp\/v2\/posts\/8342\/revisions"}],"wp:featuredmedia":[{"embeddable":true,"href":"https:\/\/mundialdoqueijodobrasil.com\/fr\/wp-json\/wp\/v2\/media\/8347"}],"wp:attachment":[{"href":"https:\/\/mundialdoqueijodobrasil.com\/fr\/wp-json\/wp\/v2\/media?parent=8342"}],"wp:term":[{"taxonomy":"category","embeddable":true,"href":"https:\/\/mundialdoqueijodobrasil.com\/fr\/wp-json\/wp\/v2\/categories?post=8342"},{"taxonomy":"post_tag","embeddable":true,"href":"https:\/\/mundialdoqueijodobrasil.com\/fr\/wp-json\/wp\/v2\/tags?post=8342"}],"curies":[{"name":"wp","href":"https:\/\/api.w.org\/{rel}","templated":true}]}}