{"id":8353,"date":"2024-02-28T18:08:58","date_gmt":"2024-02-28T21:08:58","guid":{"rendered":"https:\/\/mundialdoqueijodobrasil.com\/?p=8353"},"modified":"2025-11-11T12:56:34","modified_gmt":"2025-11-11T15:56:34","slug":"quer-expor-sua-marca-no-mundial","status":"publish","type":"post","link":"https:\/\/mundialdoqueijodobrasil.com\/fr\/quer-expor-sua-marca-no-mundial\/","title":{"rendered":"Venez rencontrer les exposants \u00e0 la Coupe du Monde."},"content":{"rendered":"<div data-elementor-type=\"wp-post\" data-elementor-id=\"8353\" class=\"elementor elementor-8353\" data-elementor-post-type=\"post\">\n\t\t\t\t<div class=\"elementor-element elementor-element-337edccf e-flex e-con-boxed e-con e-parent\" data-id=\"337edccf\" data-element_type=\"container\" data-e-type=\"container\">\n\t\t\t\t\t<div class=\"e-con-inner\">\n\t\t\t\t<div class=\"elementor-element elementor-element-4c9109c5 elementor-widget elementor-widget-text-editor\" data-id=\"4c9109c5\" data-element_type=\"widget\" data-e-type=\"widget\" data-widget_type=\"text-editor.default\">\n\t\t\t\t<div class=\"elementor-widget-container\">\n\t\t\t\t\t\t\t\t\t<p><\/p>\n<p style=\"font-size: 18px; font-style: italic; font-weight: 200;\">Le Salon Professionnel est destin\u00e9 au secteur de la fabrication de fromages professionnels.<\/p>\n<p><\/p>\n<p>N\u0153ud<em> salle <\/em>noble du th\u00e9\u00e2tre B32 et dans <em>foyer<\/em> Au premier \u00e9tage, nous trouverons les exposants de <strong>Salon professionnel<\/strong>, dont l&#039;objectif sera de pr\u00e9senter au public des solutions simples et sophistiqu\u00e9es pour leur vie quotidienne, ainsi que les tendances du march\u00e9 en mati\u00e8re d&#039;\u00e9quipements et de fournitures.<br \/><strong>Le salon professionnel se tiendra le 16 avril, de 16h \u00e0 20h, et les 17 et 18 avril, de 9h \u00e0 20h.\u00a0<\/strong><\/p>\n<p><strong>Vous souhaitez consulter le dossier de presse du Salon professionnel 2026\u00a0? Patricia Yui, notre productrice, vous le pr\u00e9sente\u00a0: (11) 98537-1800<br \/>contato@mundialdoqueijodobrasil.com<br \/><br \/><\/strong><\/p>\n<p><\/p>\n<h2 class=\"wp-block-heading\">EXPOSANTS de 2024<\/h2>\n<p><\/p>\n<h2 class=\"wp-block-heading\"><strong>Repr\u00e9sentations am\u00e9ricaines<\/strong><strong>\u00a0<\/strong><\/h2>\n<p><\/p>\n<p><em>SUPPORT P_2<\/em><\/p>\n<p><\/p>\n<figure><img fetchpriority=\"high\" decoding=\"async\" src=\"https:\/\/mundialdoqueijodobrasil.com\/wp-content\/uploads\/2025\/10\/images.webp\" alt=\"\" width=\"225\" height=\"225\" \/><\/figure>\n<p><\/p>\n<p>Amerika Representa\u00e7\u00f5es est un partenaire fran\u00e7ais d&#039;importation de technologies pour les industries agroalimentaires. En 2011, \u00e0 l&#039;\u00e2ge de 40 ans, Florent Mailly souhaitait cr\u00e9er sa propre entreprise. Fort de liens \u00e9troits avec le Br\u00e9sil et ma\u00eetrisant parfaitement le portugais, il a eu l&#039;id\u00e9e de faciliter les \u00e9changes commerciaux entre entreprises fran\u00e7aises et br\u00e9siliennes. Depuis, Amerika Representa\u00e7\u00f5es joue un r\u00f4le de passerelle commerciale entre la France et le Br\u00e9sil. L&#039;entreprise est compos\u00e9e d&#039;ing\u00e9nieurs de proc\u00e9d\u00e9s qui accompagnent le client de la conception du projet jusqu&#039;au service apr\u00e8s-vente.\u00a0<\/p>\n<p><\/p>\n<div class=\"is-vertical is-layout-flex wp-container-core-group-is-layout-fe9cc265 wp-block-group-is-layout-flex\">\n<p><\/p>\n<p>Contact : +33 6 8776-2974<\/p>\n<p><\/p>\n<p>Site web : www.amerika-representacoes.com.br<\/p>\n<p><\/p>\n<\/div>\n<p><\/p>\n<h2 class=\"wp-block-heading\"><strong>Tabliers<\/strong><\/h2>\n<p><\/p>\n<p><em>SUPPORT P_18<\/em><\/p>\n<p><\/p>\n<figure><a href=\"https:\/\/www.instagram.com\/useaprons\/\"><img decoding=\"async\" style=\"width: 465px; height: auto;\" src=\"https:\/\/mundialdoqueijodobrasil.com\/wp-content\/uploads\/2024\/03\/InShot_20240327_153539307-1-1024x438.webp\" alt=\"\" \/><\/a><\/figure>\n<p><\/p>\n<p>Aprons a \u00e9t\u00e9 fond\u00e9e il y a quelques ann\u00e9es avec l&#039;ambition de proposer des v\u00eatements pour les cuisiniers. Son objectif est d&#039;offrir \u00e0 ses clients des v\u00eatements modernes, confortables et r\u00e9sistants, leur permettant d&#039;exprimer pleinement leur cr\u00e9ativit\u00e9 en cuisine. Aprons recherche constamment l&#039;innovation et la qualit\u00e9 dans chacune de ses pi\u00e8ces, dont la production est assur\u00e9e par un r\u00e9seau de couturi\u00e8res hautement qualifi\u00e9es.<\/p>\n<p><\/p>\n<div class=\"is-vertical is-layout-flex wp-container-core-group-is-layout-fe9cc265 wp-block-group-is-layout-flex\">\n<p><\/p>\n<p>Contact : (41) 9 8745-4031<\/p>\n<p><\/p>\n<p>Site web : aprons.com.br<\/p>\n<p><\/p>\n<p>Instagram\u00a0: @useaprons<\/p>\n<p><\/p>\n<\/div>\n<p><\/p>\n<h2 class=\"wp-block-heading\"><strong>Cultures Bioprox<\/strong><\/h2>\n<p><\/p>\n<p><em>SUPPORT P_1<\/em><\/p>\n<p><\/p>\n<figure><img decoding=\"async\" style=\"width: 487px; height: auto;\" src=\"https:\/\/mundialdoqueijodobrasil.com\/wp-content\/uploads\/2024\/01\/Bioprox_Logo_Cultures_Bleu-bleu-1024x498.webp\" alt=\"\" \/><\/figure>\n<p><\/p>\n<p>Bioprox Cultures est une entreprise fran\u00e7aise sp\u00e9cialis\u00e9e dans la production et la commercialisation de ferments lactiques lyophilis\u00e9s, au service d&#039;un secteur agroalimentaire plus transparent, durable et de haute qualit\u00e9. Les propri\u00e9t\u00e9s acidifiantes, post-acidifiantes, texturantes et bioprotectrices des ferments lactiques permettent l&#039;\u00e9laboration d&#039;une large gamme de produits de qualit\u00e9.<\/p>\n<p><\/p>\n<p>Ces ferments sont destin\u00e9s aux produits laitiers\u00a0: yaourts, laits ferment\u00e9s, fromages, beurre, etc.\u00a0<\/p>\n<p><\/p>\n<p>Site web : bioprox.com<\/p>\n<p><\/p>\n<h2 class=\"wp-block-heading\"><strong>Conception de comptoir<\/strong><strong>\u00a0<\/strong><\/h2>\n<p><\/p>\n<p><em>SUPPORT P_4<\/em><\/p>\n<p><\/p>\n<figure><a href=\"https:\/\/www.instagram.com\/con_tra_design?igsh=MXR3aTV2NGNmN2ppMQ==\"><img decoding=\"async\" style=\"width: 247px; height: auto;\" src=\"https:\/\/mundialdoqueijodobrasil.com\/wp-content\/uploads\/2024\/03\/IMG-20240327-WA0294-1-1024x1024.webp\" alt=\"\" \/><\/a><\/figure>\n<p><\/p>\n<p>Contra Design a \u00e9t\u00e9 fond\u00e9e par deux architectes et designers qui ont uni leurs forces en 2019 pour se consacrer \u00e0 leur passion\u00a0: la cr\u00e9ation. Ils travaillent dans divers domaines, principalement la conception d\u2019objets design, de projets d\u2019\u00e9clairage et le design graphique.<\/p>\n<p><\/p>\n<div class=\"is-vertical is-layout-flex wp-container-core-group-is-layout-fe9cc265 wp-block-group-is-layout-flex\">\n<p><\/p>\n<p>Contact : (11) 9 4147-6832 | (63) 9 265-5350<\/p>\n<p><\/p>\n<p>Instagram\u00a0: @con_tra_design<\/p>\n<p><\/p>\n<\/div>\n<p><\/p>\n<h2 class=\"wp-block-heading\"><strong>Globalfood<\/strong><\/h2>\n<p><\/p>\n<p><em>SUPPORT P_3<\/em><\/p>\n<p><\/p>\n<figure><a href=\"https:\/\/www.instagram.com\/globalfood.br\/\"><img decoding=\"async\" style=\"width: 315px; height: auto;\" src=\"https:\/\/mundialdoqueijodobrasil.com\/wp-content\/uploads\/2024\/03\/images-30.webp\" alt=\"\" \/><\/a><\/figure>\n<p><\/p>\n<p>La passion de l&#039;entreprise pour l&#039;alimentation s&#039;inscrit dans une tradition de pr\u00e8s de deux si\u00e8cles. Fond\u00e9e en Allemagne, elle compte aujourd&#039;hui des dizaines de partenaires internationaux. L&#039;entreprise s&#039;engage syst\u00e9matiquement dans la formation aux march\u00e9s, notamment en organisant des cours via la Globalfood Practical Academy. Celle-ci propose chaque ann\u00e9e des dizaines de formations et de s\u00e9minaires, principalement ax\u00e9s sur le lait, le bl\u00e9 et la viande, et permet aux intervenants et formateurs, souvent internationaux, d&#039;\u00eatre au plus pr\u00e8s des clients.\u00a0<\/p>\n<p><\/p>\n<div class=\"is-vertical is-layout-flex wp-container-core-group-is-layout-fe9cc265 wp-block-group-is-layout-flex\">\n<p><\/p>\n<p>Contact : (11) 9 5564-1100<\/p>\n<p><\/p>\n<p>Site web : globalfood.com.br<\/p>\n<p><\/p>\n<p>Instagram\u00a0: @globalfood<\/p>\n<p><\/p>\n<\/div>\n<p><\/p>\n<h2 class=\"wp-block-heading\"><strong>Ghee Me More<\/strong><\/h2>\n<p><\/p>\n<p><em>SUPPORT P_8 et P_9<\/em><\/p>\n<p><\/p>\n<figure><a href=\"https:\/\/www.instagram.com\/gheememore?igsh=MW1iY3V0bXMzbDgwbw==\"><img decoding=\"async\" style=\"width: 482px; height: auto;\" src=\"https:\/\/mundialdoqueijodobrasil.com\/wp-content\/uploads\/2024\/03\/InShot_20240327_153657964-1-1024x516.webp\" alt=\"\" \/><\/a><\/figure>\n<p><\/p>\n<p>Ghee Me More est une entreprise familiale qui perp\u00e9tue la tradition fromag\u00e8re, la tradition du dulce de leche et du beurre du Minas Gerais, une tradition qui a f\u00eat\u00e9 son centenaire en 2023. La qualit\u00e9 de leurs produits se refl\u00e8te dans le lait produit par de petites familles rurales dans un rayon de 30 km autour de l&#039;usine, situ\u00e9e \u00e0 la ferme Grama, dans la municipalit\u00e9 de Senador Firmino, \u00e0 200 km de la capitale du Minas Gerais. B\u00e9n\u00e9ficiant de mati\u00e8res premi\u00e8res de haute qualit\u00e9, ils ont d\u00e9cid\u00e9 de concentrer leurs efforts sur l&#039;enregistrement du ghee, originaire d&#039;Inde et reconnu par le Codex Alimentarius, au Br\u00e9sil. Ils ont ainsi \u00e9t\u00e9 les premiers producteurs de ghee \u00e0 obtenir le label SIF (Service f\u00e9d\u00e9ral d&#039;inspection), leur permettant de proposer leur produit \u00e0 tous les Br\u00e9siliens.<\/p>\n<p><\/p>\n<div class=\"is-layout-constrained wp-block-group-is-layout-constrained\">\n<p><\/p>\n<div class=\"is-vertical is-layout-flex wp-container-core-group-is-layout-fe9cc265 wp-block-group-is-layout-flex\">\n<p><\/p>\n<p>Contact : (32) 9 9842-6926\u00a0<\/p>\n<p><\/p>\n<p>Site web : gheememore.com.br<\/p>\n<p><\/p>\n<p>Instagram\u00a0: @gheememore<\/p>\n<p><\/p>\n<\/div>\n<p><\/p>\n<\/div>\n<p><\/p>\n<h2 class=\"wp-block-heading\"><strong>Plastiques Injesul<\/strong><strong>\u00a0<\/strong><\/h2>\n<p><\/p>\n<p><em>SUPPORT P_8 et P_9<\/em><\/p>\n<p><\/p>\n<figure><img decoding=\"async\" style=\"width: 377px; height: auto;\" src=\"https:\/\/mundialdoqueijodobrasil.com\/wp-content\/uploads\/2024\/03\/images-4.webp\" alt=\"\" \/><\/figure>\n<p><\/p>\n<p>Situ\u00e9e dans le sud du Minas Gerais, Injesul, fond\u00e9e en 1983, fabrique et commercialise tout le n\u00e9cessaire \u00e0 la production fromag\u00e8re\u00a0: cuves de refroidissement du lait, cuves de transformation, moules \u00e0 fromage, presses, \u00e9gouttoirs et bouchons \u00e0 lactos\u00e9rum, conteneurs, \u00e9quipements en acier inoxydable, bo\u00eetes et fromageries, palettes en plastique et accessoires laitiers. En 2022, les fils Rodrigo Noronha Cruz et Ricardo Noronha Cruz, repr\u00e9sentant la deuxi\u00e8me g\u00e9n\u00e9ration, ont pris la direction de l\u2019entreprise, perp\u00e9tuant ainsi la vision entrepreneuriale familiale.<\/p>\n<p><\/p>\n<div class=\"is-vertical is-layout-flex wp-container-core-group-is-layout-fe9cc265 wp-block-group-is-layout-flex\">\n<p><\/p>\n<p>Contact : (35) 9 9736-6608<\/p>\n<p><\/p>\n<p>Site web : www.injesul.com.br<\/p>\n<p><\/p>\n<p>Instagram\u00a0: @injesul_plasticos<\/p>\n<p><\/p>\n<\/div>\n<p><\/p>\n<h2 class=\"wp-block-heading\"><strong>Pr\u00e9sident\u00a0<\/strong><\/h2>\n<p><\/p>\n<p><em>SUPPORT P_15<\/em><\/p>\n<p><\/p>\n<figure><img decoding=\"async\" style=\"width: 392px; height: auto;\" src=\"https:\/\/mundialdoqueijodobrasil.com\/wp-content\/uploads\/2024\/03\/logo_president_dourado-simulado-1_page-0001-edited-1024x640.webp\" alt=\"\" \/><\/figure>\n<p><\/p>\n<p>L\u2019histoire de President commence \u00e0 Laval, en France, en 1933, lorsque son fondateur, Andr\u00e9 Besnier, lance une petite production de 17 camemberts \u00e0 partir de 35 litres de lait. D\u2019origine familiale, perp\u00e9tuant une tradition qui se poursuit encore aujourd\u2019hui, Lactalis a acquis une renomm\u00e9e internationale en privil\u00e9giant une politique de valorisation des producteurs laitiers et de respect des consommateurs. Au Br\u00e9sil, o\u00f9 elle est pr\u00e9sente depuis six ans, elle est leader dans la collecte du lait, notamment gr\u00e2ce au nombre de producteurs qui collaborent directement avec elle. Elle exploite 21 usines de fabrication r\u00e9parties dans 8 \u00c9tats.<\/p>\n<p><\/p>\n<div class=\"is-vertical is-layout-flex wp-container-core-group-is-layout-fe9cc265 wp-block-group-is-layout-flex\">\n<p><\/p>\n<p>Site web\u00a0: queijospresident.com.br<\/p>\n<p><\/p>\n<p>Instagram\u00a0: @queijospresident<\/p>\n<p><\/p>\n<\/div>\n<p><\/p>\n<h2 class=\"wp-block-heading\"><strong>Conseil en mati\u00e8re de r\u00e9vision<\/strong>\u00a0<\/h2>\n<p><\/p>\n<p><em>SUPPORT P_7<\/em><\/p>\n<p><\/p>\n<figure><img decoding=\"async\" style=\"width: 252px; height: auto;\" src=\"https:\/\/mundialdoqueijodobrasil.com\/wp-content\/uploads\/2024\/03\/IMG-20240327-WA0315.webp\" alt=\"\" \/><\/figure>\n<p><\/p>\n<p>Il s&#039;agit d&#039;un cabinet de conseil fiscal bas\u00e9 \u00e0 Rio de Janeiro et actif dans tout le pays. Sa mission est d&#039;aider les entreprises \u00e0 r\u00e9duire leur charge fiscale gr\u00e2ce \u00e0 une planification fiscale et financi\u00e8re optimis\u00e9e, et ainsi g\u00e9n\u00e9rer des ressources financi\u00e8res.<\/p>\n<p><\/p>\n<p>L&#039;\u00e9quipe est compos\u00e9e de fiscalistes, d&#039;avocats, de consultants et d&#039;analystes commerciaux, et est pr\u00e9sente sur le march\u00e9 depuis septembre 2019.<\/p>\n<p><\/p>\n<div class=\"is-vertical is-layout-flex wp-container-core-group-is-layout-fe9cc265 wp-block-group-is-layout-flex\">\n<p><\/p>\n<p>Contact : (31) 9 6832-5218<\/p>\n<p><\/p>\n<p>Instagram\u00a0: @reviewassessoria<\/p>\n<p><\/p>\n<\/div>\n<p><\/p>\n<h2 class=\"wp-block-heading\"><strong>Senar Faesp<\/strong><strong>\u00a0<\/strong><\/h2>\n<p><\/p>\n<p><em>Aile P_17<\/em><\/p>\n<p><\/p>\n<figure><a href=\"https:\/\/www.instagram.com\/faesp_senarsp?igsh=MTFkczZhdWVhamZseQ==\"><img decoding=\"async\" style=\"width: 411px; height: auto;\" src=\"https:\/\/mundialdoqueijodobrasil.com\/wp-content\/uploads\/2024\/03\/IMG-20240327-WA0314.webp\" alt=\"\" \/><\/a><\/figure>\n<p><\/p>\n<p>Les ann\u00e9es 1930 furent le th\u00e9\u00e2tre des premi\u00e8res conversations et des premiers mouvements d&#039;\u00e9leveurs et de producteurs ruraux \u00e0 S\u00e3o Paulo, dans diverses parties de l&#039;\u00c9tat, visant \u00e0 organiser un syst\u00e8me repr\u00e9sentatif pour le secteur, aboutissant \u00e0 la conception de la premi\u00e8re structure associative rurale \u00e0 S\u00e3o Paulo, la FARESP (F\u00e9d\u00e9ration des associations rurales de l&#039;\u00c9tat de S\u00e3o Paulo), pr\u00e9curseur de l&#039;actuelle FARESP, \u00e0 un moment particulier pour le secteur, qui venait de traverser la crise mondiale du caf\u00e9 qui avait fortement affect\u00e9 l&#039;\u00e9conomie nationale.<\/p>\n<p><\/p>\n<p>Le Service national d&#039;apprentissage rural (SENAR) a \u00e9t\u00e9 cr\u00e9\u00e9 par la loi n\u00b0 8315 du 23 d\u00e9cembre 1991, conform\u00e9ment aux termes de l&#039;article 62 de la loi sur les dispositions constitutionnelles transitoires, qui pr\u00e9voit sa cr\u00e9ation sur le mod\u00e8le du Service national d&#039;apprentissage industriel (SENAI) et du Service national d&#039;apprentissage commercial (SENAC).<\/p>\n<p><\/p>\n<div class=\"is-vertical is-layout-flex wp-container-core-group-is-layout-fe9cc265 wp-block-group-is-layout-flex\">\n<p><\/p>\n<p>Contact : (11) 3125-1333<\/p>\n<p><\/p>\n<p>Site web\u00a0: faespsenar.com.br<\/p>\n<p><\/p>\n<p>Instagram\u00a0: @faesp_senarsp<\/p>\n<p><\/p>\n<\/div>\n<p><\/p>\n<h2 class=\"wp-block-heading\"><strong>SerT\u00e3oBras<\/strong><strong>\u00a0<\/strong><\/h2>\n<p><\/p>\n<p><em>SUPPORT P_19 et P_20<\/em><\/p>\n<p><\/p>\n<figure><a href=\"https:\/\/www.instagram.com\/sertaobras\/\"><img decoding=\"async\" src=\"https:\/\/mundialdoqueijodobrasil.com\/wp-content\/uploads\/2024\/03\/1656682447570.webp\" alt=\"\" \/><\/a><\/figure>\n<p><\/p>\n<p>SerT\u00e3oBras est une organisation de la soci\u00e9t\u00e9 civile \u00e0 but non lucratif qui regroupe plus de 250 membres dans 18 \u00c9tats br\u00e9siliens et fonctionne gr\u00e2ce aux dons de particuliers et d&#039;entreprises. Son site web fait office de laboratoire d&#039;id\u00e9es, un v\u00e9ritable vivier de solutions aux probl\u00e8mes rencontr\u00e9s par les petits producteurs ruraux br\u00e9siliens.\u00a0<\/p>\n<p><\/p>\n<p>Pour SerT\u00e3oBras, l&#039;alimentation est un bien public. La valeur de la fili\u00e8re agroalimentaire artisanale, en tant que composante culturelle, doit \u00eatre renforc\u00e9e.\u00a0<\/p>\n<p><\/p>\n<p>Et comme le fromage au lait cru est l&#039;un des produits les plus embl\u00e9matiques de la culture br\u00e9silienne, SerT\u00e3oBras \u0153uvre pour le d\u00e9veloppement social, professionnel et l\u00e9gislatif de l&#039;industrie fromag\u00e8re.\u00a0<\/p>\n<p><\/p>\n<div class=\"is-vertical is-layout-flex wp-container-core-group-is-layout-fe9cc265 wp-block-group-is-layout-flex\">\n<p><\/p>\n<p>Contact : (31) 9 9713-0632<\/p>\n<p><\/p>\n<p>Site web : sertaobras.org.br<\/p>\n<p><\/p>\n<p>Instagram\u00a0: @sertaobras<\/p>\n<p><\/p>\n<\/div>\n<p><\/p>\n<h2 class=\"wp-block-heading\"><strong>Servulus<\/strong><strong>\u00a0<\/strong><\/h2>\n<p><\/p>\n<p><em>SUPPORT P_8 et P_9<\/em><\/p>\n<p><\/p>\n<figure><img decoding=\"async\" style=\"width: 312px; height: auto;\" src=\"https:\/\/mundialdoqueijodobrasil.com\/wp-content\/uploads\/2024\/02\/Servulo.webp\" alt=\"\" \/><\/figure>\n<p><\/p>\n<p>Les activit\u00e9s de Latic\u00ednios Union remontent \u00e0 1993. L&#039;entreprise est bas\u00e9e sur une ferme ayant une longue tradition de production artisanale de fromages, \u00e0 Senador Firmino, dans la r\u00e9gion de Zona da Mata, dans le Minas Gerais.<\/p>\n<p><\/p>\n<p>Le nom de l&#039;entreprise, d&#039;origine franco-anglaise, signifie union et refl\u00e8te la solidit\u00e9 de ce partenariat entre fr\u00e8res et neveux. \u00c0 l&#039;origine, l&#039;entreprise s&#039;appelait Jos\u00e9 S\u00e9rvulo de Carvalho Ltda, du nom de son fondateur, ce qui a donn\u00e9 naissance \u00e0 la marque S\u00c9RVULO, utilis\u00e9e pour la plupart des produits laitiers qu&#039;elle fabrique.<\/p>\n<p><\/p>\n<p>La mati\u00e8re premi\u00e8re qui alimente l&#039;usine \u2013 le lait frais \u2013 est fournie par Fazenda da Grama et par des producteurs des municipalit\u00e9s de Senador Firmino, Dores do Turvo, Br\u00e1s Pires, Presidente Bernardes et Divin\u00e9sia.<\/p>\n<p><\/p>\n<div class=\"is-vertical is-layout-flex wp-container-core-group-is-layout-fe9cc265 wp-block-group-is-layout-flex\">\n<p><\/p>\n<p>Contact : (32) 3536-1335<\/p>\n<p><\/p>\n<p>Site web : laticinioservulo.com.br<\/p>\n<p><\/p>\n<p>Instagram\u00a0: @laticinioservulo<\/p>\n<p><\/p>\n<\/div>\n<p><\/p>\n<h2 class=\"wp-block-heading\"><strong>Compagnies a\u00e9riennes suisses<\/strong><\/h2>\n<p><\/p>\n<p><em>Aile P_10<\/em><\/p>\n<p><\/p>\n<figure><a href=\"\/fr\/www.swissair.com\/br\/pt\/\"><img decoding=\"async\" style=\"width: 529px; height: auto;\" src=\"https:\/\/mundialdoqueijodobrasil.com\/wp-content\/uploads\/2024\/03\/InShot_20240328_154935315-1024x318.webp\" alt=\"\" \/><\/a><\/figure>\n<p><\/p>\n<p>Swiss International Air Lines (SWISS) est une compagnie a\u00e9rienne suisse. Elle dessert plus de 100 destinations dans 50 pays \u00e0 travers le monde depuis Zurich et Gen\u00e8ve.<\/p>\n<p><\/p>\n<p>Compagnie a\u00e9rienne nationale suisse, SWISS incarne ses valeurs traditionnelles et s&#039;engage \u00e0 fournir des produits et services de la plus haute qualit\u00e9. SWISS fait partie du groupe Lufthansa et est membre de Star Alliance, le plus grand r\u00e9seau de compagnies a\u00e9riennes au monde.<\/p>\n<p><\/p>\n<p>Contact:\u00a0<\/p>\n<p><\/p>\n<div class=\"is-vertical is-layout-flex wp-container-core-group-is-layout-fe9cc265 wp-block-group-is-layout-flex\">\n<p><\/p>\n<p>Site web : www.swissair.com\/br\/pt\/<\/p>\n<p><\/p>\n<p>Instagram\u00a0: @flyswiss\u00a0<\/p>\n<p><\/p>\n<\/div>\n<p><\/p>\n<hr \/>\n<p><\/p>\t\t\t\t\t\t\t\t<\/div>\n\t\t\t\t<\/div>\n\t\t\t\t\t<\/div>\n\t\t\t\t<\/div>\n\t\t\t\t<\/div>","protected":false},"excerpt":{"rendered":"<p>O Sal\u00e3o Profissional \u00e9 voltado para o setor profissional queijeiro. No hall nobre do Teatro B32 e no foyer do primeiro andar encontraremos os expositores do Sal\u00e3o Profissional, cujo objetivo [&hellip;]<\/p>\n","protected":false},"author":772,"featured_media":93848,"comment_status":"closed","ping_status":"closed","sticky":false,"template":"","format":"standard","meta":{"_price":"","_stock":"","_tribe_ticket_header":"","_tribe_default_ticket_provider":"","_tribe_ticket_capacity":"0","_ticket_start_date":"","_ticket_end_date":"","_tribe_ticket_show_description":"","_tribe_ticket_show_not_going":false,"_tribe_ticket_use_global_stock":"","_tribe_ticket_global_stock_level":"","_global_stock_mode":"","_global_stock_cap":"","_tribe_rsvp_for_event":"","_tribe_ticket_going_count":"","_tribe_ticket_not_going_count":"","_tribe_tickets_list":"[]","_tribe_ticket_has_attendee_info_fields":false,"footnotes":""},"categories":[18,16],"tags":[],"class_list":["post-8353","post","type-post","status-publish","format-standard","has-post-thumbnail","hentry","category-feiras","category-programa"],"_links":{"self":[{"href":"https:\/\/mundialdoqueijodobrasil.com\/fr\/wp-json\/wp\/v2\/posts\/8353","targetHints":{"allow":["GET"]}}],"collection":[{"href":"https:\/\/mundialdoqueijodobrasil.com\/fr\/wp-json\/wp\/v2\/posts"}],"about":[{"href":"https:\/\/mundialdoqueijodobrasil.com\/fr\/wp-json\/wp\/v2\/types\/post"}],"author":[{"embeddable":true,"href":"https:\/\/mundialdoqueijodobrasil.com\/fr\/wp-json\/wp\/v2\/users\/772"}],"replies":[{"embeddable":true,"href":"https:\/\/mundialdoqueijodobrasil.com\/fr\/wp-json\/wp\/v2\/comments?post=8353"}],"version-history":[{"count":10,"href":"https:\/\/mundialdoqueijodobrasil.com\/fr\/wp-json\/wp\/v2\/posts\/8353\/revisions"}],"predecessor-version":[{"id":93960,"href":"https:\/\/mundialdoqueijodobrasil.com\/fr\/wp-json\/wp\/v2\/posts\/8353\/revisions\/93960"}],"wp:featuredmedia":[{"embeddable":true,"href":"https:\/\/mundialdoqueijodobrasil.com\/fr\/wp-json\/wp\/v2\/media\/93848"}],"wp:attachment":[{"href":"https:\/\/mundialdoqueijodobrasil.com\/fr\/wp-json\/wp\/v2\/media?parent=8353"}],"wp:term":[{"taxonomy":"category","embeddable":true,"href":"https:\/\/mundialdoqueijodobrasil.com\/fr\/wp-json\/wp\/v2\/categories?post=8353"},{"taxonomy":"post_tag","embeddable":true,"href":"https:\/\/mundialdoqueijodobrasil.com\/fr\/wp-json\/wp\/v2\/tags?post=8353"}],"curies":[{"name":"wp","href":"https:\/\/api.w.org\/{rel}","templated":true}]}}