{"id":94582,"date":"2026-02-08T15:05:49","date_gmt":"2026-02-08T18:05:49","guid":{"rendered":"https:\/\/mundialdoqueijodobrasil.com\/?p=94582"},"modified":"2026-04-14T01:08:38","modified_gmt":"2026-04-14T04:08:38","slug":"feira-de-queijos-e-alimentos-de-origem","status":"publish","type":"post","link":"https:\/\/mundialdoqueijodobrasil.com\/fr\/feira-de-queijos-e-alimentos-de-origem\/","title":{"rendered":"March\u00e9 aux fromages et produits alimentaires locaux"},"content":{"rendered":"<div data-elementor-type=\"wp-post\" data-elementor-id=\"94582\" class=\"elementor elementor-94582\" data-elementor-post-type=\"post\">\n\t\t\t\t<div class=\"elementor-element elementor-element-26c060f e-flex e-con-boxed e-con e-parent\" data-id=\"26c060f\" data-element_type=\"container\" data-e-type=\"container\">\n\t\t\t\t\t<div class=\"e-con-inner\">\n\t\t\t\t<div class=\"elementor-element elementor-element-0d6961d elementor-widget elementor-widget-text-editor\" data-id=\"0d6961d\" data-element_type=\"widget\" data-e-type=\"widget\" data-widget_type=\"text-editor.default\">\n\t\t\t\t<div class=\"elementor-widget-container\">\n\t\t\t\t\t\t\t\t\t<p>La f\u00eate foraine se d\u00e9roule \u00e0 l&#039;ext\u00e9rieur du th\u00e9\u00e2tre B32, avec un acc\u00e8s gratuit au public et un programme ouvert.<\/p><p><!-- \/wp:paragraph --><!-- wp:paragraph --><\/p><p>Voici quelques-uns des stands qui ont d\u00e9j\u00e0 \u00e9t\u00e9 confirm\u00e9s.<\/p>\t\t\t\t\t\t\t\t<\/div>\n\t\t\t\t<\/div>\n\t\t\t\t\t<\/div>\n\t\t\t\t<\/div>\n\t\t<div class=\"elementor-element elementor-element-8f56c4d e-con-full e-flex e-con e-parent\" data-id=\"8f56c4d\" data-element_type=\"container\" data-e-type=\"container\">\n\t\t\t\t<div class=\"elementor-element elementor-element-8125a37 elementor-widget elementor-widget-text-editor\" data-id=\"8125a37\" data-element_type=\"widget\" data-e-type=\"widget\" data-widget_type=\"text-editor.default\">\n\t\t\t\t<div class=\"elementor-widget-container\">\n\t\t\t\t\t\t\t\t\t<h2><span data-sheets-root=\"1\"><img decoding=\"async\" class=\"wp-image-94998 alignright\" src=\"https:\/\/mundialdoqueijodobrasil.com\/wp-content\/uploads\/2026\/03\/1300.webp\" alt=\"\" width=\"210\" height=\"210\" srcset=\"https:\/\/mundialdoqueijodobrasil.com\/wp-content\/uploads\/2026\/03\/1300.webp 500w, https:\/\/mundialdoqueijodobrasil.com\/wp-content\/uploads\/2026\/03\/1300-300x300.webp 300w, https:\/\/mundialdoqueijodobrasil.com\/wp-content\/uploads\/2026\/03\/1300-150x150.webp 150w, https:\/\/mundialdoqueijodobrasil.com\/wp-content\/uploads\/2026\/03\/1300-12x12.webp 12w, https:\/\/mundialdoqueijodobrasil.com\/wp-content\/uploads\/2026\/03\/1300-100x100.webp 100w\" sizes=\"(max-width: 210px) 100vw, 210px\" \/>Domaine 1300<\/span><\/h2>\n<p><!-- \/wp:heading --><!-- wp:paragraph --><\/p>\n<p>Cunha | SP\u00a0<\/p>\n<p><!-- \/wp:paragraph --><!-- wp:image {\"lightbox\":{\"enabled\":false},\"id\":8899,\"width\":\"245px\",\"height\":\"auto\",\"sizeSlug\":\"large\",\"linkDestination\":\"custom\",\"align\":\"center\"} --><\/p>\n<p><!-- \/wp:image --><!-- wp:paragraph --><\/p>\n<p><span data-sheets-root=\"1\">\u00c0 1300 m\u00e8tres d&#039;altitude, nich\u00e9s entre les cha\u00eenes de montagnes de la Serra do Mar, de la Serra da Bocaina et de la Serra da Mantiqueira, nos vignobles et oliveraies produisent des vins fins de grande qualit\u00e9 et de l&#039;huile d&#039;olive extra vierge, dans un terroir unique et innovant. <br \/><\/span><\/p>\n<p><!-- \/wp:paragraph --><!-- wp:paragraph --><\/p>\n<p>Instagram : <span data-sheets-root=\"1\">@1300Estate<\/span><\/p>\n<p>T\u00e9l. : 11 982763048<\/p>\t\t\t\t\t\t\t\t<\/div>\n\t\t\t\t<\/div>\n\t\t\t\t<div class=\"elementor-element elementor-element-9ba4772 elementor-widget elementor-widget-text-editor\" data-id=\"9ba4772\" data-element_type=\"widget\" data-e-type=\"widget\" data-widget_type=\"text-editor.default\">\n\t\t\t\t<div class=\"elementor-widget-container\">\n\t\t\t\t\t\t\t\t\t<h2><strong><img decoding=\"async\" class=\"wp-image-95040 alignright\" src=\"https:\/\/mundialdoqueijodobrasil.com\/wp-content\/uploads\/2026\/03\/ahtrio.webp\" alt=\"\" width=\"235\" height=\"78\" srcset=\"https:\/\/mundialdoqueijodobrasil.com\/wp-content\/uploads\/2026\/03\/ahtrio.webp 490w, https:\/\/mundialdoqueijodobrasil.com\/wp-content\/uploads\/2026\/03\/ahtrio-300x99.webp 300w, https:\/\/mundialdoqueijodobrasil.com\/wp-content\/uploads\/2026\/03\/ahtrio-18x6.webp 18w\" sizes=\"(max-width: 235px) 100vw, 235px\" \/>Ahtrio<\/strong><\/h2>\n<p><!-- \/wp:heading --><!-- wp:paragraph --><\/p>\n<p>Campo Lindo Paulista | SP<\/p>\n<p><!-- \/wp:paragraph --><!-- wp:image {\"lightbox\":{\"enabled\":false},\"id\":8899,\"width\":\"245px\",\"height\":\"auto\",\"sizeSlug\":\"large\",\"linkDestination\":\"custom\",\"align\":\"center\"} --><\/p>\n<p><!-- \/wp:image --><!-- wp:paragraph --><\/p>\n<p class=\"ds-markdown-paragraph\">Ahtrio est un<span style=\"font-family: -apple-system, BlinkMacSystemFont, 'Segoe UI', Roboto, 'Helvetica Neue', Arial, 'Noto Sans', sans-serif, 'Apple Color Emoji', 'Segoe UI Emoji', 'Segoe UI Symbol', 'Noto Color Emoji';\"> Une brasserie poss\u00e9dant un portefeuille diversifi\u00e9 comprenant des styles classiques et originaux, tels que <\/span>American IPA, India Pale Ale, Munich Helles, Pilsen, Rauchbier, Weizenbier, Witbier, Session IPA et American Blonde Ale<span style=\"font-family: -apple-system, BlinkMacSystemFont, 'Segoe UI', Roboto, 'Helvetica Neue', Arial, 'Noto Sans', sans-serif, 'Apple Color Emoji', 'Segoe UI Emoji', 'Segoe UI Symbol', 'Noto Color Emoji';\">.\u00a0<\/span><\/p>\n<p><!-- \/wp:paragraph --><!-- wp:paragraph --><\/p>\n<p>Instagram : <a href=\"https:\/\/www.instagram.com\/cervejariaahtrio\">@cervejariaahtrio<\/a><\/p>\t\t\t\t\t\t\t\t<\/div>\n\t\t\t\t<\/div>\n\t\t\t\t<div class=\"elementor-element elementor-element-8337010 elementor-widget elementor-widget-text-editor\" data-id=\"8337010\" data-element_type=\"widget\" data-e-type=\"widget\" data-widget_type=\"text-editor.default\">\n\t\t\t\t<div class=\"elementor-widget-container\">\n\t\t\t\t\t\t\t\t\t<h2><strong><a href=\"https:\/\/www.instagram.com\/queijosalmeidaguimaraes\/\"><img decoding=\"async\" class=\"alignright\" style=\"width: 245px; height: auto;\" src=\"https:\/\/mundialdoqueijodobrasil.com\/wp-content\/uploads\/2024\/03\/ALMEIDA-PDF-2_page-0001-1-725x1024.webp\" alt=\"\" \/><\/a>Almeida Guimar\u00e3es<\/strong><\/h2>\n<p><!-- \/wp:heading --><!-- wp:paragraph --><\/p>\n<p>Itanhandu | MG\u00a0<\/p>\n<p><!-- \/wp:paragraph --><!-- wp:image {\"lightbox\":{\"enabled\":false},\"id\":8899,\"width\":\"245px\",\"height\":\"auto\",\"sizeSlug\":\"large\",\"linkDestination\":\"custom\",\"align\":\"center\"} --><\/p>\n<p><!-- \/wp:image --><!-- wp:paragraph --><\/p>\n<p>Les noms de famille \u201c\u00a0Almeida\u00a0\u201d et \u201c\u00a0Guimar\u00e3es\u00a0\u201d proviennent de deux familles, d\u00e9sormais unies par l&#039;amour de Luiz Guimar\u00e3es et Adriana Almeida. Depuis 2014, les fromages sont fabriqu\u00e9s \u00e0 S\u00edtio Recanto Santa Maria, selon la recette ancestrale. Le lait de grande qualit\u00e9 sublime le terroir de la Serra da Mantiqueira. L&#039;altitude de 1\u00a0200 m\u00e8tres, la simplicit\u00e9 et le naturel des ingr\u00e9dients \u2013 sans additifs chimiques \u2013 contribuent \u00e0 leurs saveurs uniques. La gamme comprend\u00a0: fromages frais traditionnels, fromages affin\u00e9s traditionnels, fromages \u00e0 l&#039;olive, fromages au poivre, fromages macchiato et de ch\u00e8vre, fromages \u00e0 la cacha\u00e7a, fromages \u00e0 cro\u00fbte fleurie, fromages dor\u00e9s, fromages fum\u00e9s naturellement ou aromatis\u00e9s \u00e0 la menthe, au romarin, au rosso, etc.<\/p>\n<p><!-- \/wp:paragraph --><!-- wp:paragraph --><\/p>\n<p>Instagram : <a href=\"https:\/\/www.instagram.com\/queijosalmeidaguimaraes\">@queijosalmeidaguimaraes<\/a><\/p>\t\t\t\t\t\t\t\t<\/div>\n\t\t\t\t<\/div>\n\t\t\t\t<div class=\"elementor-element elementor-element-affe016 elementor-widget elementor-widget-text-editor\" data-id=\"affe016\" data-element_type=\"widget\" data-e-type=\"widget\" data-widget_type=\"text-editor.default\">\n\t\t\t\t<div class=\"elementor-widget-container\">\n\t\t\t\t\t\t\t\t\t<h2><strong><a href=\"https:\/\/www.instagram.com\/bufala_almeida_prado\/\"><img decoding=\"async\" class=\"alignright\" style=\"width: 204px; height: 186px;\" src=\"https:\/\/mundialdoqueijodobrasil.com\/wp-content\/uploads\/2024\/02\/image-1.webp\" alt=\"\" \/><\/a>Almeida Prado, Laiterie<\/strong><\/h2>\n<p><!-- \/wp:heading --><!-- wp:paragraph --><\/p>\n<p><em>Bocaina | SP<\/em><\/p>\n<p><!-- \/wp:paragraph --><!-- wp:image {\"lightbox\":{\"enabled\":false},\"id\":8176,\"width\":\"318px\",\"height\":\"auto\",\"sizeSlug\":\"full\",\"linkDestination\":\"custom\",\"align\":\"center\"} --><\/p>\n<p><!-- \/wp:image --><!-- wp:paragraph --><\/p>\n<p>L&#039;histoire de B\u00fafala Almeida Prado a d\u00e9but\u00e9 dans les ann\u00e9es 1980, lorsque Maria Cec\u00edlia Almeida Prado cherchait une alternative plus saine pour nourrir ses quatre enfants. Lors d&#039;un voyage en Inde, elle d\u00e9couvrit le lait de bufflonne et d\u00e9cida d&#039;en \u00e9lever. Aujourd&#039;hui, la ferme prend soin d&#039;un troupeau de 400 bufflonnes, qui produisent 13\u00a0000 litres de lait par mois, transform\u00e9 en mozzarella, burrata et ricotta. Ses produits sont pr\u00e9sents dans plus de 700 restaurants de S\u00e3o Paulo, notamment Manioca (de la cheffe Helena Rizzo), Dalva e Dito (du chef Alex Atala) et Emp\u00f3rio Fasano, o\u00f9 la fabrication est r\u00e9alis\u00e9e devant les clients.<\/p>\n<p><!-- \/wp:paragraph --><!-- wp:paragraph --><\/p>\n<p>Contact : (14) 9 8138-0080<\/p>\n<p><!-- \/wp:paragraph --><!-- wp:paragraph --><\/p>\n<p>Instagram : <a href=\"https:\/\/www.instagram.com\/bufala_almeida_prado\">@bufala_almeida_prado<\/a><\/p>\t\t\t\t\t\t\t\t<\/div>\n\t\t\t\t<\/div>\n\t\t\t\t<div class=\"elementor-element elementor-element-45ff05e elementor-widget elementor-widget-text-editor\" data-id=\"45ff05e\" data-element_type=\"widget\" data-e-type=\"widget\" data-widget_type=\"text-editor.default\">\n\t\t\t\t<div class=\"elementor-widget-container\">\n\t\t\t\t\t\t\t\t\t<h2><strong><span data-sheets-root=\"1\"><img decoding=\"async\" class=\"wp-image-94595 alignright\" src=\"https:\/\/mundialdoqueijodobrasil.com\/wp-content\/uploads\/2026\/02\/Amarus-Logo-Aldo-Pera-scaled.webp\" alt=\"\" width=\"199\" height=\"199\" srcset=\"https:\/\/mundialdoqueijodobrasil.com\/wp-content\/uploads\/2026\/02\/Amarus-Logo-Aldo-Pera-scaled.webp 2560w, https:\/\/mundialdoqueijodobrasil.com\/wp-content\/uploads\/2026\/02\/Amarus-Logo-Aldo-Pera-300x300.webp 300w, https:\/\/mundialdoqueijodobrasil.com\/wp-content\/uploads\/2026\/02\/Amarus-Logo-Aldo-Pera-1024x1024.webp 1024w, https:\/\/mundialdoqueijodobrasil.com\/wp-content\/uploads\/2026\/02\/Amarus-Logo-Aldo-Pera-150x150.webp 150w, https:\/\/mundialdoqueijodobrasil.com\/wp-content\/uploads\/2026\/02\/Amarus-Logo-Aldo-Pera-768x768.webp 768w, https:\/\/mundialdoqueijodobrasil.com\/wp-content\/uploads\/2026\/02\/Amarus-Logo-Aldo-Pera-1536x1536.webp 1536w, https:\/\/mundialdoqueijodobrasil.com\/wp-content\/uploads\/2026\/02\/Amarus-Logo-Aldo-Pera-2048x2048.webp 2048w, https:\/\/mundialdoqueijodobrasil.com\/wp-content\/uploads\/2026\/02\/Amarus-Logo-Aldo-Pera-12x12.webp 12w, https:\/\/mundialdoqueijodobrasil.com\/wp-content\/uploads\/2026\/02\/Amarus-Logo-Aldo-Pera-500x500.webp 500w, https:\/\/mundialdoqueijodobrasil.com\/wp-content\/uploads\/2026\/02\/Amarus-Logo-Aldo-Pera-700x700.webp 700w, https:\/\/mundialdoqueijodobrasil.com\/wp-content\/uploads\/2026\/02\/Amarus-Logo-Aldo-Pera-100x100.webp 100w\" sizes=\"(max-width: 199px) 100vw, 199px\" \/>Amarus Salumeria<\/span><br \/><\/strong><\/h2>\n<p><!-- \/wp:heading --><!-- wp:paragraph --><\/p>\n<p><em>Campinas | SP<\/em><\/p>\n<p><!-- \/wp:paragraph --><!-- wp:image {\"lightbox\":{\"enabled\":false},\"id\":8176,\"width\":\"318px\",\"height\":\"auto\",\"sizeSlug\":\"full\",\"linkDestination\":\"custom\",\"align\":\"center\"} --><\/p>\n<p><!-- \/wp:image --><!-- wp:paragraph --><\/p>\n<p><span data-sheets-root=\"1\">Amarus Salumaria est sp\u00e9cialis\u00e9e dans la production de salamis, de copas, de guanciales et d&#039;autres produits typiques de charcuterie, \u00e9labor\u00e9s selon des recettes italiennes traditionnelles avec un souci constant de la qualit\u00e9.<\/span><\/p>\n<p><!-- \/wp:paragraph --><!-- wp:paragraph --><\/p>\n<p>Contact : 19 99329-6795<\/p>\n<p><!-- \/wp:paragraph --><!-- wp:paragraph --><\/p>\n<p>Instagram : <a href=\"https:\/\/www.instagram.com\/amarus.salumeria\">@amarus.salumeria<\/a><\/p>\t\t\t\t\t\t\t\t<\/div>\n\t\t\t\t<\/div>\n\t\t\t\t<div class=\"elementor-element elementor-element-390b18b elementor-widget elementor-widget-text-editor\" data-id=\"390b18b\" data-element_type=\"widget\" data-e-type=\"widget\" data-widget_type=\"text-editor.default\">\n\t\t\t\t<div class=\"elementor-widget-container\">\n\t\t\t\t\t\t\t\t\t<h2><strong><a href=\"https:\/\/www.instagram.com\/fazendaatalaia\/\"><img loading=\"lazy\" decoding=\"async\" class=\"alignright\" src=\"https:\/\/mundialdoqueijodobrasil.com\/wp-content\/uploads\/2024\/02\/27dbb7cb-85dc-4b49-a69b-7ed4a2123da5-300x300.webp\" alt=\"\" width=\"208\" height=\"208\" \/><\/a>Ferme Atalaia<\/strong><\/h2>\n<p><!-- \/wp:heading --><!-- wp:paragraph --><\/p>\n<p><em>Amparo | SP<\/em><\/p>\n<p><!-- \/wp:paragraph --><!-- wp:image {\"lightbox\":{\"enabled\":false},\"id\":8189,\"width\":\"307px\",\"height\":\"auto\",\"sizeSlug\":\"full\",\"linkDestination\":\"custom\",\"align\":\"center\"} --><!-- \/wp:image --><!-- wp:paragraph --><\/p>\n<p>Une ancienne ferme de caf\u00e9 du XIXe si\u00e8cle, situ\u00e9e \u00e0 130 km de S\u00e3o Paulo, se m\u00e9tamorphose en fromagerie gr\u00e2ce au talent et au d\u00e9vouement de Rosana (en photo) et Paulo Rezende. Aujourd&#039;hui, la fromagerie est g\u00e9r\u00e9e par Meiri Cardoso. Tous \u0153uvrent \u00e0 une transformation optimale du lait, dans le respect de l&#039;histoire du lieu et en encourageant l&#039;innovation par l&#039;affinage de cr\u00e9ations originales dans des tulhas, maisons traditionnelles en terre crue servant autrefois au stockage des grains de caf\u00e9. \u00c0 140 km de S\u00e3o Paulo, dans la municipalit\u00e9 d&#039;Amparo, la Fazenda Atalaia t\u00e9moigne de l&#039;histoire, de l&#039;architecture et de la culture qui font l&#039;identit\u00e9 de la r\u00e9gion. La propri\u00e9t\u00e9 appartenait \u00e0 Pedro Penteado, pr\u00e9sident de la Banque Industrielle d&#039;Amparo, et fut fond\u00e9e en 1870.<\/p>\n<p>Contact : (19) 99750-8129\u00a0<\/p>\n<p><!-- \/wp:paragraph --><!-- wp:paragraph --><\/p>\n<p>Site web : farmatalaiaamparo.com.br\u00a0<\/p>\n<p><!-- \/wp:paragraph --><!-- wp:paragraph --><\/p>\n<p>Instagram : <a href=\"https:\/\/www.instagram.com\/fazendaatalaia\">@fazendaatalaia<\/a><\/p>\t\t\t\t\t\t\t\t<\/div>\n\t\t\t\t<\/div>\n\t\t\t\t<div class=\"elementor-element elementor-element-5d46c3e elementor-widget elementor-widget-text-editor\" data-id=\"5d46c3e\" data-element_type=\"widget\" data-e-type=\"widget\" data-widget_type=\"text-editor.default\">\n\t\t\t\t<div class=\"elementor-widget-container\">\n\t\t\t\t\t\t\t\t\t<h2><strong><img loading=\"lazy\" decoding=\"async\" class=\"wp-image-95019 alignright\" src=\"https:\/\/mundialdoqueijodobrasil.com\/wp-content\/uploads\/2026\/03\/caprildobosque.webp\" alt=\"\" width=\"213\" height=\"146\" srcset=\"https:\/\/mundialdoqueijodobrasil.com\/wp-content\/uploads\/2026\/03\/caprildobosque.webp 479w, https:\/\/mundialdoqueijodobrasil.com\/wp-content\/uploads\/2026\/03\/caprildobosque-300x207.webp 300w, https:\/\/mundialdoqueijodobrasil.com\/wp-content\/uploads\/2026\/03\/caprildobosque-18x12.webp 18w\" sizes=\"(max-width: 213px) 100vw, 213px\" \/>Capril do Bosque<\/strong><\/h2>\n<p><!-- \/wp:heading --><\/p>\n<p><!-- wp:paragraph --><\/p>\n<p><em>Joan\u00f3polis | SP\u00a0<\/em><\/p>\n<p><!-- \/wp:paragraph --><\/p>\n<p><!-- wp:image {\"lightbox\":{\"enabled\":false},\"id\":8189,\"width\":\"307px\",\"height\":\"auto\",\"sizeSlug\":\"full\",\"linkDestination\":\"custom\",\"align\":\"center\"} --><!-- \/wp:image --><\/p>\n<p><!-- wp:paragraph --><\/p>\n<p class=\"ds-markdown-paragraph\">A\u00a0<strong>Capril do Bosque<\/strong> Il s&#039;agit d&#039;une petite exploitation familiale devenue une r\u00e9f\u00e9rence nationale dans la production de fromages de ch\u00e8vre artisanaux et de sp\u00e9cialit\u00e9. L&#039;histoire a commenc\u00e9 il y a plus de 40 ans gr\u00e2ce \u00e0...\u00a0<strong>Heloisa Collins<\/strong>, Ancien professeur \u00e0 la PUC-SP, il a commenc\u00e9 \u00e0 produire du fromage par passion dans les ann\u00e9es 1990 et a transform\u00e9 cette passion en une activit\u00e9 d&#039;excellence reconnue \u00e0 l&#039;\u00e9chelle nationale et internationale. Aujourd&#039;hui, la propri\u00e9t\u00e9 comprend une ch\u00e8vrerie qui fournit la mati\u00e8re premi\u00e8re pour les fromages, un potager qui approvisionne le bistro et un espace de tourisme rural o\u00f9 les visiteurs peuvent d\u00e9couvrir le processus de fabrication et interagir avec les animaux.<\/p>\n<div class=\"wDYxhc\" role=\"presentation\" data-attrid=\"kc:\/local:alt phone\" data-md=\"1006\" data-hveid=\"CC8QAA\" data-ved=\"2ahUKEwiu8te5v7STAxX7JbkGHbH9LvoQkCl6BAgvEAA\">\n<div class=\"Z1hOCe\">\n<div class=\"zloOqf PZPZlf\" data-dtype=\"d3ifr\" data-local-attribute=\"d3ph\" data-ved=\"2ahUKEwiu8te5v7STAxX7JbkGHbH9LvoQ8I0BKAB6BAgvEAE\">\n<div class=\"zh0Yff\">\n<p><span class=\"w8qArf FoJoyf\">T\u00e9l\u00e9phone : (11) 99609-0773\u00a0<\/span><span id=\"iImXAaa7ZL_vL5OUPsfu70Q86\" class=\"GKdNbc\" style=\"font-size: 1rem;\">Menu:\u00a0<\/span><a class=\"xFAlBc\" style=\"background-color: #ffffff; font-size: 1rem;\" href=\"http:\/\/www.caprildobosque.com.br\/bistro\/\" aria-describedby=\"iImXAaa7ZL_vL5OUPsfu70Q86\">caprildobosque.com.br<\/a><\/p>\n<div>\n<p><span style=\"font-family: -apple-system, BlinkMacSystemFont, 'Segoe UI', Roboto, 'Helvetica Neue', Arial, 'Noto Sans', sans-serif, 'Apple Color Emoji', 'Segoe UI Emoji', 'Segoe UI Symbol', 'Noto Color Emoji';\">Contact : (11) 99559-4748\u00a0<\/span><span style=\"font-size: 1rem;\">Instagram : <\/span><a style=\"background-color: #ffffff; font-size: 1rem;\" href=\"https:\/\/www.instagram.com\/caprildobosque\">@caprildobosque<\/a><\/p>\n<\/div>\n<\/div>\n<\/div>\n<\/div>\n<p><!-- \/wp:paragraph --><\/p>\n<p><!-- wp:paragraph --><\/p>\n<p><!-- \/wp:paragraph --><\/p>\n<p><!-- wp:paragraph --><\/p>\n<\/div>\t\t\t\t\t\t\t\t<\/div>\n\t\t\t\t<\/div>\n\t\t\t\t<div class=\"elementor-element elementor-element-884031b elementor-widget elementor-widget-text-editor\" data-id=\"884031b\" data-element_type=\"widget\" data-e-type=\"widget\" data-widget_type=\"text-editor.default\">\n\t\t\t\t<div class=\"elementor-widget-container\">\n\t\t\t\t\t\t\t\t\t<h2><strong><img loading=\"lazy\" decoding=\"async\" class=\"wp-image-95035 alignright\" src=\"https:\/\/mundialdoqueijodobrasil.com\/wp-content\/uploads\/2026\/03\/cacaudourado.webp\" alt=\"\" width=\"233\" height=\"216\" srcset=\"https:\/\/mundialdoqueijodobrasil.com\/wp-content\/uploads\/2026\/03\/cacaudourado.webp 492w, https:\/\/mundialdoqueijodobrasil.com\/wp-content\/uploads\/2026\/03\/cacaudourado-300x278.webp 300w, https:\/\/mundialdoqueijodobrasil.com\/wp-content\/uploads\/2026\/03\/cacaudourado-13x12.webp 13w\" sizes=\"(max-width: 233px) 100vw, 233px\" \/>cacao dor\u00e9<\/strong><\/h2>\n<p><!-- \/wp:heading --><\/p>\n<p><!-- wp:paragraph --><\/p>\n<p><em>Belo Horizonte | MG<\/em><\/p>\n<p><!-- \/wp:paragraph --><\/p>\n<p><!-- wp:image {\"lightbox\":{\"enabled\":false},\"id\":8189,\"width\":\"307px\",\"height\":\"auto\",\"sizeSlug\":\"full\",\"linkDestination\":\"custom\",\"align\":\"center\"} --><!-- \/wp:image --><\/p>\n<p><!-- wp:paragraph --><\/p>\n<p class=\"ds-markdown-paragraph\"><span data-sheets-root=\"1\">Depuis mai 2019, Cacau Dourado produit des chocolats fins d&#039;origine unique, suivant la philosophie \u201c de la f\u00e8ve \u00e0 la tablette \u201d, c&#039;est-\u00e0-dire de la f\u00e8ve de cacao \u00e0 la tablette de chocolat.<br \/><br \/>Cacau Dourado est n\u00e9e d&#039;un esprit d&#039;entreprise f\u00e9minin, avec la volont\u00e9 de promouvoir un produit plus sain, plus savoureux et moins transform\u00e9.<\/span><\/p>\n<div class=\"wDYxhc\" role=\"presentation\" data-attrid=\"kc:\/local:alt phone\" data-md=\"1006\" data-hveid=\"CC8QAA\" data-ved=\"2ahUKEwiu8te5v7STAxX7JbkGHbH9LvoQkCl6BAgvEAA\">\n<div class=\"Z1hOCe\">\n<div class=\"zloOqf PZPZlf\" data-dtype=\"d3ifr\" data-local-attribute=\"d3ph\" data-ved=\"2ahUKEwiu8te5v7STAxX7JbkGHbH9LvoQ8I0BKAB6BAgvEAE\">\n<div class=\"zh0Yff\">\n<p><span class=\"w8qArf FoJoyf\">T\u00e9l\u00e9phone : 31 993473270\u00a0 <a href=\"http:\/\/www.cacaudourado.com.br\">www.cacaudourado.com.br<\/a><br \/><\/span><span style=\"font-size: 1rem;\">Instagram : <\/span><a style=\"background-color: #ffffff; font-size: 1rem;\" href=\"https:\/\/www.instagram.com\/cacaudouradochocolate\">@cacaudouradochocolate<\/a><\/p>\n<\/div>\n<\/div>\n<\/div>\n<p><!-- \/wp:paragraph --><\/p>\n<p><!-- wp:paragraph --><\/p>\n<p><!-- \/wp:paragraph --><\/p>\n<p><!-- wp:paragraph --><\/p>\n<\/div>\t\t\t\t\t\t\t\t<\/div>\n\t\t\t\t<\/div>\n\t\t\t\t<div class=\"elementor-element elementor-element-df8c9e0 elementor-widget elementor-widget-text-editor\" data-id=\"df8c9e0\" data-element_type=\"widget\" data-e-type=\"widget\" data-widget_type=\"text-editor.default\">\n\t\t\t\t<div class=\"elementor-widget-container\">\n\t\t\t\t\t\t\t\t\t<h2><img loading=\"lazy\" decoding=\"async\" class=\"wp-image-95939 alignright\" src=\"https:\/\/mundialdoqueijodobrasil.com\/wp-content\/uploads\/2026\/04\/chacaradospadres.webp\" alt=\"\" width=\"203\" height=\"203\" srcset=\"https:\/\/mundialdoqueijodobrasil.com\/wp-content\/uploads\/2026\/04\/chacaradospadres.webp 1600w, https:\/\/mundialdoqueijodobrasil.com\/wp-content\/uploads\/2026\/04\/chacaradospadres-300x300.webp 300w, https:\/\/mundialdoqueijodobrasil.com\/wp-content\/uploads\/2026\/04\/chacaradospadres-1024x1024.webp 1024w, https:\/\/mundialdoqueijodobrasil.com\/wp-content\/uploads\/2026\/04\/chacaradospadres-150x150.webp 150w, https:\/\/mundialdoqueijodobrasil.com\/wp-content\/uploads\/2026\/04\/chacaradospadres-768x768.webp 768w, https:\/\/mundialdoqueijodobrasil.com\/wp-content\/uploads\/2026\/04\/chacaradospadres-1536x1536.webp 1536w, https:\/\/mundialdoqueijodobrasil.com\/wp-content\/uploads\/2026\/04\/chacaradospadres-12x12.webp 12w, https:\/\/mundialdoqueijodobrasil.com\/wp-content\/uploads\/2026\/04\/chacaradospadres-500x500.webp 500w, https:\/\/mundialdoqueijodobrasil.com\/wp-content\/uploads\/2026\/04\/chacaradospadres-700x700.webp 700w, https:\/\/mundialdoqueijodobrasil.com\/wp-content\/uploads\/2026\/04\/chacaradospadres-100x100.webp 100w\" sizes=\"(max-width: 203px) 100vw, 203px\" \/> La ferme des p\u00e8res<\/h2>\n<p><!-- \/wp:heading --><\/p>\n<p><!-- wp:paragraph --><\/p>\n<p><em>Bon J\u00e9sus - RS<\/em><\/p>\n<p><!-- \/wp:paragraph --><\/p>\n<p><!-- wp:image {\"lightbox\":{\"enabled\":false},\"id\":8189,\"width\":\"307px\",\"height\":\"auto\",\"sizeSlug\":\"full\",\"linkDestination\":\"custom\",\"align\":\"center\"} --><!-- \/wp:image --><\/p>\n<p><!-- wp:paragraph --><\/p>\n<p class=\"ds-markdown-paragraph\"><span data-sheets-root=\"1\">Produit un fromage Serrano artisanal \u00e0 base de lait cru de vaches \u00e9lev\u00e9es exclusivement en p\u00e2turages indig\u00e8nes \u00e0 plus de 1200 m d&#039;altitude, en utilisant le lait de leur propre propri\u00e9t\u00e9 et gr\u00e2ce \u00e0 un travail enti\u00e8rement familial.<\/span><\/p>\n<div class=\"wDYxhc\" role=\"presentation\" data-attrid=\"kc:\/local:alt phone\" data-md=\"1006\" data-hveid=\"CC8QAA\" data-ved=\"2ahUKEwiu8te5v7STAxX7JbkGHbH9LvoQkCl6BAgvEAA\">\n<div class=\"Z1hOCe\">\n<div class=\"zloOqf PZPZlf\" data-dtype=\"d3ifr\" data-local-attribute=\"d3ph\" data-ved=\"2ahUKEwiu8te5v7STAxX7JbkGHbH9LvoQ8I0BKAB6BAgvEAE\">\n<div class=\"zh0Yff\">\n<p><span class=\"w8qArf FoJoyf\">T\u00e9l\u00e9phone : 54 98447-2568 \u00a0<\/span><\/p>\n<\/div>\n<\/div>\n<\/div>\n<p><!-- \/wp:paragraph --><\/p>\n<p><!-- wp:paragraph --><\/p>\n<p><!-- \/wp:paragraph --><\/p>\n<p><!-- wp:paragraph --><\/p>\n<\/div>\t\t\t\t\t\t\t\t<\/div>\n\t\t\t\t<\/div>\n\t\t\t\t<div class=\"elementor-element elementor-element-ea6b105 elementor-widget elementor-widget-text-editor\" data-id=\"ea6b105\" data-element_type=\"widget\" data-e-type=\"widget\" data-widget_type=\"text-editor.default\">\n\t\t\t\t<div class=\"elementor-widget-container\">\n\t\t\t\t\t\t\t\t\t<h2><strong><img loading=\"lazy\" decoding=\"async\" class=\"wp-image-94373 alignright\" src=\"https:\/\/mundialdoqueijodobrasil.com\/wp-content\/uploads\/2026\/01\/belafazenda.af_.logo_1_3751x-1-scaled.webp\" alt=\"\" width=\"205\" height=\"205\" srcset=\"https:\/\/mundialdoqueijodobrasil.com\/wp-content\/uploads\/2026\/01\/belafazenda.af_.logo_1_3751x-1-scaled.webp 2560w, https:\/\/mundialdoqueijodobrasil.com\/wp-content\/uploads\/2026\/01\/belafazenda.af_.logo_1_3751x-1-300x300.webp 300w, https:\/\/mundialdoqueijodobrasil.com\/wp-content\/uploads\/2026\/01\/belafazenda.af_.logo_1_3751x-1-1024x1024.webp 1024w, https:\/\/mundialdoqueijodobrasil.com\/wp-content\/uploads\/2026\/01\/belafazenda.af_.logo_1_3751x-1-150x150.webp 150w, https:\/\/mundialdoqueijodobrasil.com\/wp-content\/uploads\/2026\/01\/belafazenda.af_.logo_1_3751x-1-768x768.webp 768w, https:\/\/mundialdoqueijodobrasil.com\/wp-content\/uploads\/2026\/01\/belafazenda.af_.logo_1_3751x-1-1536x1536.webp 1536w, https:\/\/mundialdoqueijodobrasil.com\/wp-content\/uploads\/2026\/01\/belafazenda.af_.logo_1_3751x-1-2048x2048.webp 2048w, https:\/\/mundialdoqueijodobrasil.com\/wp-content\/uploads\/2026\/01\/belafazenda.af_.logo_1_3751x-1-12x12.webp 12w, https:\/\/mundialdoqueijodobrasil.com\/wp-content\/uploads\/2026\/01\/belafazenda.af_.logo_1_3751x-1-500x500.webp 500w, https:\/\/mundialdoqueijodobrasil.com\/wp-content\/uploads\/2026\/01\/belafazenda.af_.logo_1_3751x-1-700x700.webp 700w, https:\/\/mundialdoqueijodobrasil.com\/wp-content\/uploads\/2026\/01\/belafazenda.af_.logo_1_3751x-1-100x100.webp 100w\" sizes=\"(max-width: 205px) 100vw, 205px\" \/>Belafazenda, Fromagerie<\/strong><\/h2>\n<p><!-- \/wp:heading --><!-- wp:paragraph --><\/p>\n<p><em>Bofete | SP\u00a0<\/em><\/p>\n<p><!-- \/wp:paragraph --><!-- wp:image {\"lightbox\":{\"enabled\":false},\"id\":8189,\"width\":\"307px\",\"height\":\"auto\",\"sizeSlug\":\"full\",\"linkDestination\":\"custom\",\"align\":\"center\"} --><!-- \/wp:image --><!-- wp:paragraph --><\/p>\n<p class=\"ds-markdown-paragraph\">Sp\u00e9cialis\u00e9e dans les fromages de caract\u00e8re, la fromagerie a \u00e9t\u00e9 fond\u00e9e en 2017 par la v\u00e9t\u00e9rinaire Carolina Vilhena, qui a \u00e9tudi\u00e9 les techniques dans des \u00e9coles sp\u00e9cialis\u00e9es en France, en Italie, en Suisse et aux \u00c9tats-Unis.<\/p>\n<p class=\"ds-markdown-paragraph\">La production utilise du lait de vaches Jersey \u00e9lev\u00e9es sur la ferme, nourries en p\u00e2turage selon un syst\u00e8me de rotation des p\u00e2turages. Elle fait partie de la Route Cuesta, Itaqueri et Tiet\u00ea du projet des Routes Fromag\u00e8res de S\u00e3o Paulo et accueille les visiteurs pour des d\u00e9gustations et la vente de ses produits le samedi, sur rendez-vous.<\/p>\n<p>Contact : (11) 99559-4748<\/p>\n<p><!-- \/wp:paragraph --><!-- wp:paragraph --><\/p>\n<p>Site: <a href=\"https:\/\/www.belafazenda.com\">www.belafazenda.com<\/a>\u00a0<\/p>\n<p><!-- \/wp:paragraph --><!-- wp:paragraph --><\/p>\n<p>Instagram\u00a0: @belafazenda<\/p>\t\t\t\t\t\t\t\t<\/div>\n\t\t\t\t<\/div>\n\t\t\t\t<div class=\"elementor-element elementor-element-3eb5834 elementor-widget elementor-widget-text-editor\" data-id=\"3eb5834\" data-element_type=\"widget\" data-e-type=\"widget\" data-widget_type=\"text-editor.default\">\n\t\t\t\t<div class=\"elementor-widget-container\">\n\t\t\t\t\t\t\t\t\t<h2><strong>C<a href=\"https:\/\/www.instagram.com\/fazendaatalaia\/\"><img loading=\"lazy\" decoding=\"async\" class=\"wp-image-6541 alignright\" src=\"https:\/\/mundialdoqueijodobrasil.com\/wp-content\/uploads\/2022\/09\/LogoCaminho-do-Queijo-Paulista22.webp\" alt=\"\" width=\"190\" height=\"192\" srcset=\"https:\/\/mundialdoqueijodobrasil.com\/wp-content\/uploads\/2022\/09\/LogoCaminho-do-Queijo-Paulista22.webp 500w, https:\/\/mundialdoqueijodobrasil.com\/wp-content\/uploads\/2022\/09\/LogoCaminho-do-Queijo-Paulista22-100x100.webp 100w, https:\/\/mundialdoqueijodobrasil.com\/wp-content\/uploads\/2022\/09\/LogoCaminho-do-Queijo-Paulista22-296x300.webp 296w, https:\/\/mundialdoqueijodobrasil.com\/wp-content\/uploads\/2022\/09\/LogoCaminho-do-Queijo-Paulista22-66x66.webp 66w, https:\/\/mundialdoqueijodobrasil.com\/wp-content\/uploads\/2022\/09\/LogoCaminho-do-Queijo-Paulista22-200x202.webp 200w, https:\/\/mundialdoqueijodobrasil.com\/wp-content\/uploads\/2022\/09\/LogoCaminho-do-Queijo-Paulista22-400x405.webp 400w\" sizes=\"(max-width: 190px) 100vw, 190px\" \/><\/a>Route du fromage de Paulista<\/strong><\/h2>\n<p><!-- \/wp:heading --><!-- wp:paragraph --><\/p>\n<p><em>\u00c9tat de S\u00e3o Paulo<\/em><\/p>\n<p><!-- \/wp:paragraph --><!-- wp:image {\"lightbox\":{\"enabled\":false},\"id\":8189,\"width\":\"307px\",\"height\":\"auto\",\"sizeSlug\":\"full\",\"linkDestination\":\"custom\",\"align\":\"center\"} --><!-- \/wp:image --><!-- wp:paragraph --><\/p>\n<p><span data-sheets-root=\"1\">La Route des Fromages de S\u00e3o Paulo est une association de producteurs qui \u0153uvre au renforcement, \u00e0 la promotion et \u00e0 la valorisation de la production fromag\u00e8re artisanale dans l&#039;\u00c9tat de S\u00e3o Paulo, notamment par le biais du tourisme rural. Elle regroupe actuellement 16 des fromageries artisanales les plus r\u00e9put\u00e9es de l&#039;\u00c9tat, laur\u00e9ates de concours nationaux et internationaux, et qui repr\u00e9sentent la qualit\u00e9 et la diversit\u00e9 des fromages de S\u00e3o Paulo.<\/span><\/p>\n<p>Contact: <span data-sheets-root=\"1\">11 985333370<\/span><\/p>\n<p><!-- \/wp:paragraph --><!-- wp:paragraph --><\/p>\n<p>Site: <span data-sheets-root=\"1\"><a class=\"in-cell-link\" href=\"http:\/\/www.caminhodoqueijopaulista.com\" target=\"_blank\" rel=\"noopener\">www.caminhodoqueijopaulista.com<\/a><\/span><\/p>\t\t\t\t\t\t\t\t<\/div>\n\t\t\t\t<\/div>\n\t\t\t\t<div class=\"elementor-element elementor-element-3833d10 elementor-widget elementor-widget-text-editor\" data-id=\"3833d10\" data-element_type=\"widget\" data-e-type=\"widget\" data-widget_type=\"text-editor.default\">\n\t\t\t\t<div class=\"elementor-widget-container\">\n\t\t\t\t\t\t\t\t\t<h2><span data-sheets-root=\"1\"><img loading=\"lazy\" decoding=\"async\" class=\"wp-image-95955 alignright\" src=\"https:\/\/mundialdoqueijodobrasil.com\/wp-content\/uploads\/2026\/04\/caprildolago.webp\" alt=\"\" width=\"202\" height=\"202\" srcset=\"https:\/\/mundialdoqueijodobrasil.com\/wp-content\/uploads\/2026\/04\/caprildolago.webp 567w, https:\/\/mundialdoqueijodobrasil.com\/wp-content\/uploads\/2026\/04\/caprildolago-300x300.webp 300w, https:\/\/mundialdoqueijodobrasil.com\/wp-content\/uploads\/2026\/04\/caprildolago-150x150.webp 150w, https:\/\/mundialdoqueijodobrasil.com\/wp-content\/uploads\/2026\/04\/caprildolago-12x12.webp 12w, https:\/\/mundialdoqueijodobrasil.com\/wp-content\/uploads\/2026\/04\/caprildolago-500x500.webp 500w, https:\/\/mundialdoqueijodobrasil.com\/wp-content\/uploads\/2026\/04\/caprildolago-100x100.webp 100w\" sizes=\"(max-width: 202px) 100vw, 202px\" \/>Ferme de ch\u00e8vres du lac <\/span><\/h2>\n<p><!-- \/wp:heading --><!-- wp:paragraph --><\/p>\n<p><em>Valen\u00e7a | RJ<\/em><\/p>\n<p><!-- \/wp:paragraph --><!-- wp:image {\"lightbox\":{\"enabled\":false},\"id\":8189,\"width\":\"307px\",\"height\":\"auto\",\"sizeSlug\":\"full\",\"linkDestination\":\"custom\",\"align\":\"center\"} --><!-- \/wp:image --><!-- wp:paragraph --><\/p>\n<p><span data-sheets-root=\"1\">Avec plus de 60 r\u00e9compenses, c&#039;est le seul fromage au Br\u00e9sil \u00e0 figurer sur la liste des 12 meilleurs fromages du Mondial du Fromage de Tours, en France, en 2023. <\/span><\/p>\n<p>Contact: <span data-sheets-root=\"1\">24 981454441<\/span><\/p>\n<p><!-- \/wp:paragraph --><!-- wp:paragraph --><\/p>\n<p><strong>Instagram :<\/strong> <a href=\"https:\/\/www.instagram.com\/caprildolago\" target=\"_blank\" rel=\"noopener\"><span data-sheets-root=\"1\">@caprildolago<\/span><\/a><\/p>\t\t\t\t\t\t\t\t<\/div>\n\t\t\t\t<\/div>\n\t\t\t\t<div class=\"elementor-element elementor-element-a06fb16 elementor-widget elementor-widget-text-editor\" data-id=\"a06fb16\" data-element_type=\"widget\" data-e-type=\"widget\" data-widget_type=\"text-editor.default\">\n\t\t\t\t<div class=\"elementor-widget-container\">\n\t\t\t\t\t\t\t\t\t<h2><img loading=\"lazy\" decoding=\"async\" class=\"wp-image-94963 alignright\" src=\"https:\/\/mundialdoqueijodobrasil.com\/wp-content\/uploads\/2026\/03\/ceudeminas.webp\" alt=\"\" width=\"209\" height=\"202\" srcset=\"https:\/\/mundialdoqueijodobrasil.com\/wp-content\/uploads\/2026\/03\/ceudeminas.webp 500w, https:\/\/mundialdoqueijodobrasil.com\/wp-content\/uploads\/2026\/03\/ceudeminas-300x290.webp 300w, https:\/\/mundialdoqueijodobrasil.com\/wp-content\/uploads\/2026\/03\/ceudeminas-12x12.webp 12w\" sizes=\"(max-width: 209px) 100vw, 209px\" \/><strong>C\u00e9u de Minas, fromagerie et caf\u00e9<\/strong><\/h2>\n<p><!-- \/wp:heading --><!-- wp:paragraph --><\/p>\n<p><em>S\u00e3o Louren\u00e7o | MG<\/em><\/p>\n<p><!-- \/wp:paragraph --><!-- wp:image {\"lightbox\":{\"enabled\":false},\"id\":8189,\"width\":\"307px\",\"height\":\"auto\",\"sizeSlug\":\"full\",\"linkDestination\":\"custom\",\"align\":\"center\"} --><!-- \/wp:image --><!-- wp:paragraph --><\/p>\n<p><span data-sheets-root=\"1\">C\u00e9u de Minas est une fromagerie-caf\u00e9 sp\u00e9cialis\u00e9e dans les fromages affin\u00e9s artisanaux d&#039;Alagoa et de la r\u00e9gion de Mantiqueira, dans le Minas Gerais. Reconnus pour leur origine, leur authenticit\u00e9 et leurs ar\u00f4mes uniques, ces fromages b\u00e9n\u00e9ficient d&#039;une s\u00e9lection rigoureuse, de m\u00e9thodes d&#039;affinage sp\u00e9cifiques, d&#039;une gamme de caf\u00e9s de sp\u00e9cialit\u00e9 et de douceurs artisanales. Nous vous proposons ainsi une exp\u00e9rience gastronomique unique au c\u0153ur du Minas Gerais.<\/span><\/p>\n<p>Contact: <span data-sheets-root=\"1\">35 998554775<\/span><\/p>\n<p><!-- \/wp:paragraph --><!-- wp:paragraph --><\/p>\n<p>Site: <span data-sheets-root=\"1\"><a href=\"http:\/\/www.ceudeminas.com.br\">www.ceudeminas.com.br<\/a>\u00a0<\/span><\/p>\n<p>Instagram : <a href=\"https:\/\/www.instagram.com\/ceudeminasoficial\"><span data-sheets-root=\"1\">@ceudeminasoficial<\/span><\/a><\/p>\t\t\t\t\t\t\t\t<\/div>\n\t\t\t\t<\/div>\n\t\t\t\t<div class=\"elementor-element elementor-element-f68cd2a elementor-widget elementor-widget-text-editor\" data-id=\"f68cd2a\" data-element_type=\"widget\" data-e-type=\"widget\" data-widget_type=\"text-editor.default\">\n\t\t\t\t<div class=\"elementor-widget-container\">\n\t\t\t\t\t\t\t\t\t<h2>Com\u00e1nz<\/h2>\n<p><!-- \/wp:heading --><!-- wp:paragraph --><\/p>\n<p><em>Cristina | MG<\/em><\/p>\n<p><!-- \/wp:paragraph --><!-- wp:image {\"lightbox\":{\"enabled\":false},\"id\":8189,\"width\":\"307px\",\"height\":\"auto\",\"sizeSlug\":\"full\",\"linkDestination\":\"custom\",\"align\":\"center\"} --><!-- \/wp:image --><!-- wp:paragraph --><\/p>\n<p class=\"p1\"><span class=\"s1\">Producteur d&#039;alfajores et de dulce de leche d&#039;exception, impr\u00e9gn\u00e9s des saveurs du terroir de la Serra da Mantiqueira. Chaque produit est artisanal et original. M\u00e9daill\u00e9s au Championnat du monde d&#039;alfajores 2025 en Argentine, nos alfajores sont \u00e9galement reconnus \u00e0 Serra da Mantiqueira pour leur m\u00e9thode Com\u00e1nz. Nous proposons une gamme de recettes exclusives, notamment les gammes Luxury et Desire Alfajores au Br\u00e9sil.<\/span><\/p>\n<p class=\"p1\"><span class=\"s1\"><b>T\u00e9l. : <\/b>11 987479763 <b>Instagram :<\/b> <a href=\"https:\/\/www.instagram.com\/comanzddl\" target=\"_blank\" rel=\"noopener\">@comanzddl<\/a><\/span><\/p>\t\t\t\t\t\t\t\t<\/div>\n\t\t\t\t<\/div>\n\t\t\t\t<div class=\"elementor-element elementor-element-ad6ac26 elementor-widget elementor-widget-text-editor\" data-id=\"ad6ac26\" data-element_type=\"widget\" data-e-type=\"widget\" data-widget_type=\"text-editor.default\">\n\t\t\t\t<div class=\"elementor-widget-container\">\n\t\t\t\t\t\t\t\t\t<h2>Cruz\u00edlia, Produits laitiers\u00a0<\/h2>\n<p><!-- \/wp:heading --><!-- wp:paragraph --><\/p>\n<p><em>Cruz\u00edlia | MG<\/em><\/p>\n<p><!-- \/wp:paragraph --><!-- wp:image {\"lightbox\":{\"enabled\":false},\"id\":8189,\"width\":\"307px\",\"height\":\"auto\",\"sizeSlug\":\"full\",\"linkDestination\":\"custom\",\"align\":\"center\"} --><!-- \/wp:image --><!-- wp:paragraph --><\/p>\n<p class=\"p1\"><span class=\"s1\">Fond\u00e9e en 1948 au march\u00e9 municipal de S\u00e3o Paulo, l&#039;entreprise s&#039;est ensuite implant\u00e9e dans la r\u00e9gion de la Serra da Mantiqueira \u00e0 la fin des ann\u00e9es 1980. Elle produit des fromages \u00e0 p\u00e2te persill\u00e9e (blanche et bleue), des fromages de table, des fondues, du beurre et de la cr\u00e8me. Elle collecte le lait aupr\u00e8s de plus de 100 familles de producteurs de la r\u00e9gion. <b>Site: <\/b>cruzilia.com.br<\/span><\/p>\n<p class=\"p1\"><span class=\"s1\"> <b>Instagram :<\/b> <a href=\"https:\/\/www.instagram.com\/queijoscruzilia\" target=\"_blank\" rel=\"noopener\">@queijoscruzilia<\/a><\/span><\/p>\t\t\t\t\t\t\t\t<\/div>\n\t\t\t\t<\/div>\n\t\t\t\t<div class=\"elementor-element elementor-element-cad8f31 elementor-widget elementor-widget-text-editor\" data-id=\"cad8f31\" data-element_type=\"widget\" data-e-type=\"widget\" data-widget_type=\"text-editor.default\">\n\t\t\t\t<div class=\"elementor-widget-container\">\n\t\t\t\t\t\t\t\t\t<h2><strong><a href=\"https:\/\/www.instagram.com\/delichat.oficial\/\"><img decoding=\"async\" class=\"alignright\" style=\"width: 203px; height: 203px;\" src=\"https:\/\/mundialdoqueijodobrasil.com\/wp-content\/uploads\/2024\/02\/download.webp\" alt=\"\" \/><\/a>Deli Chat<\/strong><\/h2>\n<p><!-- \/wp:heading --><!-- wp:paragraph --><\/p>\n<p><em>Belo Horizonte | Minas Gerais<\/em><\/p>\n<p><!-- \/wp:paragraph --><!-- wp:image {\"lightbox\":{\"enabled\":false},\"id\":8177,\"width\":\"268px\",\"height\":\"auto\",\"sizeSlug\":\"full\",\"linkDestination\":\"custom\",\"align\":\"center\"} --><\/p>\n<p><!-- \/wp:image --><!-- wp:paragraph --><\/p>\n<p>Confitures, sauces et conserves : des pots d\u00e9bordant de couleurs, de bienfaits et de saveurs qui vous invitent \u00e0 un voyage sensoriel. \u00c9labor\u00e9es sans colorants artificiels, mais avec des teintes naturelles, elles contribuent \u00e0 des habitudes plus saines et durables, et \u00e0 une bonne dose de bonne humeur. Ces confitures, chutneys, conserves et m\u00e9langes de th\u00e9, cr\u00e9\u00e9s par la designer culinaire Regina Sugayama, sont actuellement vendus dans des magasins de 20 \u00c9tats br\u00e9siliens, principalement dans les fromageries et les \u00e9piceries fines.<\/p>\n<p>Instagram : <a href=\"https:\/\/www.instagram.com\/delichat.oficial\">@delichat.officiel<\/a><\/p>\t\t\t\t\t\t\t\t<\/div>\n\t\t\t\t<\/div>\n\t\t\t\t<div class=\"elementor-element elementor-element-6ac59df elementor-widget elementor-widget-text-editor\" data-id=\"6ac59df\" data-element_type=\"widget\" data-e-type=\"widget\" data-widget_type=\"text-editor.default\">\n\t\t\t\t<div class=\"elementor-widget-container\">\n\t\t\t\t\t\t\t\t\t<h2><strong>Di Capre<\/strong><\/h2>\n<p><!-- \/wp:heading --><!-- wp:paragraph --><\/p>\n<p><em>Itanhandu | Minas Gerais<\/em><\/p>\n<p><!-- \/wp:paragraph --><!-- wp:image {\"lightbox\":{\"enabled\":false},\"id\":8177,\"width\":\"268px\",\"height\":\"auto\",\"sizeSlug\":\"full\",\"linkDestination\":\"custom\",\"align\":\"center\"} --><\/p>\n<p><!-- \/wp:image --><!-- wp:paragraph --><\/p>\n<p class=\"ds-markdown-paragraph\">Dans la cha\u00eene de montagnes de la Serra da Mantiqueira, la fromagerie transforme exclusivement du lait de ch\u00e8vre en fromages fins et affin\u00e9s, poss\u00e9dant une forte identit\u00e9 r\u00e9gionale.<\/p>\n<p class=\"ds-markdown-paragraph\">Fond\u00e9e en 2020 par le couple Julio Cesar et Iracema, l&#039;offre est diversifi\u00e9e.<\/p>\n<p>Instagram : <a href=\"https:\/\/www.instagram.com\/queijosdicapre\">@queijosdicapre<\/a><\/p>\t\t\t\t\t\t\t\t<\/div>\n\t\t\t\t<\/div>\n\t\t\t\t<div class=\"elementor-element elementor-element-e8e9adc elementor-widget elementor-widget-text-editor\" data-id=\"e8e9adc\" data-element_type=\"widget\" data-e-type=\"widget\" data-widget_type=\"text-editor.default\">\n\t\t\t\t<div class=\"elementor-widget-container\">\n\t\t\t\t\t\t\t\t\t<h2><strong><img loading=\"lazy\" decoding=\"async\" class=\"wp-image-94601 alignright\" src=\"https:\/\/mundialdoqueijodobrasil.com\/wp-content\/uploads\/2026\/02\/Logo-Queijaria-Da-Estancia-Vertical-Queijaria-da-Esta\u0302ncia.webp\" alt=\"\" width=\"195\" height=\"207\" srcset=\"https:\/\/mundialdoqueijodobrasil.com\/wp-content\/uploads\/2026\/02\/Logo-Queijaria-Da-Estancia-Vertical-Queijaria-da-Esta\u0302ncia.webp 1200w, https:\/\/mundialdoqueijodobrasil.com\/wp-content\/uploads\/2026\/02\/Logo-Queijaria-Da-Estancia-Vertical-Queijaria-da-Esta\u0302ncia-282x300.webp 282w, https:\/\/mundialdoqueijodobrasil.com\/wp-content\/uploads\/2026\/02\/Logo-Queijaria-Da-Estancia-Vertical-Queijaria-da-Esta\u0302ncia-962x1024.webp 962w, https:\/\/mundialdoqueijodobrasil.com\/wp-content\/uploads\/2026\/02\/Logo-Queijaria-Da-Estancia-Vertical-Queijaria-da-Esta\u0302ncia-768x817.webp 768w, https:\/\/mundialdoqueijodobrasil.com\/wp-content\/uploads\/2026\/02\/Logo-Queijaria-Da-Estancia-Vertical-Queijaria-da-Esta\u0302ncia-11x12.webp 11w, https:\/\/mundialdoqueijodobrasil.com\/wp-content\/uploads\/2026\/02\/Logo-Queijaria-Da-Estancia-Vertical-Queijaria-da-Esta\u0302ncia-500x532.webp 500w, https:\/\/mundialdoqueijodobrasil.com\/wp-content\/uploads\/2026\/02\/Logo-Queijaria-Da-Estancia-Vertical-Queijaria-da-Esta\u0302ncia-700x745.webp 700w\" sizes=\"(max-width: 195px) 100vw, 195px\" \/><\/strong><\/h2>\n<h2><strong>Ranch,\u00a0<\/strong><strong>fromagerie de\u00a0<\/strong><\/h2>\n<p><!-- \/wp:heading --><!-- wp:paragraph --><\/p>\n<p><em>Ibitinga | SP\u00a0\u00a0<\/em><\/p>\n<p><!-- \/wp:paragraph --><!-- wp:image {\"lightbox\":{\"enabled\":false},\"id\":9338,\"width\":\"384px\",\"height\":\"auto\",\"sizeSlug\":\"large\",\"linkDestination\":\"custom\",\"align\":\"center\"} --><\/p>\n<p><!-- \/wp:image --><!-- wp:paragraph --><\/p>\n<p><span data-sheets-root=\"1\">Fond\u00e9e en 2022, Queijaria da Est\u00e2ncia est n\u00e9e du d\u00e9sir de transformer le lait de la ferme en fromages d&#039;exception, riches en saveurs et en caract\u00e8re. Notre production est artisanale et professionnelle, utilisant du lait cru de vaches Jersey, r\u00e9put\u00e9es pour la richesse de leur lait.<br \/>Ces fromages sont des cr\u00e9ations \u00e9labor\u00e9es avec soin et dans le respect du climat, de l&#039;environnement et du terroir. Le Crivo, \u00e9lu meilleur fromage de S\u00e3o Paulo lors de la premi\u00e8re \u00e9dition des Southeast Artisan Cheese Awards, en est le fleuron.<br \/>Notre toute derni\u00e8re nouveaut\u00e9, Gua\u00e7u, est arriv\u00e9e en octobre 2025 et ravit d\u00e9j\u00e0 par sa saveur et sa complexit\u00e9.<br \/><\/span><\/p>\n<p>T\u00e9l\u00e9phone 16 997655556<\/p>\n<p><!-- \/wp:paragraph --><!-- wp:paragraph --><\/p>\n<p>Instagram : <a href=\"https:\/\/www.instagram.com\/queijariadaestancia\">@queijariadaestancia<\/a><\/p>\t\t\t\t\t\t\t\t<\/div>\n\t\t\t\t<\/div>\n\t\t\t\t<div class=\"elementor-element elementor-element-ac9797e elementor-widget elementor-widget-text-editor\" data-id=\"ac9797e\" data-element_type=\"widget\" data-e-type=\"widget\" data-widget_type=\"text-editor.default\">\n\t\t\t\t<div class=\"elementor-widget-container\">\n\t\t\t\t\t\t\t\t\t<h2><img loading=\"lazy\" decoding=\"async\" class=\"wp-image-94942 alignright\" src=\"https:\/\/mundialdoqueijodobrasil.com\/wp-content\/uploads\/2026\/03\/fazfor.webp\" alt=\"\" width=\"187\" height=\"183\" srcset=\"https:\/\/mundialdoqueijodobrasil.com\/wp-content\/uploads\/2026\/03\/fazfor.webp 525w, https:\/\/mundialdoqueijodobrasil.com\/wp-content\/uploads\/2026\/03\/fazfor-300x294.webp 300w, https:\/\/mundialdoqueijodobrasil.com\/wp-content\/uploads\/2026\/03\/fazfor-12x12.webp 12w, https:\/\/mundialdoqueijodobrasil.com\/wp-content\/uploads\/2026\/03\/fazfor-500x490.webp 500w\" sizes=\"(max-width: 187px) 100vw, 187px\" \/><\/h2>\n<h2><strong><span data-sheets-root=\"1\">Fazfor<\/span>, <\/strong><strong>fromagerie<\/strong><\/h2>\n<p><!-- \/wp:heading --><!-- wp:paragraph --><\/p>\n<p><em>Prados | MG\u00a0\u00a0<\/em><\/p>\n<p><!-- \/wp:paragraph --><!-- wp:image {\"lightbox\":{\"enabled\":false},\"id\":9338,\"width\":\"384px\",\"height\":\"auto\",\"sizeSlug\":\"large\",\"linkDestination\":\"custom\",\"align\":\"center\"} --><\/p>\n<p><!-- \/wp:image --><!-- wp:paragraph --><\/p>\n<p><span data-sheets-root=\"1\">Fazfor est une marque qui \u00e9voque l&#039;essence m\u00eame de la ferme, valorisant la production rurale, la qualit\u00e9 des produits agricoles et la tradition agricole.<\/span><\/p>\n<p>T\u00e9l\u00e9phone 16 997655556<\/p>\n<p><!-- \/wp:paragraph --><!-- wp:paragraph --><\/p>\n<p>Site: <a href=\"http:\/\/www.fazfor.com.br\" target=\"_blank\" rel=\"noopener\"><span data-sheets-root=\"1\">www.fazfor.com.br<\/span><\/a><br \/>Instagram : <a href=\"https:\/\/www.instagram.com\/fazfor7\">@fazfor7<\/a><\/p>\t\t\t\t\t\t\t\t<\/div>\n\t\t\t\t<\/div>\n\t\t\t\t<div class=\"elementor-element elementor-element-4e178a7 elementor-widget elementor-widget-text-editor\" data-id=\"4e178a7\" data-element_type=\"widget\" data-e-type=\"widget\" data-widget_type=\"text-editor.default\">\n\t\t\t\t<div class=\"elementor-widget-container\">\n\t\t\t\t\t\t\t\t\t<p>\u00a0<\/p>\n<h2>Ferme g\u00e9n\u00e9reuse<\/h2>\n<p><!-- \/wp:heading --><!-- wp:paragraph --><\/p>\n<p><em>Andrel\u00e2ndia | MG\u00a0\u00a0<\/em><\/p>\n<p><!-- \/wp:paragraph --><!-- wp:image {\"lightbox\":{\"enabled\":false},\"id\":9338,\"width\":\"384px\",\"height\":\"auto\",\"sizeSlug\":\"large\",\"linkDestination\":\"custom\",\"align\":\"center\"} --><\/p>\n<p><!-- \/wp:image --><!-- wp:paragraph --><\/p>\n<p class=\"p1\"><span class=\"s1\">Carvalho a lanc\u00e9 l&#039;entreprise au milieu de l&#039;ann\u00e9e 1985, produisant alors 70 litres de lait par jour. Aujourd&#039;hui, elle est g\u00e9r\u00e9e par son fils, Joaquim Luiz de Carvalho, repr\u00e9sentant la troisi\u00e8me g\u00e9n\u00e9ration de la famille. Ils produisent des fromages frais, des fromages affin\u00e9s, du parmesan, de la mozzarella, de la ricotta, du beurre et des yaourts, d\u00e9clin\u00e9s en plus de 35 vari\u00e9t\u00e9s.<\/span><\/p>\n<p class=\"p1\"><span class=\"s1\"><b>T\u00e9l. :<\/b><span class=\"Apple-converted-space\">\u00a0 <\/span>11 977725335 <b>Instagram : <\/b><a href=\"https:\/\/www.instagram.com\/fazendagenerosaoficial\/\" target=\"_blank\" rel=\"noopener\">@fazendagenerosaoficial<\/a><\/span><\/p>\n<p><!-- \/wp:paragraph --><!-- wp:paragraph --><\/p>\t\t\t\t\t\t\t\t<\/div>\n\t\t\t\t<\/div>\n\t\t\t\t<div class=\"elementor-element elementor-element-1f34687 elementor-widget elementor-widget-text-editor\" data-id=\"1f34687\" data-element_type=\"widget\" data-e-type=\"widget\" data-widget_type=\"text-editor.default\">\n\t\t\t\t<div class=\"elementor-widget-container\">\n\t\t\t\t\t\t\t\t\t<h2><img loading=\"lazy\" decoding=\"async\" class=\"wp-image-95709 alignright\" src=\"https:\/\/mundialdoqueijodobrasil.com\/wp-content\/uploads\/2026\/04\/casageraldo.webp\" alt=\"\" width=\"324\" height=\"171\" srcset=\"https:\/\/mundialdoqueijodobrasil.com\/wp-content\/uploads\/2026\/04\/casageraldo.webp 1250w, https:\/\/mundialdoqueijodobrasil.com\/wp-content\/uploads\/2026\/04\/casageraldo-300x158.webp 300w, https:\/\/mundialdoqueijodobrasil.com\/wp-content\/uploads\/2026\/04\/casageraldo-1024x539.webp 1024w, https:\/\/mundialdoqueijodobrasil.com\/wp-content\/uploads\/2026\/04\/casageraldo-768x404.webp 768w, https:\/\/mundialdoqueijodobrasil.com\/wp-content\/uploads\/2026\/04\/casageraldo-18x9.webp 18w, https:\/\/mundialdoqueijodobrasil.com\/wp-content\/uploads\/2026\/04\/casageraldo-500x263.webp 500w, https:\/\/mundialdoqueijodobrasil.com\/wp-content\/uploads\/2026\/04\/casageraldo-700x368.webp 700w\" sizes=\"(max-width: 324px) 100vw, 324px\" \/>G\u00e9raldo, Maison<\/h2>\n<p><!-- \/wp:heading --><!-- wp:paragraph --><\/p>\n<p><em>Andradas | MG\u00a0\u00a0<\/em><\/p>\n<p><!-- \/wp:paragraph --><!-- wp:image {\"lightbox\":{\"enabled\":false},\"id\":9338,\"width\":\"384px\",\"height\":\"auto\",\"sizeSlug\":\"large\",\"linkDestination\":\"custom\",\"align\":\"center\"} --><\/p>\n<p><!-- \/wp:image --><!-- wp:paragraph --><\/p>\n<p class=\"p1\">Production et vente de vins, de vins mousseux et de jus d\u00e9riv\u00e9s de<\/p>\n<p class=\"p1\">raisin. <b>T\u00e9l. : <\/b>35 9957-1343 <b>Instagram :<\/b> <a href=\"https:\/\/www.instagram.com\/casageraldo\" target=\"_blank\" rel=\"noopener\">@casageraldo<\/a><\/p>\n<p><!-- \/wp:paragraph --><!-- wp:paragraph --><\/p>\t\t\t\t\t\t\t\t<\/div>\n\t\t\t\t<\/div>\n\t\t\t\t<div class=\"elementor-element elementor-element-53b541e elementor-widget elementor-widget-text-editor\" data-id=\"53b541e\" data-element_type=\"widget\" data-e-type=\"widget\" data-widget_type=\"text-editor.default\">\n\t\t\t\t<div class=\"elementor-widget-container\">\n\t\t\t\t\t\t\t\t\t<p>\u00a0<\/p>\n<h2><strong><span data-sheets-root=\"1\"><img loading=\"lazy\" decoding=\"async\" class=\"wp-image-94994 alignright\" src=\"https:\/\/mundialdoqueijodobrasil.com\/wp-content\/uploads\/2026\/03\/goa.webp\" alt=\"\" width=\"206\" height=\"205\" srcset=\"https:\/\/mundialdoqueijodobrasil.com\/wp-content\/uploads\/2026\/03\/goa.webp 500w, https:\/\/mundialdoqueijodobrasil.com\/wp-content\/uploads\/2026\/03\/goa-300x298.webp 300w, https:\/\/mundialdoqueijodobrasil.com\/wp-content\/uploads\/2026\/03\/goa-150x150.webp 150w, https:\/\/mundialdoqueijodobrasil.com\/wp-content\/uploads\/2026\/03\/goa-12x12.webp 12w, https:\/\/mundialdoqueijodobrasil.com\/wp-content\/uploads\/2026\/03\/goa-100x100.webp 100w\" sizes=\"(max-width: 206px) 100vw, 206px\" \/>Goa<\/span>, <\/strong><strong>Fromagerie artisanale<\/strong><\/h2>\n<p><!-- \/wp:heading --><!-- wp:paragraph --><\/p>\n<p><em>Aiuruoca | MG\u00a0\u00a0<\/em><\/p>\n<p><!-- \/wp:paragraph --><!-- wp:image {\"lightbox\":{\"enabled\":false},\"id\":9338,\"width\":\"384px\",\"height\":\"auto\",\"sizeSlug\":\"large\",\"linkDestination\":\"custom\",\"align\":\"center\"} --><\/p>\n<p><!-- \/wp:image --><!-- wp:paragraph --><\/p>\n<p><span data-sheets-root=\"1\">Fromages Mantiqueira de Minas, v\u00e9ritablement artisanaux, produits dans la Sierra de Mantiqueira. <\/span><\/p>\n<p>T\u00e9l\u00e9phone 35 9957-1343<\/p>\n<p>Instagram : <a href=\"https:\/\/www.instagram.com\/produtosgoa\">@produtosgoa<\/a><\/p>\n<p><!-- \/wp:paragraph --><!-- wp:paragraph --><\/p>\t\t\t\t\t\t\t\t<\/div>\n\t\t\t\t<\/div>\n\t\t\t\t<div class=\"elementor-element elementor-element-1b6c275 elementor-widget elementor-widget-text-editor\" data-id=\"1b6c275\" data-element_type=\"widget\" data-e-type=\"widget\" data-widget_type=\"text-editor.default\">\n\t\t\t\t<div class=\"elementor-widget-container\">\n\t\t\t\t\t\t\t\t\t<h2><span data-sheets-root=\"1\"><img loading=\"lazy\" decoding=\"async\" class=\"wp-image-94585 alignright\" src=\"https:\/\/mundialdoqueijodobrasil.com\/wp-content\/uploads\/2026\/02\/kochen.webp\" alt=\"\" width=\"154\" height=\"192\" srcset=\"https:\/\/mundialdoqueijodobrasil.com\/wp-content\/uploads\/2026\/02\/kochen.webp 738w, https:\/\/mundialdoqueijodobrasil.com\/wp-content\/uploads\/2026\/02\/kochen-241x300.webp 241w, https:\/\/mundialdoqueijodobrasil.com\/wp-content\/uploads\/2026\/02\/kochen-10x12.webp 10w, https:\/\/mundialdoqueijodobrasil.com\/wp-content\/uploads\/2026\/02\/kochen-500x622.webp 500w, https:\/\/mundialdoqueijodobrasil.com\/wp-content\/uploads\/2026\/02\/kochen-700x871.webp 700w\" sizes=\"(max-width: 154px) 100vw, 154px\" \/>Huiles d&#039;olive aromatis\u00e9es Kochen<\/span><\/h2>\n<p><em>Vespasiano | MG<\/em><\/p>\n<p><span data-sheets-root=\"1\">Kochen est une gamme tr\u00e8s exclusive d&#039;huiles d&#039;olive aromatis\u00e9es artisanales. Jeune entreprise europ\u00e9enne maintes fois prim\u00e9e, sa qualit\u00e9 est attest\u00e9e par l&#039;obtention de 9 m\u00e9dailles d&#039;or et 7 m\u00e9dailles d&#039;argent en Italie. En 2024, notre huile d&#039;olive \u00e0 la menthe a \u00e9t\u00e9 \u00e9lue meilleure huile d&#039;olive aromatis\u00e9e au monde. .<br \/>Une saveur exquise. Unique. Avec des nuances subtiles qui lui conf\u00e8rent une touche de sophistication. <br \/>Bien plus qu&#039;un simple go\u00fbt ! La production a lieu dans la zone rurale qui entoure Vespasiano. <br \/>L&#039;huile d&#039;olive utilis\u00e9e comme base est extra vierge, avec une acidit\u00e9 inf\u00e9rieure \u00e0 0,4. Ce sont des saveurs d\u00e9licieuses qui s&#039;harmonisent avec diff\u00e9rents fromages.<\/span><\/p>\n<p>(37) 99788-6627<\/p>\n<p>Instagram <a href=\"https:\/\/www.instagram.com\/kochenazeitessaborizados\">@kochenazeitessaborizados<\/a><\/p>\t\t\t\t\t\t\t\t<\/div>\n\t\t\t\t<\/div>\n\t\t\t\t<div class=\"elementor-element elementor-element-bcd0743 elementor-widget elementor-widget-text-editor\" data-id=\"bcd0743\" data-element_type=\"widget\" data-e-type=\"widget\" data-widget_type=\"text-editor.default\">\n\t\t\t\t<div class=\"elementor-widget-container\">\n\t\t\t\t\t\t\t\t\t<h2><span data-sheets-root=\"1\"><img loading=\"lazy\" decoding=\"async\" class=\"wp-image-94983 alignright\" src=\"https:\/\/mundialdoqueijodobrasil.com\/wp-content\/uploads\/2026\/03\/kaji.webp\" alt=\"\" width=\"208\" height=\"208\" srcset=\"https:\/\/mundialdoqueijodobrasil.com\/wp-content\/uploads\/2026\/03\/kaji.webp 503w, https:\/\/mundialdoqueijodobrasil.com\/wp-content\/uploads\/2026\/03\/kaji-300x300.webp 300w, https:\/\/mundialdoqueijodobrasil.com\/wp-content\/uploads\/2026\/03\/kaji-150x150.webp 150w, https:\/\/mundialdoqueijodobrasil.com\/wp-content\/uploads\/2026\/03\/kaji-12x12.webp 12w, https:\/\/mundialdoqueijodobrasil.com\/wp-content\/uploads\/2026\/03\/kaji-500x501.webp 500w, https:\/\/mundialdoqueijodobrasil.com\/wp-content\/uploads\/2026\/03\/kaji-100x100.webp 100w\" sizes=\"(max-width: 208px) 100vw, 208px\" \/>March\u00e9 Kaji Coffee &amp; Curio<\/span><\/h2>\n<p><em>S\u00e3o Paulo | SP<\/em><\/p>\n<p><span data-sheets-root=\"1\">Caf\u00e9s de sp\u00e9cialit\u00e9 et en-cas nippo-br\u00e9siliens. Kaji est un caf\u00e9-boutique situ\u00e9 au march\u00e9 municipal de Pinheiros. On y trouve des caf\u00e9s de sp\u00e9cialit\u00e9 et d&#039;exception, de l&#039;artisanat, des objets originaux et des accessoires. <em>amateurs de caf\u00e9<\/em> et des baristas. Ils proposent \u00e9galement des exp\u00e9riences culturelles au sein du march\u00e9 et des ateliers li\u00e9s \u00e0 la culture du caf\u00e9 et \u00e0 l&#039;univers du th\u00e9. Cr\u00e9\u00e9 par Giu, d&#039;origine japonaise, et Felipe, originaire du Minas Gerais, Kaji s&#039;affirme comme un lieu c\u00e9l\u00e9brant le Br\u00e9sil \u00e0 travers la rencontre de ces deux cultures.<br \/><\/span><\/p>\n<p>(37) <span data-sheets-root=\"1\">11 998763339<\/span><br \/>Instagram <a href=\"https:\/\/www.instagram.com\/kaji_cofee\"><span data-sheets-root=\"1\">@kaji_coffee<\/span><\/a><\/p>\t\t\t\t\t\t\t\t<\/div>\n\t\t\t\t<\/div>\n\t\t\t\t<div class=\"elementor-element elementor-element-4800a5d elementor-widget elementor-widget-text-editor\" data-id=\"4800a5d\" data-element_type=\"widget\" data-e-type=\"widget\" data-widget_type=\"text-editor.default\">\n\t\t\t\t<div class=\"elementor-widget-container\">\n\t\t\t\t\t\t\t\t\t<h2><strong><img loading=\"lazy\" decoding=\"async\" class=\"wp-image-94941 alignright\" src=\"https:\/\/mundialdoqueijodobrasil.com\/wp-content\/uploads\/2026\/03\/lademadre.webp\" alt=\"\" width=\"226\" height=\"116\" srcset=\"https:\/\/mundialdoqueijodobrasil.com\/wp-content\/uploads\/2026\/03\/lademadre.webp 439w, https:\/\/mundialdoqueijodobrasil.com\/wp-content\/uploads\/2026\/03\/lademadre-300x154.webp 300w, https:\/\/mundialdoqueijodobrasil.com\/wp-content\/uploads\/2026\/03\/lademadre-18x9.webp 18w\" sizes=\"(max-width: 226px) 100vw, 226px\" \/>L\u00e1 de Madre, Fazenda et Queijaria<\/strong><\/h2>\n<p><!-- \/wp:heading --><!-- wp:paragraph --><\/p>\n<p><em>Madre de Deus de Minas | MG\u00a0<\/em><\/p>\n<p><!-- \/wp:paragraph --><!-- wp:image {\"lightbox\":{\"enabled\":false},\"id\":8182,\"sizeSlug\":\"full\",\"linkDestination\":\"custom\",\"align\":\"center\"} --><\/p>\n<p><!-- \/wp:image --><!-- wp:paragraph --><\/p>\n<p><span data-sheets-root=\"1\">Les fromages L\u00e1 de Madre sont des fromages artisanaux et originaux, fabriqu\u00e9s \u00e0 partir de lait cru de vaches Jersey \u00e0 la Fazenda Santa M\u00f4nica, \u00e0 Campo das Vertentes. Leur long affinage leur conf\u00e8re des saveurs intenses et exclusives, pour le plus grand plaisir des amateurs de gastronomie et d&#039;accords mets et vins uniques.<\/span><\/p>\n<p><!-- \/wp:paragraph --><!-- wp:paragraph --><\/p>\n<p>Instagram : <a href=\"https:\/\/www.instagram.com\/lademadre\" target=\"_blank\" rel=\"noopener\">@lademadre<\/a><\/p>\n<p><!-- \/wp:paragraph --><!-- wp:paragraph --><\/p>\n<p>Contact: <span data-sheets-root=\"1\">31 99942 6114<\/span><\/p>\t\t\t\t\t\t\t\t<\/div>\n\t\t\t\t<\/div>\n\t\t\t\t<div class=\"elementor-element elementor-element-e8dd3d2 elementor-widget elementor-widget-text-editor\" data-id=\"e8dd3d2\" data-element_type=\"widget\" data-e-type=\"widget\" data-widget_type=\"text-editor.default\">\n\t\t\t\t<div class=\"elementor-widget-container\">\n\t\t\t\t\t\t\t\t\t<h2><strong><img loading=\"lazy\" decoding=\"async\" class=\"wp-image-9679 alignright\" src=\"https:\/\/mundialdoqueijodobrasil.com\/wp-content\/uploads\/2024\/01\/logo_president_dourado-simulado-1-copie.webp\" alt=\"\" width=\"210\" height=\"132\" srcset=\"https:\/\/mundialdoqueijodobrasil.com\/wp-content\/uploads\/2024\/01\/logo_president_dourado-simulado-1-copie.webp 500w, https:\/\/mundialdoqueijodobrasil.com\/wp-content\/uploads\/2024\/01\/logo_president_dourado-simulado-1-copie-300x188.webp 300w\" sizes=\"(max-width: 210px) 100vw, 210px\" \/>Lactalis, produits laitiers<\/strong><\/h2>\n<p><!-- \/wp:heading --><!-- wp:paragraph --><\/p>\n<p><em>Br\u00e9sil<\/em><\/p>\n<p><!-- \/wp:paragraph --><!-- wp:image {\"lightbox\":{\"enabled\":false},\"id\":8182,\"sizeSlug\":\"full\",\"linkDestination\":\"custom\",\"align\":\"center\"} --><\/p>\n<p><!-- \/wp:image --><!-- wp:paragraph --><\/p>\n<p>A\u00a0<strong>Lactalis Br\u00e9sil<\/strong> Il s&#039;agit de la filiale br\u00e9silienne du groupe Lactalis, multinationale fran\u00e7aise et premier fabricant mondial de produits laitiers. Pr\u00e9sente au Br\u00e9sil depuis plus de dix ans, elle oriente ses activit\u00e9s vers le concept de \u201c Nourrir l&#039;avenir \u201d, cherchant \u00e0 conjuguer tradition laiti\u00e8re, innovation et durabilit\u00e9 pour r\u00e9pondre aux besoins des consommateurs br\u00e9siliens.<\/p>\n<p><!-- \/wp:paragraph --><!-- wp:paragraph --><\/p>\n<p>Site: <a href=\"https:\/\/www.lactalis.com.br\/\">www.lactalis.com.br<\/a><\/p>\n<p>Instagram : <a href=\"https:\/\/www.instagram.com\/lactalisbrasil\">@lactalisbrasil<\/a><\/p>\n<p><!-- \/wp:paragraph --><!-- wp:paragraph --><\/p>\t\t\t\t\t\t\t\t<\/div>\n\t\t\t\t<\/div>\n\t\t\t\t<div class=\"elementor-element elementor-element-c50d19e elementor-widget elementor-widget-text-editor\" data-id=\"c50d19e\" data-element_type=\"widget\" data-e-type=\"widget\" data-widget_type=\"text-editor.default\">\n\t\t\t\t<div class=\"elementor-widget-container\">\n\t\t\t\t\t\t\t\t\t<h2><strong><a href=\"https:\/\/www.instagram.com\/queijarialaporta\/\"><img loading=\"lazy\" decoding=\"async\" class=\"alignright\" src=\"https:\/\/mundialdoqueijodobrasil.com\/wp-content\/uploads\/2024\/02\/queijaria-la-porta.webp\" alt=\"\" width=\"186\" height=\"186\" \/><\/a>La Porta, fromagerie<\/strong><\/h2>\n<p><!-- \/wp:heading --><!-- wp:paragraph --><\/p>\n<p><em>Belmiro Braga | MG\u00a0<\/em><\/p>\n<p><!-- \/wp:paragraph --><!-- wp:image {\"lightbox\":{\"enabled\":false},\"id\":8182,\"sizeSlug\":\"full\",\"linkDestination\":\"custom\",\"align\":\"center\"} --><\/p>\n<p><!-- \/wp:image --><!-- wp:paragraph --><\/p>\n<p>Depuis 1986, la Fazenda Santa Helena, propri\u00e9t\u00e9 de la famille Gabriela et Marcio, a toujours produit du lait. La transition vers la fabrication de fromage s&#039;est op\u00e9r\u00e9e en 2021, suite \u00e0 des am\u00e9liorations du lait et \u00e0 des formations fromag\u00e8res dispens\u00e9es par le partenariat entre Mons et SerT\u00e3oBras. La nouvelle fromagerie, dot\u00e9e d&#039;une cave d&#039;affinage souterraine, a \u00e9t\u00e9 inaugur\u00e9e en novembre 2023. Leur gamme phare comprend le Belmiro Blu, un fromage bleu, ainsi que d&#039;autres vari\u00e9t\u00e9s de fromages \u00e0 p\u00e2te press\u00e9e cuite et affin\u00e9e, \u00e0 cro\u00fbte lisse et naturelle, tous fabriqu\u00e9s \u00e0 partir de lait de vache cru et pasteuris\u00e9, selon des m\u00e9thodes de production uniques.\u00a0<\/p>\n<p><!-- \/wp:paragraph --><!-- wp:paragraph --><\/p>\n<p>Instagram : <a href=\"https:\/\/www.instagram.com\/queijarialaporta\">@queijarialaporta<\/a><\/p>\n<p><!-- \/wp:paragraph --><!-- wp:paragraph --><\/p>\n<p>Contact : +32 9 8445-7274<\/p>\t\t\t\t\t\t\t\t<\/div>\n\t\t\t\t<\/div>\n\t\t\t\t<div class=\"elementor-element elementor-element-486c52c elementor-widget elementor-widget-text-editor\" data-id=\"486c52c\" data-element_type=\"widget\" data-e-type=\"widget\" data-widget_type=\"text-editor.default\">\n\t\t\t\t<div class=\"elementor-widget-container\">\n\t\t\t\t\t\t\t\t\t<h2><img loading=\"lazy\" decoding=\"async\" class=\"wp-image-95710 alignright\" src=\"https:\/\/mundialdoqueijodobrasil.com\/wp-content\/uploads\/2026\/04\/latto.webp\" alt=\"\" width=\"216\" height=\"126\" srcset=\"https:\/\/mundialdoqueijodobrasil.com\/wp-content\/uploads\/2026\/04\/latto.webp 1202w, https:\/\/mundialdoqueijodobrasil.com\/wp-content\/uploads\/2026\/04\/latto-300x175.webp 300w, https:\/\/mundialdoqueijodobrasil.com\/wp-content\/uploads\/2026\/04\/latto-1024x598.webp 1024w, https:\/\/mundialdoqueijodobrasil.com\/wp-content\/uploads\/2026\/04\/latto-768x449.webp 768w, https:\/\/mundialdoqueijodobrasil.com\/wp-content\/uploads\/2026\/04\/latto-18x12.webp 18w, https:\/\/mundialdoqueijodobrasil.com\/wp-content\/uploads\/2026\/04\/latto-500x292.webp 500w, https:\/\/mundialdoqueijodobrasil.com\/wp-content\/uploads\/2026\/04\/latto-700x409.webp 700w\" sizes=\"(max-width: 216px) 100vw, 216px\" \/>Boulangerie Latto<\/h2>\n<p><!-- \/wp:heading --><!-- wp:paragraph --><\/p>\n<p><em>Lavras | MG\u00a0<\/em><\/p>\n<p><!-- \/wp:paragraph --><!-- wp:image {\"lightbox\":{\"enabled\":false},\"id\":8182,\"sizeSlug\":\"full\",\"linkDestination\":\"custom\",\"align\":\"center\"} --><\/p>\n<p><!-- \/wp:image --><!-- wp:paragraph --><\/p>\n<p class=\"p1\"><span class=\"s1\">\u00ab<i>Nous venons de l&#039;int\u00e9rieur du Minas Gerais, et grandir ici, c&#039;est grandir entour\u00e9 de lait, d&#039;un po\u00eale allum\u00e9, de lourdes casseroles et d&#039;histoires racont\u00e9es autour de la table. Dans le souvenir de Lucas, sa grand-m\u00e8re Ir\u00e8ne remuant les bonbons \u00e0 la main est un geste r\u00e9p\u00e9t\u00e9 avec patience, un de ceux qui enseignent sans avoir besoin de mots. LATTO vient de lata (bo\u00eete), qui signifie \u00ab\u00a0bo\u00eete de conserve\u00a0\u00bb, le r\u00e9cipient dans lequel le lait est transport\u00e9. C&#039;est un symbole de commencement, de la campagne, du respect pour ce qui nous fait vivre.<\/i>\u00bb.<\/span><\/p>\n<p class=\"p1\"><span class=\"s1\"><b>Instagram :<\/b> <a href=\"https:\/\/www.instagram.com\/lattomg\" target=\"_blank\" rel=\"noopener\">@lattomg<\/a><\/span><\/p>\n<p class=\"p1\"><span class=\"s1\"><b>T\u00e9l. :<\/b> 35 998599090<br \/><\/span><\/p>\t\t\t\t\t\t\t\t<\/div>\n\t\t\t\t<\/div>\n\t\t\t\t<div class=\"elementor-element elementor-element-590ecd3 elementor-widget elementor-widget-text-editor\" data-id=\"590ecd3\" data-element_type=\"widget\" data-e-type=\"widget\" data-widget_type=\"text-editor.default\">\n\t\t\t\t<div class=\"elementor-widget-container\">\n\t\t\t\t\t\t\t\t\t<h2><img loading=\"lazy\" decoding=\"async\" class=\"wp-image-95950 alignright\" src=\"https:\/\/mundialdoqueijodobrasil.com\/wp-content\/uploads\/2026\/04\/Foto-de-Eduardo-Lo-Buono-Eduardo-lo-buono.webp\" alt=\"\" width=\"203\" height=\"203\" srcset=\"https:\/\/mundialdoqueijodobrasil.com\/wp-content\/uploads\/2026\/04\/Foto-de-Eduardo-Lo-Buono-Eduardo-lo-buono.webp 500w, https:\/\/mundialdoqueijodobrasil.com\/wp-content\/uploads\/2026\/04\/Foto-de-Eduardo-Lo-Buono-Eduardo-lo-buono-300x300.webp 300w, https:\/\/mundialdoqueijodobrasil.com\/wp-content\/uploads\/2026\/04\/Foto-de-Eduardo-Lo-Buono-Eduardo-lo-buono-150x150.webp 150w, https:\/\/mundialdoqueijodobrasil.com\/wp-content\/uploads\/2026\/04\/Foto-de-Eduardo-Lo-Buono-Eduardo-lo-buono-12x12.webp 12w, https:\/\/mundialdoqueijodobrasil.com\/wp-content\/uploads\/2026\/04\/Foto-de-Eduardo-Lo-Buono-Eduardo-lo-buono-100x100.webp 100w\" sizes=\"(max-width: 203px) 100vw, 203px\" \/>Latte Buono<\/h2>\n<p><!-- \/wp:heading --><!-- wp:paragraph --><\/p>\n<p><em>Valen\u00e7a | RJ<\/em><\/p>\n<p><!-- \/wp:paragraph --><!-- wp:image {\"lightbox\":{\"enabled\":false},\"id\":8182,\"sizeSlug\":\"full\",\"linkDestination\":\"custom\",\"align\":\"center\"} --><\/p>\n<p><!-- \/wp:image --><!-- wp:paragraph --><\/p>\n<p class=\"p1\"><span data-sheets-root=\"1\">Produits laitiers fabriqu\u00e9s avec du lait de bufflonne 100%, selon une m\u00e9thode familiale traditionnelle.<\/span><\/p>\n<p><strong>T\u00e9l\u00e9phone:\u00a0<\/strong><span data-sheets-root=\"1\">21 994032251 <\/span><\/p>\n<p class=\"p1\"><span class=\"s1\"><b>Instagram :<\/b> <a href=\"https:\/\/www.instagram.com\/lattebuono\" target=\"_blank\" rel=\"noopener\">@<span data-sheets-root=\"1\">@lattebuono<\/span><\/a><\/span><\/p>\n<p class=\"p1\"><span class=\"s1\"><b>T\u00e9l. :<\/b> 35 998599090<br \/><\/span><\/p>\t\t\t\t\t\t\t\t<\/div>\n\t\t\t\t<\/div>\n\t\t\t\t<div class=\"elementor-element elementor-element-3f72ff3 elementor-widget elementor-widget-text-editor\" data-id=\"3f72ff3\" data-element_type=\"widget\" data-e-type=\"widget\" data-widget_type=\"text-editor.default\">\n\t\t\t\t<div class=\"elementor-widget-container\">\n\t\t\t\t\t\t\t\t\t<h2><strong><img loading=\"lazy\" decoding=\"async\" class=\"wp-image-94583 alignright\" src=\"https:\/\/mundialdoqueijodobrasil.com\/wp-content\/uploads\/2026\/02\/LOGO-FAZENDA-LIBERDADE.webp\" alt=\"\" width=\"206\" height=\"151\" srcset=\"https:\/\/mundialdoqueijodobrasil.com\/wp-content\/uploads\/2026\/02\/LOGO-FAZENDA-LIBERDADE.webp 560w, https:\/\/mundialdoqueijodobrasil.com\/wp-content\/uploads\/2026\/02\/LOGO-FAZENDA-LIBERDADE-300x220.webp 300w, https:\/\/mundialdoqueijodobrasil.com\/wp-content\/uploads\/2026\/02\/LOGO-FAZENDA-LIBERDADE-16x12.webp 16w, https:\/\/mundialdoqueijodobrasil.com\/wp-content\/uploads\/2026\/02\/LOGO-FAZENDA-LIBERDADE-500x366.webp 500w\" sizes=\"(max-width: 206px) 100vw, 206px\" \/>Libert\u00e9, Ferme<\/strong><\/h2>\n<p><!-- \/wp:heading --><!-- wp:paragraph --><\/p>\n<p><em>Benedito Novo\/Santa Catarina<\/em><\/p>\n<p><!-- \/wp:paragraph --><!-- wp:image {\"lightbox\":{\"enabled\":false},\"id\":8182,\"sizeSlug\":\"full\",\"linkDestination\":\"custom\",\"align\":\"center\"} --><\/p>\n<p><!-- \/wp:image --><!-- wp:paragraph --><\/p>\n<p><span data-sheets-root=\"1\">Cette fromagerie artisanale, qui transforme le lait de vaches Jersey, accueille les visiteurs et propose des exp\u00e9riences gastronomiques telles que des d\u00e9gustations de fromages affin\u00e9s et des th\u00e9s traditionnels de l&#039;apr\u00e8s-midi.<\/span><\/p>\n<p><!-- \/wp:paragraph --><!-- wp:paragraph --><\/p>\n<p>Instagram : <a href=\"https:\/\/www.instagram.com\/liberdadefazenda\"><span data-sheets-root=\"1\">@liberdadefazenda<\/span><\/a><\/p>\n<p><!-- \/wp:paragraph --><!-- wp:paragraph --><\/p>\n<p>Contact : (47) 9 9181-1350<\/p>\t\t\t\t\t\t\t\t<\/div>\n\t\t\t\t<\/div>\n\t\t\t\t<div class=\"elementor-element elementor-element-e373af7 elementor-widget elementor-widget-text-editor\" data-id=\"e373af7\" data-element_type=\"widget\" data-e-type=\"widget\" data-widget_type=\"text-editor.default\">\n\t\t\t\t<div class=\"elementor-widget-container\">\n\t\t\t\t\t\t\t\t\t<h2><strong><span data-sheets-root=\"1\"><img loading=\"lazy\" decoding=\"async\" class=\"wp-image-94948 alignright\" src=\"https:\/\/mundialdoqueijodobrasil.com\/wp-content\/uploads\/2026\/03\/liric.webp\" alt=\"\" width=\"212\" height=\"67\" srcset=\"https:\/\/mundialdoqueijodobrasil.com\/wp-content\/uploads\/2026\/03\/liric.webp 491w, https:\/\/mundialdoqueijodobrasil.com\/wp-content\/uploads\/2026\/03\/liric-300x95.webp 300w, https:\/\/mundialdoqueijodobrasil.com\/wp-content\/uploads\/2026\/03\/liric-18x6.webp 18w\" sizes=\"(max-width: 212px) 100vw, 212px\" \/>Distillerie Lyric<\/span><br \/><\/strong><\/h2>\n<p><!-- \/wp:heading --><!-- wp:paragraph --><\/p>\n<p><em>Jundia\u00ed \/ SP<\/em><\/p>\n<p><!-- \/wp:paragraph --><!-- wp:image {\"lightbox\":{\"enabled\":false},\"id\":8182,\"sizeSlug\":\"full\",\"linkDestination\":\"custom\",\"align\":\"center\"} --><\/p>\n<p><!-- \/wp:image --><!-- wp:paragraph --><\/p>\n<p><span data-sheets-root=\"1\">Liric, un gin d&#039;exception. Nous vous offrons une exp\u00e9rience sensorielle unique\u00a0; chaque gorg\u00e9e est une v\u00e9ritable \u0153uvre d&#039;art. Nous avons \u00e0 c\u0153ur de transformer les moments du quotidien en c\u00e9l\u00e9brations raffin\u00e9es, pour une symphonie de plaisir et d&#039;exclusivit\u00e9.<\/span><\/p>\n<p><!-- \/wp:paragraph --><!-- wp:paragraph --><\/p>\n<p>Site: <span data-sheets-root=\"1\"><a class=\"in-cell-link\" href=\"http:\/\/www.liric.com.br\" target=\"_blank\" rel=\"noopener\">www.liric.com.br<\/a><\/span><\/p>\n<p><!-- \/wp:paragraph --><!-- wp:paragraph --><\/p>\n<p>Contact: <span data-sheets-root=\"1\">11 996162366<\/span><\/p>\t\t\t\t\t\t\t\t<\/div>\n\t\t\t\t<\/div>\n\t\t\t\t<div class=\"elementor-element elementor-element-912a71b elementor-widget elementor-widget-text-editor\" data-id=\"912a71b\" data-element_type=\"widget\" data-e-type=\"widget\" data-widget_type=\"text-editor.default\">\n\t\t\t\t<div class=\"elementor-widget-container\">\n\t\t\t\t\t\t\t\t\t<h2><strong><span data-sheets-root=\"1\">Mato Grosso, <\/span><\/strong><strong><span data-sheets-root=\"1\">Sebrae <\/span><\/strong><\/h2>\n<p><!-- \/wp:heading --><!-- wp:paragraph --><\/p>\n<p><!-- \/wp:paragraph --><!-- wp:image {\"lightbox\":{\"enabled\":false},\"id\":8182,\"sizeSlug\":\"full\",\"linkDestination\":\"custom\",\"align\":\"center\"} --><\/p>\n<p><!-- \/wp:image --><!-- wp:paragraph --><\/p>\n<p class=\"p1\">Sebrae invite les producteurs de fromages artisanaux de l&#039;\u00c9tat \u00e0 pr\u00e9senter et \u00e0 vendre leurs fromages.<\/p>\t\t\t\t\t\t\t\t<\/div>\n\t\t\t\t<\/div>\n\t\t\t\t<div class=\"elementor-element elementor-element-461b61e elementor-widget elementor-widget-text-editor\" data-id=\"461b61e\" data-element_type=\"widget\" data-e-type=\"widget\" data-widget_type=\"text-editor.default\">\n\t\t\t\t<div class=\"elementor-widget-container\">\n\t\t\t\t\t\t\t\t\t<h2><strong><img loading=\"lazy\" decoding=\"async\" class=\"wp-image-94590 alignright\" src=\"https:\/\/mundialdoqueijodobrasil.com\/wp-content\/uploads\/2026\/02\/logo-maranata.webp\" alt=\"\" width=\"186\" height=\"191\" srcset=\"https:\/\/mundialdoqueijodobrasil.com\/wp-content\/uploads\/2026\/02\/logo-maranata.webp 1260w, https:\/\/mundialdoqueijodobrasil.com\/wp-content\/uploads\/2026\/02\/logo-maranata-291x300.webp 291w, https:\/\/mundialdoqueijodobrasil.com\/wp-content\/uploads\/2026\/02\/logo-maranata-994x1024.webp 994w, https:\/\/mundialdoqueijodobrasil.com\/wp-content\/uploads\/2026\/02\/logo-maranata-768x791.webp 768w, https:\/\/mundialdoqueijodobrasil.com\/wp-content\/uploads\/2026\/02\/logo-maranata-12x12.webp 12w, https:\/\/mundialdoqueijodobrasil.com\/wp-content\/uploads\/2026\/02\/logo-maranata-500x515.webp 500w, https:\/\/mundialdoqueijodobrasil.com\/wp-content\/uploads\/2026\/02\/logo-maranata-700x721.webp 700w\" sizes=\"(max-width: 186px) 100vw, 186px\" \/>Maranata, Rancho<\/strong><\/h2>\n<p><!-- \/wp:heading --><!-- wp:paragraph --><\/p>\n<p>Virginie | MG<\/p>\n<p><!-- \/wp:paragraph --><!-- wp:image {\"lightbox\":{\"enabled\":false},\"id\":8182,\"sizeSlug\":\"full\",\"linkDestination\":\"custom\",\"align\":\"center\"} --><\/p>\n<p><!-- \/wp:image --><!-- wp:paragraph --><\/p>\n<p><span data-sheets-root=\"1\">La fromagerie Rancho Maranata est situ\u00e9e du c\u00f4t\u00e9 Minas Gerais de la Serra da Mantiqueira, o\u00f9 Henrique Lamin, le fromager, a pass\u00e9 son enfance. En 2017, apr\u00e8s des \u00e9tudes et un s\u00e9jour \u00e0 l&#039;\u00e9tranger, il a d\u00e9cid\u00e9 de revenir \u00e0 ses racines, lui, petit-fils de producteur laitier et fils de fromager.<br \/>La production de fromage utilise exclusivement du lait provenant de notre propre ferme, du lait de type A2A2 issu de vaches Jersey.<br \/>Le processus d&#039;affinage est long et se fait exclusivement avec du lait cru. Ils fournissent des fromages et des confiseries dans tout le Br\u00e9sil.<br \/><\/span><\/p>\n<p><!-- \/wp:paragraph --><!-- wp:paragraph --><\/p>\n<p>Instagram : <a href=\"https:\/\/www.instagram.com\/rancho_maranata\">@rancho_maranata<\/a><\/p>\n<p><!-- \/wp:paragraph --><!-- wp:paragraph --><\/p>\n<p>Contact: <span data-sheets-root=\"1\">35 998092807 <\/span><\/p>\t\t\t\t\t\t\t\t<\/div>\n\t\t\t\t<\/div>\n\t\t\t\t<div class=\"elementor-element elementor-element-e67d9a6 elementor-widget elementor-widget-text-editor\" data-id=\"e67d9a6\" data-element_type=\"widget\" data-e-type=\"widget\" data-widget_type=\"text-editor.default\">\n\t\t\t\t<div class=\"elementor-widget-container\">\n\t\t\t\t\t\t\t\t\t<h2><strong><img loading=\"lazy\" decoding=\"async\" class=\"wp-image-95959 alignright\" src=\"https:\/\/mundialdoqueijodobrasil.com\/wp-content\/uploads\/2026\/04\/Artboard-6logo-Latici\u0301nio-Marque\u0302s-de-Valenc\u0327a.webp\" alt=\"\" width=\"179\" height=\"179\" srcset=\"https:\/\/mundialdoqueijodobrasil.com\/wp-content\/uploads\/2026\/04\/Artboard-6logo-Latici\u0301nio-Marque\u0302s-de-Valenc\u0327a.webp 500w, https:\/\/mundialdoqueijodobrasil.com\/wp-content\/uploads\/2026\/04\/Artboard-6logo-Latici\u0301nio-Marque\u0302s-de-Valenc\u0327a-300x300.webp 300w, https:\/\/mundialdoqueijodobrasil.com\/wp-content\/uploads\/2026\/04\/Artboard-6logo-Latici\u0301nio-Marque\u0302s-de-Valenc\u0327a-150x150.webp 150w, https:\/\/mundialdoqueijodobrasil.com\/wp-content\/uploads\/2026\/04\/Artboard-6logo-Latici\u0301nio-Marque\u0302s-de-Valenc\u0327a-12x12.webp 12w, https:\/\/mundialdoqueijodobrasil.com\/wp-content\/uploads\/2026\/04\/Artboard-6logo-Latici\u0301nio-Marque\u0302s-de-Valenc\u0327a-100x100.webp 100w\" sizes=\"(max-width: 179px) 100vw, 179px\" \/>Marquis de Valen\u00e7a, Laiterie<\/strong><\/h2>\n<p><!-- \/wp:heading --><!-- wp:paragraph --><\/p>\n<p>Valence | RJ<\/p>\n<p><!-- \/wp:paragraph --><!-- wp:image {\"lightbox\":{\"enabled\":false},\"id\":8182,\"sizeSlug\":\"full\",\"linkDestination\":\"custom\",\"align\":\"center\"} --><\/p>\n<p><!-- \/wp:image --><!-- wp:paragraph --><\/p>\n<p><span data-sheets-root=\"1\">Pr\u00e9sente dans le secteur laitier depuis plus de 30 ans, gr\u00e2ce \u00e0 la pers\u00e9v\u00e9rance et au d\u00e9vouement de la famille, l&#039;entreprise a remport\u00e9 de nombreux prix. La marque a d\u00e9but\u00e9 en s&#039;imposant gr\u00e2ce \u00e0 son c\u00e9l\u00e8bre fromage frais et a \u00e9volu\u00e9 avec une structure plus importante et plus moderne, tout en \u00e9largissant sa gamme de produits. <br \/>Investir dans l&#039;innovation durable.<br \/><\/span><\/p>\n<p><!-- \/wp:paragraph --><!-- wp:paragraph --><\/p>\n<p>Contact: <span data-sheets-root=\"1\">2498881-1715<\/span><\/p>\n<p>Instagram : <a href=\"https:\/\/www.instagram.com\/rancho_maranata\">@<span data-sheets-root=\"1\">marquesdevalenca.laticio<\/span><\/a><\/p>\n<p><!-- \/wp:paragraph --><!-- wp:paragraph --><\/p>\n<p>Contact: <span data-sheets-root=\"1\">35 998092807 <\/span><\/p>\t\t\t\t\t\t\t\t<\/div>\n\t\t\t\t<\/div>\n\t\t\t\t<div class=\"elementor-element elementor-element-b32ef6c elementor-widget elementor-widget-text-editor\" data-id=\"b32ef6c\" data-element_type=\"widget\" data-e-type=\"widget\" data-widget_type=\"text-editor.default\">\n\t\t\t\t<div class=\"elementor-widget-container\">\n\t\t\t\t\t\t\t\t\t<h2><strong><a href=\"https:\/\/www.instagram.com\/mbeemel?igsh=MTJ0NW9hdmVtc3MyNw==\"><img decoding=\"async\" class=\"alignright\" style=\"width: 320px; height: auto;\" src=\"https:\/\/mundialdoqueijodobrasil.com\/wp-content\/uploads\/2024\/03\/mbee_terroir_preto-1024x422.webp\" alt=\"\" \/><\/a>Mbee Mel<\/strong><\/h2>\n<p><!-- \/wp:heading --><!-- wp:paragraph --><\/p>\n<p>Atibaia | SP\u00a0<\/p>\n<p><!-- \/wp:paragraph --><!-- wp:image {\"lightbox\":{\"enabled\":false},\"id\":9494,\"width\":\"320px\",\"height\":\"auto\",\"sizeSlug\":\"large\",\"linkDestination\":\"custom\",\"align\":\"center\"} --><\/p>\n<p><!-- \/wp:image --><!-- wp:paragraph --><\/p>\n<p>La mission de Mbee Mel de Terroir est de red\u00e9finir l&#039;utilisation du miel sur le march\u00e9 br\u00e9silien, en multipliant les occasions de consommation de miel dans la vie quotidienne et en haute cuisine.\u00a0<\/p>\n<p><!-- \/wp:paragraph --><!-- wp:paragraph --><\/p>\n<p>Eug\u00eanio et M\u00e1rcia Basile, fondateurs de la marque \u00e0 la Fazenda Itaic\u00e1, se sp\u00e9cialisent dans les abeilles sans dard br\u00e9siliennes, essentielles \u00e0 nos \u00e9cosyst\u00e8mes. Ils travaillent avec 15 miels indig\u00e8nes et des miels d&#039;abeilles du genre Apis.<\/p>\n<p><!-- \/wp:paragraph --><!-- wp:paragraph --><\/p>\n<p>Contact : (11) 97230-1642<br \/>Site web : lojambee.com.br<br \/>Instagram : <a href=\"https:\/\/www.instagram.com\/mbeemel\">@mbeemel<\/a><\/p>\t\t\t\t\t\t\t\t<\/div>\n\t\t\t\t<\/div>\n\t\t\t\t<div class=\"elementor-element elementor-element-b87d66a elementor-widget elementor-widget-text-editor\" data-id=\"b87d66a\" data-element_type=\"widget\" data-e-type=\"widget\" data-widget_type=\"text-editor.default\">\n\t\t\t\t<div class=\"elementor-widget-container\">\n\t\t\t\t\t\t\t\t\t<h2><strong><img loading=\"lazy\" decoding=\"async\" class=\"wp-image-94591 alignright\" src=\"https:\/\/mundialdoqueijodobrasil.com\/wp-content\/uploads\/2026\/02\/fundobranco_-_1_-Me-Lambuzei.webp\" alt=\"\" width=\"200\" height=\"200\" srcset=\"https:\/\/mundialdoqueijodobrasil.com\/wp-content\/uploads\/2026\/02\/fundobranco_-_1_-Me-Lambuzei.webp 1182w, https:\/\/mundialdoqueijodobrasil.com\/wp-content\/uploads\/2026\/02\/fundobranco_-_1_-Me-Lambuzei-300x300.webp 300w, https:\/\/mundialdoqueijodobrasil.com\/wp-content\/uploads\/2026\/02\/fundobranco_-_1_-Me-Lambuzei-1024x1024.webp 1024w, https:\/\/mundialdoqueijodobrasil.com\/wp-content\/uploads\/2026\/02\/fundobranco_-_1_-Me-Lambuzei-150x150.webp 150w, https:\/\/mundialdoqueijodobrasil.com\/wp-content\/uploads\/2026\/02\/fundobranco_-_1_-Me-Lambuzei-768x768.webp 768w, https:\/\/mundialdoqueijodobrasil.com\/wp-content\/uploads\/2026\/02\/fundobranco_-_1_-Me-Lambuzei-12x12.webp 12w, https:\/\/mundialdoqueijodobrasil.com\/wp-content\/uploads\/2026\/02\/fundobranco_-_1_-Me-Lambuzei-500x500.webp 500w, https:\/\/mundialdoqueijodobrasil.com\/wp-content\/uploads\/2026\/02\/fundobranco_-_1_-Me-Lambuzei-700x700.webp 700w, https:\/\/mundialdoqueijodobrasil.com\/wp-content\/uploads\/2026\/02\/fundobranco_-_1_-Me-Lambuzei-100x100.webp 100w\" sizes=\"(max-width: 200px) 100vw, 200px\" \/>Je me suis tout sali.<\/strong><\/h2>\n<p><!-- \/wp:heading --><!-- wp:paragraph --><\/p>\n<p>S\u00e3o Louren\u00e7o | MG\u00a0<\/p>\n<p><!-- \/wp:paragraph --><!-- wp:image {\"lightbox\":{\"enabled\":false},\"id\":9494,\"width\":\"320px\",\"height\":\"auto\",\"sizeSlug\":\"large\",\"linkDestination\":\"custom\",\"align\":\"center\"} --><\/p>\n<p><!-- \/wp:image --><!-- wp:paragraph --><\/p>\n<p><span data-sheets-root=\"1\">Me Lambuzei est une marque artisanale qui transforme des fruits s\u00e9lectionn\u00e9s en confitures savoureuses, pr\u00e9par\u00e9es avec amour et authenticit\u00e9. Chaque recette est \u00e9labor\u00e9e avec soin, des ingr\u00e9dients de qualit\u00e9 et une touche artisanale, pour vous offrir le simple plaisir de savourer un d\u00e9lice authentique.<\/span><\/p>\n<p><!-- \/wp:paragraph --><!-- wp:paragraph --><\/p>\n<p>Contact: <span data-sheets-root=\"1\">35997218057 \/ 35997038871<\/span><br \/>\u00a0Instagram : <a href=\"https:\/\/www.instagram.com\/me_lambuzei\">@me_lambuzei<\/a><\/p>\t\t\t\t\t\t\t\t<\/div>\n\t\t\t\t<\/div>\n\t\t\t\t<div class=\"elementor-element elementor-element-f57d53b elementor-widget elementor-widget-text-editor\" data-id=\"f57d53b\" data-element_type=\"widget\" data-e-type=\"widget\" data-widget_type=\"text-editor.default\">\n\t\t\t\t<div class=\"elementor-widget-container\">\n\t\t\t\t\t\t\t\t\t<h2><strong><img loading=\"lazy\" decoding=\"async\" class=\"wp-image-94600 alignright\" src=\"https:\/\/mundialdoqueijodobrasil.com\/wp-content\/uploads\/2026\/02\/IMG-20251203-WA0023-PottoP-produtos-artesanais.webp\" alt=\"\" width=\"211\" height=\"211\" srcset=\"https:\/\/mundialdoqueijodobrasil.com\/wp-content\/uploads\/2026\/02\/IMG-20251203-WA0023-PottoP-produtos-artesanais.webp 1600w, https:\/\/mundialdoqueijodobrasil.com\/wp-content\/uploads\/2026\/02\/IMG-20251203-WA0023-PottoP-produtos-artesanais-300x300.webp 300w, https:\/\/mundialdoqueijodobrasil.com\/wp-content\/uploads\/2026\/02\/IMG-20251203-WA0023-PottoP-produtos-artesanais-1024x1024.webp 1024w, https:\/\/mundialdoqueijodobrasil.com\/wp-content\/uploads\/2026\/02\/IMG-20251203-WA0023-PottoP-produtos-artesanais-150x150.webp 150w, https:\/\/mundialdoqueijodobrasil.com\/wp-content\/uploads\/2026\/02\/IMG-20251203-WA0023-PottoP-produtos-artesanais-768x768.webp 768w, https:\/\/mundialdoqueijodobrasil.com\/wp-content\/uploads\/2026\/02\/IMG-20251203-WA0023-PottoP-produtos-artesanais-1536x1536.webp 1536w, https:\/\/mundialdoqueijodobrasil.com\/wp-content\/uploads\/2026\/02\/IMG-20251203-WA0023-PottoP-produtos-artesanais-12x12.webp 12w, https:\/\/mundialdoqueijodobrasil.com\/wp-content\/uploads\/2026\/02\/IMG-20251203-WA0023-PottoP-produtos-artesanais-500x500.webp 500w, https:\/\/mundialdoqueijodobrasil.com\/wp-content\/uploads\/2026\/02\/IMG-20251203-WA0023-PottoP-produtos-artesanais-700x700.webp 700w, https:\/\/mundialdoqueijodobrasil.com\/wp-content\/uploads\/2026\/02\/IMG-20251203-WA0023-PottoP-produtos-artesanais-100x100.webp 100w\" sizes=\"(max-width: 211px) 100vw, 211px\" \/>Le dessus de ma casserole<\/strong><\/h2>\n<p><!-- \/wp:heading --><!-- wp:paragraph --><\/p>\n<p><!-- \/wp:paragraph --><!-- wp:image {\"lightbox\":{\"enabled\":false},\"id\":9494,\"width\":\"320px\",\"height\":\"auto\",\"sizeSlug\":\"large\",\"linkDestination\":\"custom\",\"align\":\"center\"} --><\/p>\n<p><!-- \/wp:image --><!-- wp:paragraph --><\/p>\n<p><em>Guarulhos | SP<\/em><\/p>\n<p><span data-sheets-root=\"1\">Antipasti et confitures maison, pr\u00e9par\u00e9s avec amour et sans conservateurs. Ils accompagnent \u00e0 merveille fromages, pains, vins, et bien plus encore.<\/span><\/p>\n<p><!-- \/wp:paragraph --><!-- wp:paragraph --><\/p>\n<p>Contact: <span data-sheets-root=\"1\">35997218057 \/ 35997038871<\/span><br \/>\u00a0Instagram : <a href=\"https:\/\/www.instagram.com\/meupot.top\">@meupot.top<\/a><\/p>\t\t\t\t\t\t\t\t<\/div>\n\t\t\t\t<\/div>\n\t\t\t\t<div class=\"elementor-element elementor-element-75515d7 elementor-widget elementor-widget-text-editor\" data-id=\"75515d7\" data-element_type=\"widget\" data-e-type=\"widget\" data-widget_type=\"text-editor.default\">\n\t\t\t\t<div class=\"elementor-widget-container\">\n\t\t\t\t\t\t\t\t\t<h2><strong>Minas Gerais, Sebrae<\/strong><\/h2>\n<p><!-- \/wp:heading --><!-- wp:paragraph --><\/p>\n<p><!-- \/wp:paragraph --><!-- wp:image {\"lightbox\":{\"enabled\":false},\"id\":9494,\"width\":\"320px\",\"height\":\"auto\",\"sizeSlug\":\"large\",\"linkDestination\":\"custom\",\"align\":\"center\"} --><\/p>\n<p><!-- \/wp:image --><!-- wp:paragraph --><\/p>\n<p>Sebrae invite les producteurs de fromages artisanaux de l&#039;\u00c9tat \u00e0 pr\u00e9senter et \u00e0 vendre leurs fromages.<\/p>\t\t\t\t\t\t\t\t<\/div>\n\t\t\t\t<\/div>\n\t\t\t\t<div class=\"elementor-element elementor-element-0c02695 elementor-widget elementor-widget-text-editor\" data-id=\"0c02695\" data-element_type=\"widget\" data-e-type=\"widget\" data-widget_type=\"text-editor.default\">\n\t\t\t\t<div class=\"elementor-widget-container\">\n\t\t\t\t\t\t\t\t\t<h2><strong><span data-sheets-root=\"1\"><img loading=\"lazy\" decoding=\"async\" class=\"wp-image-94943 alignright\" src=\"https:\/\/mundialdoqueijodobrasil.com\/wp-content\/uploads\/2026\/03\/mocacaseira.webp\" alt=\"\" width=\"235\" height=\"68\" srcset=\"https:\/\/mundialdoqueijodobrasil.com\/wp-content\/uploads\/2026\/03\/mocacaseira.webp 500w, https:\/\/mundialdoqueijodobrasil.com\/wp-content\/uploads\/2026\/03\/mocacaseira-300x88.webp 300w, https:\/\/mundialdoqueijodobrasil.com\/wp-content\/uploads\/2026\/03\/mocacaseira-18x5.webp 18w\" sizes=\"(max-width: 235px) 100vw, 235px\" \/>M\u00e9nag\u00e8re<\/span><br \/><\/strong><\/h2>\n<p>Campinas | SP<\/p>\n<p><!-- \/wp:heading --><!-- wp:paragraph --><\/p>\n<p><!-- \/wp:paragraph --><!-- wp:image {\"lightbox\":{\"enabled\":false},\"id\":9494,\"width\":\"320px\",\"height\":\"auto\",\"sizeSlug\":\"large\",\"linkDestination\":\"custom\",\"align\":\"center\"} --><\/p>\n<p><!-- \/wp:image --><!-- wp:paragraph --><\/p>\n<p><span data-sheets-root=\"1\">Antipastos et confitures maison pr\u00e9par\u00e9s avec des fruits s\u00e9lectionn\u00e9s.<br \/>Sans colorants artificiels, sans conservateurs artificiels, sans ar\u00f4mes artificiels, sans pectine en poudre ajout\u00e9e.<br \/>De cette mani\u00e8re, nous pr\u00e9servons la saveur, la couleur et la consistance d&#039;une confiture de premi\u00e8re qualit\u00e9.<br \/>Nos antipasti sont pr\u00e9par\u00e9s artisanalement avec un m\u00e9lange d&#039;\u00e9pices qui rehausse les saveurs, \u00e0 partir d&#039;ingr\u00e9dients frais soigneusement s\u00e9lectionn\u00e9s. Chaque bocal est une ode au go\u00fbt authentique, \u00e9labor\u00e9e avec amour pour votre table.<br \/><\/span><\/p>\n<p><!-- \/wp:paragraph --><!-- wp:paragraph --><\/p>\n<p>Contact : (19)991352663 et (19)991798333<br \/>\u00a0Instagram : <a href=\"https:\/\/www.instagram.com\/moca_caseira\">@moca_caseira<\/a><\/p>\t\t\t\t\t\t\t\t<\/div>\n\t\t\t\t<\/div>\n\t\t\t\t<div class=\"elementor-element elementor-element-51088e2 elementor-widget elementor-widget-text-editor\" data-id=\"51088e2\" data-element_type=\"widget\" data-e-type=\"widget\" data-widget_type=\"text-editor.default\">\n\t\t\t\t<div class=\"elementor-widget-container\">\n\t\t\t\t\t\t\t\t\t<h2><strong><span data-sheets-root=\"1\"><img loading=\"lazy\" decoding=\"async\" class=\"wp-image-94953 alignright\" src=\"https:\/\/mundialdoqueijodobrasil.com\/wp-content\/uploads\/2026\/03\/nacon.webp\" alt=\"\" width=\"185\" height=\"123\" srcset=\"https:\/\/mundialdoqueijodobrasil.com\/wp-content\/uploads\/2026\/03\/nacon.webp 704w, https:\/\/mundialdoqueijodobrasil.com\/wp-content\/uploads\/2026\/03\/nacon-300x199.webp 300w, https:\/\/mundialdoqueijodobrasil.com\/wp-content\/uploads\/2026\/03\/nacon-18x12.webp 18w, https:\/\/mundialdoqueijodobrasil.com\/wp-content\/uploads\/2026\/03\/nacon-500x332.webp 500w, https:\/\/mundialdoqueijodobrasil.com\/wp-content\/uploads\/2026\/03\/nacon-700x464.webp 700w\" sizes=\"(max-width: 185px) 100vw, 185px\" \/>Nacon, distributeur de fromages fins<\/span><br \/><\/strong><\/h2>\n<p>Araraquara | SP<\/p>\n<p><!-- \/wp:heading --><!-- wp:paragraph --><\/p>\n<p><!-- \/wp:paragraph --><!-- wp:image {\"lightbox\":{\"enabled\":false},\"id\":9494,\"width\":\"320px\",\"height\":\"auto\",\"sizeSlug\":\"large\",\"linkDestination\":\"custom\",\"align\":\"center\"} --><\/p>\n<p><!-- \/wp:image --><!-- wp:paragraph --><\/p>\n<p><span data-sheets-root=\"1\">Nacon est une marque laiti\u00e8re ax\u00e9e sur la production et la commercialisation de produits de haute qualit\u00e9.<\/span><\/p>\n<p><!-- \/wp:paragraph --><!-- wp:paragraph --><\/p>\n<p>Site: <span data-sheets-root=\"1\"><a href=\"http:\/\/www.naconlacteos.com br\" target=\"_blank\" rel=\"noopener\" data-wplink-url-error=\"true\">www.naconlacteos.com.br<\/a> <br \/>Instagram : <a href=\"https:\/\/www.instagram.com\/nacon_lacteos\">@nacon_lact\u00e9os<\/a><\/span><\/p>\n<p>Contact: <span data-sheets-root=\"1\">16 99155-9011<\/span><\/p>\t\t\t\t\t\t\t\t<\/div>\n\t\t\t\t<\/div>\n\t\t\t\t<div class=\"elementor-element elementor-element-667e90e elementor-widget elementor-widget-text-editor\" data-id=\"667e90e\" data-element_type=\"widget\" data-e-type=\"widget\" data-widget_type=\"text-editor.default\">\n\t\t\t\t<div class=\"elementor-widget-container\">\n\t\t\t\t\t\t\t\t\t<h2><strong>Para\u00edba, Sebrae<\/strong><\/h2>\n<p><!-- \/wp:heading --><!-- wp:paragraph --><\/p>\n<p><!-- \/wp:paragraph --><!-- wp:image {\"lightbox\":{\"enabled\":false},\"id\":9494,\"width\":\"320px\",\"height\":\"auto\",\"sizeSlug\":\"large\",\"linkDestination\":\"custom\",\"align\":\"center\"} --><\/p>\n<p><!-- \/wp:image --><!-- wp:paragraph --><\/p>\n<p>Sebrae Paraiba invite les producteurs suivants : Queijaria Fazenda Coruja, de la ville de Barra de S\u00e3o Miguel ; Latic\u00ednio Agubel, de Sum\u00e9 ; Capribom, de Monteiro ; Capribov, de Cabaceiras ; Coopervale, d&#039;Itabaiana ; Agro Maracaja, de Soledade ; Capril Encanto da Macambira, de S\u00e3o Jo\u00e3o do Cariri ; et Catoleite, de Catol\u00e9 do Rocha.<\/p>\t\t\t\t\t\t\t\t<\/div>\n\t\t\t\t<\/div>\n\t\t\t\t<div class=\"elementor-element elementor-element-90b3182 elementor-widget elementor-widget-text-editor\" data-id=\"90b3182\" data-element_type=\"widget\" data-e-type=\"widget\" data-widget_type=\"text-editor.default\">\n\t\t\t\t<div class=\"elementor-widget-container\">\n\t\t\t\t\t\t\t\t\t<h2><strong><a href=\"https:\/\/www.instagram.com\/pardinhoartesanal?igsh=MWNid292a29rcHgwNA==\"><img decoding=\"async\" class=\"alignright\" style=\"width: 227px; height: 229px;\" src=\"https:\/\/mundialdoqueijodobrasil.com\/wp-content\/uploads\/2024\/02\/IMG-20240220-WA0397.webp\" alt=\"\" \/><\/a>Pardinho Artesanal<\/strong><\/h2>\n<p><!-- \/wp:heading --><!-- wp:paragraph --><\/p>\n<p><em>Pardinho | SP\u00a0<\/em><\/p>\n<p><!-- \/wp:paragraph --><!-- wp:image {\"lightbox\":{\"enabled\":false},\"id\":8287,\"width\":\"325px\",\"height\":\"auto\",\"sizeSlug\":\"full\",\"linkDestination\":\"custom\",\"align\":\"center\"} --><\/p>\n<p><!-- \/wp:image --><!-- wp:paragraph --><\/p>\n<p>Dans l&#039;ouest de l&#039;\u00c9tat de S\u00e3o Paulo, Pardinho Artesanal est une fromagerie artisanale qui produit d&#039;excellents fromages br\u00e9siliens. De la production de son propre lait, gr\u00e2ce \u00e0 une gestion exemplaire de ses vaches Gir et Girsey et \u00e0 une priorit\u00e9 accord\u00e9e au bien-\u00eatre animal, \u00e0 la fabrication de fromages artisanaux selon une approche novatrice fond\u00e9e sur la richesse et la complexit\u00e9 du savoir-faire manuel, Pardinho jouit d&#039;une reconnaissance nationale et internationale importante pour son projet unique, naturel et durable. T\u00e9l.\u00a0: (11) 99508-9622\u00a0<\/p>\n<p><!-- \/wp:paragraph --><!-- wp:paragraph --><\/p>\n<p>Site web : pardinhoartesanal.com.br\u00a0<\/p>\n<p><!-- \/wp:paragraph --><!-- wp:paragraph --><\/p>\n<p>Instagram : <a href=\"https:\/\/www.instagram.com\/pardinhoartesanal\">@pardinhoartesanal<\/a><\/p>\t\t\t\t\t\t\t\t<\/div>\n\t\t\t\t<\/div>\n\t\t\t\t<div class=\"elementor-element elementor-element-2d5b1fb elementor-widget elementor-widget-text-editor\" data-id=\"2d5b1fb\" data-element_type=\"widget\" data-e-type=\"widget\" data-widget_type=\"text-editor.default\">\n\t\t\t\t<div class=\"elementor-widget-container\">\n\t\t\t\t\t\t\t\t\t<h2>Pyr\u00e9n\u00e9es, Charcuterie<\/h2>\n<p><!-- \/wp:heading --><!-- wp:paragraph --><\/p>\n<p><em>S\u00e3o Paulo | SP\u00a0<\/em><\/p>\n<p><!-- \/wp:paragraph --><!-- wp:image {\"lightbox\":{\"enabled\":false},\"id\":8287,\"width\":\"325px\",\"height\":\"auto\",\"sizeSlug\":\"full\",\"linkDestination\":\"custom\",\"align\":\"center\"} --><\/p>\n<p><!-- \/wp:image --><!-- wp:paragraph --><\/p>\n<p class=\"p1\"><span class=\"s1\">Depuis plus de 50 ans, Pirineus perp\u00e9tue la tradition de la charcuterie artisanale. Tout a commenc\u00e9 avec le Catalan Jos\u00e9 Ribas, qui, dans les ann\u00e9es 1950, a ouvert sa petite production de charcuterie \u00e0 Lapa. Aujourd&#039;hui, N\u00e1dia et Raul, les enfants de Ribas, repr\u00e9sentent la troisi\u00e8me g\u00e9n\u00e9ration \u00e0 la t\u00eate de l&#039;entreprise, d\u00e9termin\u00e9e \u00e0 faire vivre les valeurs insuffl\u00e9es par les fondateurs\u00a0: l&#039;\u201c\u00a0Hispanidad\u00a0\u201d (l&#039;identit\u00e9 hispanique) de leur terre natale. <\/span><\/p>\n<p class=\"p1\"><span class=\"s1\"><b>T\u00e9l. :<\/b> 11 989713719 <b>Site: <\/b>pirineus.com.br<\/span><\/p>\n<p class=\"p1\"><span class=\"s1\"> <b>Instagram :<\/b> <a href=\"https:\/\/www.instagram.com\/pirineusbr\" target=\"_blank\" rel=\"noopener\">@pirineusbr<\/a><\/span><\/p>\t\t\t\t\t\t\t\t<\/div>\n\t\t\t\t<\/div>\n\t\t\t\t<div class=\"elementor-element elementor-element-6a20a6f elementor-widget elementor-widget-text-editor\" data-id=\"6a20a6f\" data-element_type=\"widget\" data-e-type=\"widget\" data-widget_type=\"text-editor.default\">\n\t\t\t\t<div class=\"elementor-widget-container\">\n\t\t\t\t\t\t\t\t\t<h2>Quata, produits laitiers\u00a0<\/h2>\n<p><!-- \/wp:heading --><!-- wp:paragraph --><\/p>\n<p><em>S\u00e3o Paulo | SP\u00a0<\/em><\/p>\n<p><!-- \/wp:paragraph --><!-- wp:image {\"lightbox\":{\"enabled\":false},\"id\":8287,\"width\":\"325px\",\"height\":\"auto\",\"sizeSlug\":\"full\",\"linkDestination\":\"custom\",\"align\":\"center\"} --><\/p>\n<p><!-- \/wp:image --><!-- wp:paragraph --><\/p>\n<p>Depuis 1990, Quat\u00e1 fabrique et commercialise des fromages et des produits laitiers. .<\/p>\n<p class=\"p1\"><span class=\"s1\"><strong>Site: <\/strong><a href=\"https:\/\/www.quataalimentos.com.br\/\" target=\"_blank\" rel=\"noopener\">quataalimentos.com.br\/<\/a><br \/><b>Instagram :<\/b> <a href=\"https:\/\/www.instagram.com\/quataalimentos\/\" target=\"_blank\" rel=\"noopener\">@quataalimentos<\/a><\/span><\/p>\t\t\t\t\t\t\t\t<\/div>\n\t\t\t\t<\/div>\n\t\t\t\t<div class=\"elementor-element elementor-element-e9c65ef elementor-widget elementor-widget-text-editor\" data-id=\"e9c65ef\" data-element_type=\"widget\" data-e-type=\"widget\" data-widget_type=\"text-editor.default\">\n\t\t\t\t<div class=\"elementor-widget-container\">\n\t\t\t\t\t\t\t\t\t<h2><strong><img loading=\"lazy\" decoding=\"async\" class=\"wp-image-95030 alignright\" src=\"https:\/\/mundialdoqueijodobrasil.com\/wp-content\/uploads\/2026\/03\/ranchodasvertentes.webp\" alt=\"\" width=\"230\" height=\"226\" srcset=\"https:\/\/mundialdoqueijodobrasil.com\/wp-content\/uploads\/2026\/03\/ranchodasvertentes.webp 509w, https:\/\/mundialdoqueijodobrasil.com\/wp-content\/uploads\/2026\/03\/ranchodasvertentes-300x295.webp 300w, https:\/\/mundialdoqueijodobrasil.com\/wp-content\/uploads\/2026\/03\/ranchodasvertentes-12x12.webp 12w, https:\/\/mundialdoqueijodobrasil.com\/wp-content\/uploads\/2026\/03\/ranchodasvertentes-500x491.webp 500w\" sizes=\"(max-width: 230px) 100vw, 230px\" \/>Rancho das Vertentes, ferme de ch\u00e8vres et fromagerie<\/strong><\/h2>\n<p><!-- \/wp:heading --><!-- wp:paragraph --><\/p>\n<p><em>Barbacena | MG<\/em><\/p>\n<p><!-- \/wp:paragraph --><!-- wp:image {\"lightbox\":{\"enabled\":false},\"id\":9338,\"width\":\"384px\",\"height\":\"auto\",\"sizeSlug\":\"large\",\"linkDestination\":\"custom\",\"align\":\"center\"} --><\/p>\n<p><!-- \/wp:image --><!-- wp:paragraph --><\/p>\n<p class=\"ds-markdown-paragraph\">O\u00a0<strong>Capril et fromagerie Rancho das Vertentes<\/strong> Elle fabrique d&#039;excellents fromages depuis <strong>2015<\/strong>. <strong>Edson et Sandra Canton Cardoso sont<\/strong> Reconnue pour son excellence, elle utilise exclusivement le lait de sa propre ferme.<\/p>\n<p class=\"ds-markdown-paragraph\">La fromagerie est reconnue \u00e0 l&#039;\u00e9chelle nationale et internationale pour son esprit pionnier et la qualit\u00e9 de ses produits.\u00a0<\/p>\n<p>T\u00e9l\u00e9phone : (21) 97222-5613<\/p>\n<p><a href=\"https:\/\/www.ranchodasvertentes.com.br\/\">www.ranchodasvertentes.com.br<\/a><\/p>\n<p><!-- \/wp:paragraph --><!-- wp:paragraph --><\/p>\n<p>Instagram : <a href=\"https:\/\/www.instagram.com\/ranchodasvertentes\/\">@ranchodasvertentes<\/a><\/p>\t\t\t\t\t\t\t\t<\/div>\n\t\t\t\t<\/div>\n\t\t\t\t<div class=\"elementor-element elementor-element-f16c380 elementor-widget elementor-widget-text-editor\" data-id=\"f16c380\" data-element_type=\"widget\" data-e-type=\"widget\" data-widget_type=\"text-editor.default\">\n\t\t\t\t<div class=\"elementor-widget-container\">\n\t\t\t\t\t\t\t\t\t<h2><strong><img loading=\"lazy\" decoding=\"async\" class=\"size-full wp-image-94584 alignright\" src=\"https:\/\/mundialdoqueijodobrasil.com\/wp-content\/uploads\/2026\/02\/Logo-Thamar-e-Aldo-Costa.webp\" alt=\"\" width=\"275\" height=\"183\" srcset=\"https:\/\/mundialdoqueijodobrasil.com\/wp-content\/uploads\/2026\/02\/Logo-Thamar-e-Aldo-Costa.webp 275w, https:\/\/mundialdoqueijodobrasil.com\/wp-content\/uploads\/2026\/02\/Logo-Thamar-e-Aldo-Costa-18x12.webp 18w\" sizes=\"(max-width: 275px) 100vw, 275px\" \/>\u00c9pices et ar\u00f4mes RC<\/strong><\/h2>\n<p><!-- \/wp:heading --><!-- wp:paragraph --><\/p>\n<p><em>S\u00e3o Paulo | SP<\/em><\/p>\n<p><!-- \/wp:paragraph --><!-- wp:image {\"lightbox\":{\"enabled\":false},\"id\":9338,\"width\":\"384px\",\"height\":\"auto\",\"sizeSlug\":\"large\",\"linkDestination\":\"custom\",\"align\":\"center\"} --><\/p>\n<p><!-- \/wp:image --><!-- wp:paragraph --><\/p>\n<p>M\u00e9lasse de figues, herbes et \u00e9pices \u00e0 d\u00e9guster avec du fromage.<\/p>\n<p>T\u00e9l\u00e9phone 11.3532-5857 11.97512-9909<\/p>\n<p><!-- \/wp:paragraph --><!-- wp:paragraph --><\/p>\n<p>Instagram : <a href=\"https:\/\/www.instagram.com\/rctemperosysabores\">@rctemperosysabores<\/a><\/p>\t\t\t\t\t\t\t\t<\/div>\n\t\t\t\t<\/div>\n\t\t\t\t<div class=\"elementor-element elementor-element-4794a98 elementor-widget elementor-widget-text-editor\" data-id=\"4794a98\" data-element_type=\"widget\" data-e-type=\"widget\" data-widget_type=\"text-editor.default\">\n\t\t\t\t<div class=\"elementor-widget-container\">\n\t\t\t\t\t\t\t\t\t<h2><strong>Rio Grande do Norte, Sebrae<\/strong><\/h2>\n<p><!-- \/wp:heading --><!-- wp:paragraph --><\/p>\n<p><!-- \/wp:paragraph --><!-- wp:image {\"lightbox\":{\"enabled\":false},\"id\":9338,\"width\":\"384px\",\"height\":\"auto\",\"sizeSlug\":\"large\",\"linkDestination\":\"custom\",\"align\":\"center\"} --><\/p>\n<p><!-- \/wp:image --><!-- wp:paragraph --><\/p>\n<p class=\"p1\">Sebrae invite les producteurs de fromages artisanaux de l&#039;\u00c9tat \u00e0 pr\u00e9senter et \u00e0 vendre leurs fromages.<\/p>\t\t\t\t\t\t\t\t<\/div>\n\t\t\t\t<\/div>\n\t\t\t\t<div class=\"elementor-element elementor-element-166aaed elementor-widget elementor-widget-text-editor\" data-id=\"166aaed\" data-element_type=\"widget\" data-e-type=\"widget\" data-widget_type=\"text-editor.default\">\n\t\t\t\t<div class=\"elementor-widget-container\">\n\t\t\t\t\t\t\t\t\t<h2><strong>Rio Grande do Sul, Sebrae<\/strong><\/h2>\n<p><!-- \/wp:heading --><!-- wp:paragraph --><\/p>\n<p><!-- \/wp:paragraph --><!-- wp:image {\"lightbox\":{\"enabled\":false},\"id\":9338,\"width\":\"384px\",\"height\":\"auto\",\"sizeSlug\":\"large\",\"linkDestination\":\"custom\",\"align\":\"center\"} --><\/p>\n<p><!-- \/wp:image --><!-- wp:paragraph --><\/p>\n<p class=\"p1\"><span class=\"s1\">Sebrae invite les producteurs de fromages artisanaux Terroir da Vigia, Somacal et Ch\u00e1cara dos Padres \u00e0 pr\u00e9senter des fromages typiques de leur biome pour une d\u00e9gustation et une vente.<\/span><\/p>\t\t\t\t\t\t\t\t<\/div>\n\t\t\t\t<\/div>\n\t\t\t\t<div class=\"elementor-element elementor-element-e4ecdd5 elementor-widget elementor-widget-text-editor\" data-id=\"e4ecdd5\" data-element_type=\"widget\" data-e-type=\"widget\" data-widget_type=\"text-editor.default\">\n\t\t\t\t<div class=\"elementor-widget-container\">\n\t\t\t\t\t\t\t\t\t<h2><strong><a href=\"https:\/\/www.instagram.com\/fazendasantamonica\/\"><img decoding=\"async\" class=\"alignright\" style=\"width: 354px; height: auto;\" src=\"https:\/\/mundialdoqueijodobrasil.com\/wp-content\/uploads\/2024\/03\/InShot_20240302_161739338-1024x1024.webp\" alt=\"\" \/><\/a>Ferme de Santa Monica<\/strong><\/h2><p><!-- \/wp:heading --><!-- wp:paragraph --><\/p><p><em>M\u00e8re de Deus de Minas | MG \u2013<\/em><\/p><p><!-- \/wp:image --><!-- wp:paragraph --><\/p><p>Renato Queiroz et Viviane Campos ont lanc\u00e9 leur projet de production laiti\u00e8re et fromag\u00e8re \u00e0 la Fazenda Santa M\u00f4nica en janvier 2016, \u00e0 Campos das Vertentes. Cette tradition remonte cependant \u00e0 1920, lorsque les Danois ont per\u00e7u le potentiel de la r\u00e9gion pour la production de fromages fins de style europ\u00e9en. Leur lait a \u00e9t\u00e9 r\u00e9compens\u00e9 \u00e0 plusieurs reprises pour sa qualit\u00e9. Le couple a cr\u00e9\u00e9 le programme \u201c\u00a0Adoptez un fromage\u00a0\u201d, qui ouvre les portes de la fromagerie \u00e0 ceux qui souhaitent d\u00e9couvrir l&#039;int\u00e9gralit\u00e9 du processus de fabrication.<\/p><p><!-- \/wp:paragraph --><!-- wp:paragraph --><\/p><p>Instagram : @fazendasantamonica<\/p>\t\t\t\t\t\t\t\t<\/div>\n\t\t\t\t<\/div>\n\t\t\t\t<div class=\"elementor-element elementor-element-11d51f7 elementor-widget elementor-widget-text-editor\" data-id=\"11d51f7\" data-element_type=\"widget\" data-e-type=\"widget\" data-widget_type=\"text-editor.default\">\n\t\t\t\t<div class=\"elementor-widget-container\">\n\t\t\t\t\t\t\t\t\t<h2><strong><a href=\"https:\/\/www.instagram.com\/queijariasantavitoria\/\"><img decoding=\"async\" class=\"alignright\" style=\"width: 227px; height: 128px;\" src=\"https:\/\/mundialdoqueijodobrasil.com\/wp-content\/uploads\/2024\/03\/InShot_20240321_163131286-1024x575.webp\" alt=\"\" \/><\/a>Santa Vit\u00f3ria, Ferme<\/strong><\/h2>\n<p><!-- \/wp:heading --><!-- wp:paragraph --><\/p>\n<p><em>Queluz | SP\u00a0<\/em><\/p>\n<p><!-- \/wp:paragraph --><!-- wp:image {\"lightbox\":{\"enabled\":false},\"id\":9341,\"width\":\"424px\",\"height\":\"auto\",\"sizeSlug\":\"large\",\"linkDestination\":\"custom\",\"align\":\"center\"} --><\/p>\n<p><!-- \/wp:image --><!-- wp:paragraph --><\/p>\n<p>Fond\u00e9e en 2022 dans la vall\u00e9e de Para\u00edba, la ferme est fi\u00e8re de sa tr\u00e8s haute qualit\u00e9, avec des initiatives ax\u00e9es sur le bien-\u00eatre animal et la traite en syst\u00e8me ferm\u00e9 au pied des montagnes de Mantiqueira.<\/p>\n<p><!-- \/wp:paragraph --><!-- wp:paragraph --><\/p>\n<p>\u00a0La gamme comprend 10 fromages diff\u00e9rents, tous fabriqu\u00e9s \u00e0 partir de lait de vache pasteuris\u00e9, ainsi que du yaourt nature et de la ricotta cr\u00e9meuse.\u00a0<\/p>\n<p><!-- \/wp:paragraph --><!-- wp:paragraph --><\/p>\n<p>R\u00e9compens\u00e9e par des m\u00e9dailles aux World Cheese Awards au Br\u00e9sil, au Brazil Cheese Award et au Mondial du Fromage, elle a \u00e9t\u00e9 la premi\u00e8re fromagerie de l&#039;\u00c9tat \u00e0 recevoir le label Sisp Artesanal.\u00a0<\/p>\n<p><!-- \/wp:paragraph --><!-- wp:paragraph --><\/p>\n<p>Elle fait partie de la Route des Fromages de Paulista et propose des visites guid\u00e9es avec d\u00e9gustation.<\/p>\n<p><!-- \/wp:paragraph --><!-- wp:paragraph --><\/p>\n<p>Contacts : (12) 99711-9187\u00a0<\/p>\n<p><!-- \/wp:paragraph --><!-- wp:paragraph --><\/p>\n<p>Instagram : <a href=\"https:\/\/www.instagram.com\/queijariasantavitoria\">@queijariasantavitoria<\/a><\/p>\t\t\t\t\t\t\t\t<\/div>\n\t\t\t\t<\/div>\n\t\t\t\t<div class=\"elementor-element elementor-element-e5b2639 elementor-widget elementor-widget-text-editor\" data-id=\"e5b2639\" data-element_type=\"widget\" data-e-type=\"widget\" data-widget_type=\"text-editor.default\">\n\t\t\t\t<div class=\"elementor-widget-container\">\n\t\t\t\t\t\t\t\t\t<h2><img loading=\"lazy\" decoding=\"async\" class=\"wp-image-95712 alignright\" src=\"https:\/\/mundialdoqueijodobrasil.com\/wp-content\/uploads\/2026\/04\/saojoaoboavista.webp\" alt=\"\" width=\"195\" height=\"195\" srcset=\"https:\/\/mundialdoqueijodobrasil.com\/wp-content\/uploads\/2026\/04\/saojoaoboavista.webp 2048w, https:\/\/mundialdoqueijodobrasil.com\/wp-content\/uploads\/2026\/04\/saojoaoboavista-300x300.webp 300w, https:\/\/mundialdoqueijodobrasil.com\/wp-content\/uploads\/2026\/04\/saojoaoboavista-1024x1024.webp 1024w, https:\/\/mundialdoqueijodobrasil.com\/wp-content\/uploads\/2026\/04\/saojoaoboavista-150x150.webp 150w, https:\/\/mundialdoqueijodobrasil.com\/wp-content\/uploads\/2026\/04\/saojoaoboavista-768x768.webp 768w, https:\/\/mundialdoqueijodobrasil.com\/wp-content\/uploads\/2026\/04\/saojoaoboavista-1536x1536.webp 1536w, https:\/\/mundialdoqueijodobrasil.com\/wp-content\/uploads\/2026\/04\/saojoaoboavista-12x12.webp 12w, https:\/\/mundialdoqueijodobrasil.com\/wp-content\/uploads\/2026\/04\/saojoaoboavista-500x500.webp 500w, https:\/\/mundialdoqueijodobrasil.com\/wp-content\/uploads\/2026\/04\/saojoaoboavista-700x700.webp 700w, https:\/\/mundialdoqueijodobrasil.com\/wp-content\/uploads\/2026\/04\/saojoaoboavista-100x100.webp 100w\" sizes=\"(max-width: 195px) 100vw, 195px\" \/><strong>S\u00e3o Jo\u00e3o da Boa Vista, H\u00f4tel de Ville<\/strong><\/h2>\n<p><!-- \/wp:heading --><!-- wp:paragraph --><\/p>\n<p><em>S\u00e3o Jo\u00e3o da Boa Vista | SP\u00a0<\/em><\/p>\n<p><!-- \/wp:paragraph --><!-- wp:image {\"lightbox\":{\"enabled\":false},\"id\":9341,\"width\":\"424px\",\"height\":\"auto\",\"sizeSlug\":\"large\",\"linkDestination\":\"custom\",\"align\":\"center\"} --><\/p>\n<p><!-- \/wp:image --><!-- wp:paragraph --><\/p>\n<p class=\"p1\">La mairie invite Leiteria Santa Paula (lait de vache) et<\/p>\n<p class=\"p1\">Produits laitiers Montezuma (lait de bufflonne).<\/p>\n<p class=\"p1\"><b>Instagram :<\/b> <a href=\"https:\/\/www.instagram.com\/leiteriasantapaula\" target=\"_blank\" rel=\"noopener\">@leiteriasantapaula<\/a><\/p>\n<p class=\"p1\">e <a href=\"https:\/\/www.instagram.com\/montezumalaticinio\" target=\"_blank\" rel=\"noopener\">@montezumalaticinio<\/a><\/p>\t\t\t\t\t\t\t\t<\/div>\n\t\t\t\t<\/div>\n\t\t\t\t<div class=\"elementor-element elementor-element-abe7767 elementor-widget elementor-widget-text-editor\" data-id=\"abe7767\" data-element_type=\"widget\" data-e-type=\"widget\" data-widget_type=\"text-editor.default\">\n\t\t\t\t<div class=\"elementor-widget-container\">\n\t\t\t\t\t\t\t\t\t<h2><strong><img loading=\"lazy\" decoding=\"async\" class=\"wp-image-94838 alignright\" src=\"https:\/\/mundialdoqueijodobrasil.com\/wp-content\/uploads\/2026\/03\/saudade.webp\" alt=\"\" width=\"254\" height=\"254\" srcset=\"https:\/\/mundialdoqueijodobrasil.com\/wp-content\/uploads\/2026\/03\/saudade.webp 800w, https:\/\/mundialdoqueijodobrasil.com\/wp-content\/uploads\/2026\/03\/saudade-300x300.webp 300w, https:\/\/mundialdoqueijodobrasil.com\/wp-content\/uploads\/2026\/03\/saudade-150x150.webp 150w, https:\/\/mundialdoqueijodobrasil.com\/wp-content\/uploads\/2026\/03\/saudade-768x768.webp 768w, https:\/\/mundialdoqueijodobrasil.com\/wp-content\/uploads\/2026\/03\/saudade-12x12.webp 12w, https:\/\/mundialdoqueijodobrasil.com\/wp-content\/uploads\/2026\/03\/saudade-500x500.webp 500w, https:\/\/mundialdoqueijodobrasil.com\/wp-content\/uploads\/2026\/03\/saudade-700x700.webp 700w, https:\/\/mundialdoqueijodobrasil.com\/wp-content\/uploads\/2026\/03\/saudade-100x100.webp 100w\" sizes=\"(max-width: 254px) 100vw, 254px\" \/>Nostalgie, Ferme<\/strong><\/h2>\n<p><!-- \/wp:heading --><!-- wp:paragraph --><\/p>\n<p><em>Ibertioga | MG\u00a0<\/em><\/p>\n<p><!-- \/wp:paragraph --><!-- wp:image {\"lightbox\":{\"enabled\":false},\"id\":10587,\"width\":\"271px\",\"height\":\"auto\",\"sizeSlug\":\"large\",\"linkDestination\":\"custom\",\"align\":\"center\"} --><\/p>\n<p><!-- \/wp:image --><!-- wp:paragraph --><\/p>\n<p>Dans la r\u00e9gion de Campo das Vertentes, Tereza et Mateus fabriquent artisanalement du fromage Minas au lait cru, selon une m\u00e9thode tr\u00e8s proche de celle employ\u00e9e par le grand-p\u00e8re de Tereza il y a une centaine d&#039;ann\u00e9es. Leur fromagerie r\u00e9pond aux normes de l&#039;Agence br\u00e9silienne d&#039;inspection des produits animaux (SISBI), ce qui leur permet de commercialiser leurs produits dans tout le Br\u00e9sil. Outre le traditionnel QMA (fromage Minas), ils proposent une version plus petite appel\u00e9e \u00ab\u00a0lasquinha\u00a0\u00bb (petite tranche) et, occasionnellement, des recettes originales, comme du fromage affin\u00e9 au caf\u00e9 ou \u00e0 la cacha\u00e7a avec du miel. Le couple vend \u00e9galement du dulce de leche en petites boules et se lance dans l&#039;apiculture.\u00a0<\/p>\n<p><!-- \/wp:paragraph --><!-- wp:paragraph --><\/p>\n<p>Instagram : <a href=\"https:\/\/www.instagram.com\/fazendasaudade.queijaria\">@fazendasaudade.queijaria<\/a>\u00a0<\/p>\n<p><!-- \/wp:paragraph --><!-- wp:paragraph --><\/p>\n<p>Contact : (32) 99820-6537.<\/p>\t\t\t\t\t\t\t\t<\/div>\n\t\t\t\t<\/div>\n\t\t\t\t<div class=\"elementor-element elementor-element-5f9e8f3 elementor-widget elementor-widget-text-editor\" data-id=\"5f9e8f3\" data-element_type=\"widget\" data-e-type=\"widget\" data-widget_type=\"text-editor.default\">\n\t\t\t\t<div class=\"elementor-widget-container\">\n\t\t\t\t\t\t\t\t\t<h2><strong><img loading=\"lazy\" decoding=\"async\" class=\"wp-image-94958 alignright\" src=\"https:\/\/mundialdoqueijodobrasil.com\/wp-content\/uploads\/2026\/03\/savencia.webp\" alt=\"\" width=\"210\" height=\"195\" srcset=\"https:\/\/mundialdoqueijodobrasil.com\/wp-content\/uploads\/2026\/03\/savencia.webp 500w, https:\/\/mundialdoqueijodobrasil.com\/wp-content\/uploads\/2026\/03\/savencia-300x278.webp 300w, https:\/\/mundialdoqueijodobrasil.com\/wp-content\/uploads\/2026\/03\/savencia-13x12.webp 13w\" sizes=\"(max-width: 210px) 100vw, 210px\" \/>Savencia, produits laitiers<\/strong><\/h2>\n<p><!-- \/wp:heading --><!-- wp:paragraph --><\/p>\n<p><em>Br\u00e9sil<\/em><\/p>\n<p><!-- \/wp:paragraph --><!-- wp:image {\"lightbox\":{\"enabled\":false},\"id\":10587,\"width\":\"271px\",\"height\":\"auto\",\"sizeSlug\":\"large\",\"linkDestination\":\"custom\",\"align\":\"center\"} --><\/p>\n<p><!-- \/wp:image --><!-- wp:paragraph --><\/p>\n<p>A\u00a0<strong>Produits laitiers Savencia Brasil<\/strong> Elle appartient au groupe fran\u00e7ais Savencia Fromage &amp; Dairy, l&#039;un des plus grands producteurs de fromage au monde. Pr\u00e9sente au Br\u00e9sil depuis 1975 avec l&#039;acquisition de Polenghi, l&#039;entreprise a constitu\u00e9 un portefeuille de marques embl\u00e9matiques profond\u00e9ment ancr\u00e9es dans le palais br\u00e9silien, telles que\u2026\u00a0<strong>Polenguinho<\/strong>,\u00a0 <strong>Campo Lindo <\/strong>(fromages de sp\u00e9cialit\u00e9) et les\u00a0<strong>Aliments Quat\u00e1<\/strong><\/p>\n<p><!-- \/wp:paragraph --><!-- wp:paragraph --><\/p>\n<p>Instagram : <span data-sheets-root=\"1\"><a href=\"https:\/\/www.instagram.com\/queijoscampolindo\">@queijoscampolindo<\/a> <a href=\"https:\/\/www.instagram.com\/polenghi\">@polenghi<\/a><br \/><\/span><a href=\"https:\/\/www.instagram.com\/frescatinobr\"><span data-sheets-root=\"1\">@frescatinobr <\/span><\/a><\/p>\n<p><!-- \/wp:paragraph --><!-- wp:paragraph --><\/p>\n<p>Contact : (11) 988855020<\/p>\t\t\t\t\t\t\t\t<\/div>\n\t\t\t\t<\/div>\n\t\t\t\t<div class=\"elementor-element elementor-element-fa88af1 elementor-widget elementor-widget-text-editor\" data-id=\"fa88af1\" data-element_type=\"widget\" data-e-type=\"widget\" data-widget_type=\"text-editor.default\">\n\t\t\t\t<div class=\"elementor-widget-container\">\n\t\t\t\t\t\t\t\t\t<h2><img loading=\"lazy\" decoding=\"async\" class=\"wp-image-95713 alignright\" src=\"https:\/\/mundialdoqueijodobrasil.com\/wp-content\/uploads\/2026\/04\/serranegra.webp\" alt=\"\" width=\"239\" height=\"159\" srcset=\"https:\/\/mundialdoqueijodobrasil.com\/wp-content\/uploads\/2026\/04\/serranegra.webp 1772w, https:\/\/mundialdoqueijodobrasil.com\/wp-content\/uploads\/2026\/04\/serranegra-300x200.webp 300w, https:\/\/mundialdoqueijodobrasil.com\/wp-content\/uploads\/2026\/04\/serranegra-1024x683.webp 1024w, https:\/\/mundialdoqueijodobrasil.com\/wp-content\/uploads\/2026\/04\/serranegra-768x512.webp 768w, https:\/\/mundialdoqueijodobrasil.com\/wp-content\/uploads\/2026\/04\/serranegra-1536x1025.webp 1536w, https:\/\/mundialdoqueijodobrasil.com\/wp-content\/uploads\/2026\/04\/serranegra-18x12.webp 18w, https:\/\/mundialdoqueijodobrasil.com\/wp-content\/uploads\/2026\/04\/serranegra-500x334.webp 500w, https:\/\/mundialdoqueijodobrasil.com\/wp-content\/uploads\/2026\/04\/serranegra-700x467.webp 700w\" sizes=\"(max-width: 239px) 100vw, 239px\" \/>Serra Negra, Bonbons<\/h2>\n<p><!-- \/wp:heading --><!-- wp:paragraph --><\/p>\n<p><i>Serra Negra | SP<\/i><\/p>\n<p><!-- \/wp:paragraph --><!-- wp:image {\"lightbox\":{\"enabled\":false},\"id\":10587,\"width\":\"271px\",\"height\":\"auto\",\"sizeSlug\":\"large\",\"linkDestination\":\"custom\",\"align\":\"center\"} --><\/p>\n<p><!-- \/wp:image --><!-- wp:paragraph --><\/p>\n<p class=\"p2\"><span class=\"s1\">Il y a quatorze ans, M. Armando Alves a transform\u00e9 sa passion pour les traditions du Minas Gerais en Serra Negra Doces. Gr\u00e2ce \u00e0 un travail acharn\u00e9, \u00e0 la qualit\u00e9 de ses produits et au respect des recettes artisanales, la marque s&#039;est d\u00e9velopp\u00e9e et impos\u00e9e dans la vente au d\u00e9tail et en gros, faisant d\u00e9couvrir la v\u00e9ritable saveur du dulce de leche du Minas Gerais \u00e0 tout le Br\u00e9sil.<br \/><b>Instagram : <\/b><a href=\"https:\/\/www.instagram.com\/serranegradoces\" target=\"_blank\" rel=\"noopener\">@serranegradoces<\/a><\/span><\/p>\t\t\t\t\t\t\t\t<\/div>\n\t\t\t\t<\/div>\n\t\t\t\t<div class=\"elementor-element elementor-element-68b0063 elementor-widget elementor-widget-text-editor\" data-id=\"68b0063\" data-element_type=\"widget\" data-e-type=\"widget\" data-widget_type=\"text-editor.default\">\n\t\t\t\t<div class=\"elementor-widget-container\">\n\t\t\t\t\t\t\t\t\t<h2><img loading=\"lazy\" decoding=\"async\" class=\"wp-image-95938 alignright\" src=\"https:\/\/mundialdoqueijodobrasil.com\/wp-content\/uploads\/2026\/04\/somacal.webp\" alt=\"\" width=\"191\" height=\"239\" srcset=\"https:\/\/mundialdoqueijodobrasil.com\/wp-content\/uploads\/2026\/04\/somacal.webp 1080w, https:\/\/mundialdoqueijodobrasil.com\/wp-content\/uploads\/2026\/04\/somacal-240x300.webp 240w, https:\/\/mundialdoqueijodobrasil.com\/wp-content\/uploads\/2026\/04\/somacal-819x1024.webp 819w, https:\/\/mundialdoqueijodobrasil.com\/wp-content\/uploads\/2026\/04\/somacal-768x960.webp 768w, https:\/\/mundialdoqueijodobrasil.com\/wp-content\/uploads\/2026\/04\/somacal-10x12.webp 10w, https:\/\/mundialdoqueijodobrasil.com\/wp-content\/uploads\/2026\/04\/somacal-500x625.webp 500w, https:\/\/mundialdoqueijodobrasil.com\/wp-content\/uploads\/2026\/04\/somacal-700x875.webp 700w\" sizes=\"(max-width: 191px) 100vw, 191px\" \/>Somatique<\/h2>\n<p><!-- \/wp:heading --><!-- wp:paragraph --><\/p>\n<p><i>Farroupilha | SP<\/i><\/p>\n<p><!-- \/wp:paragraph --><!-- wp:image {\"lightbox\":{\"enabled\":false},\"id\":10587,\"width\":\"271px\",\"height\":\"auto\",\"sizeSlug\":\"large\",\"linkDestination\":\"custom\",\"align\":\"center\"} --><\/p>\n<p><!-- \/wp:image --><!-- wp:paragraph --><\/p>\n<p class=\"p2\"><span class=\"s1\">Situ\u00e9 \u00e0 quelques m\u00e8tres du sanctuaire du Caravage,<br \/>Elle fabrique 16 fromages, dont ses propres fromages Caravaggio, Oliva et Sicilianoe, ainsi que 3 fromages \u00e0 base de ricotta.<br \/>Ils produisent \u00e9galement des fromages coloniaux traditionnels, des fromages sans lactose, des fromages au vin et des fromages \u00e9pic\u00e9s, ainsi qu&#039;une gamme inspir\u00e9e des fromages europ\u00e9ens et br\u00e9siliens traditionnels. Ils transforment le lait entier de huit familles voisines, ce qui leur permet d&#039;obtenir des fromages doux, cr\u00e9meux et onctueux au go\u00fbt unique, comme leur parmesan affin\u00e9 un an.<br \/><b>Instagram : <\/b><a href=\"https:\/\/www.instagram.com\/serranegradoces\" target=\"_blank\" rel=\"noopener\">@queijariasomacal<\/a><\/span><\/p>\t\t\t\t\t\t\t\t<\/div>\n\t\t\t\t<\/div>\n\t\t\t\t<div class=\"elementor-element elementor-element-ac476f9 elementor-widget elementor-widget-text-editor\" data-id=\"ac476f9\" data-element_type=\"widget\" data-e-type=\"widget\" data-widget_type=\"text-editor.default\">\n\t\t\t\t<div class=\"elementor-widget-container\">\n\t\t\t\t\t\t\t\t\t<h2><img loading=\"lazy\" decoding=\"async\" class=\"wp-image-95940 alignright\" src=\"https:\/\/mundialdoqueijodobrasil.com\/wp-content\/uploads\/2026\/04\/Terroirdavigia.webp\" alt=\"\" width=\"196\" height=\"245\" srcset=\"https:\/\/mundialdoqueijodobrasil.com\/wp-content\/uploads\/2026\/04\/Terroirdavigia.webp 500w, https:\/\/mundialdoqueijodobrasil.com\/wp-content\/uploads\/2026\/04\/Terroirdavigia-240x300.webp 240w, https:\/\/mundialdoqueijodobrasil.com\/wp-content\/uploads\/2026\/04\/Terroirdavigia-10x12.webp 10w\" sizes=\"(max-width: 196px) 100vw, 196px\" \/>Terroir de Vigia<\/h2>\n<p><!-- \/wp:heading --><!-- wp:paragraph --><\/p>\n<p><i>Santana do Livramento | RS<\/i><\/p>\n<p><span class=\"s1\">Des fromages de brebis d&#039;exception, des cr\u00e9ations qui rendent hommage au terroir et \u00e0 la culture locale. \u00c0 l&#039;image du Santana, qui tire son nom de la ville o\u00f9 ils sont implant\u00e9s\u00a0: un fromage \u00e0 p\u00e2te crue plein de caract\u00e8re. Le Doble Chapa est un hommage \u00e0 la fronti\u00e8re entre Livramento et Rivera\u00a0: deux fromages, l&#039;un au lait de brebis et l&#039;autre au lait de vache, assembl\u00e9s lors du moulage, r\u00e9v\u00e9lant ainsi la transition entre leurs deux couleurs (le blanc du fromage de brebis et le jaune du fromage de vache).<br \/><b>Instagram : <\/b><a href=\"https:\/\/www.instagram.com\/terroirdavigia\/\" target=\"_blank\" rel=\"noopener\">@terroidavigia<\/a><\/span><\/p>\n<p><!-- \/wp:paragraph --><!-- wp:image {\"lightbox\":{\"enabled\":false},\"id\":10587,\"width\":\"271px\",\"height\":\"auto\",\"sizeSlug\":\"large\",\"linkDestination\":\"custom\",\"align\":\"center\"} --><\/p>\n<p><!-- \/wp:image --><!-- wp:paragraph --><\/p>\t\t\t\t\t\t\t\t<\/div>\n\t\t\t\t<\/div>\n\t\t\t\t<div class=\"elementor-element elementor-element-12d3ec4 elementor-widget elementor-widget-text-editor\" data-id=\"12d3ec4\" data-element_type=\"widget\" data-e-type=\"widget\" data-widget_type=\"text-editor.default\">\n\t\t\t\t<div class=\"elementor-widget-container\">\n\t\t\t\t\t\t\t\t\t<h2><img loading=\"lazy\" decoding=\"async\" class=\"wp-image-95714 alignright\" src=\"https:\/\/mundialdoqueijodobrasil.com\/wp-content\/uploads\/2026\/04\/tirolez.webp\" alt=\"\" width=\"187\" height=\"141\" srcset=\"https:\/\/mundialdoqueijodobrasil.com\/wp-content\/uploads\/2026\/04\/tirolez.webp 735w, https:\/\/mundialdoqueijodobrasil.com\/wp-content\/uploads\/2026\/04\/tirolez-300x226.webp 300w, https:\/\/mundialdoqueijodobrasil.com\/wp-content\/uploads\/2026\/04\/tirolez-16x12.webp 16w, https:\/\/mundialdoqueijodobrasil.com\/wp-content\/uploads\/2026\/04\/tirolez-500x376.webp 500w, https:\/\/mundialdoqueijodobrasil.com\/wp-content\/uploads\/2026\/04\/tirolez-700x527.webp 700w\" sizes=\"(max-width: 187px) 100vw, 187px\" \/>Tirolez, Produits laitiers<\/h2>\n<p><!-- \/wp:heading --><!-- wp:paragraph --><\/p>\n<p><em>Tirs | MG\u00a0<\/em><\/p>\n<p><!-- \/wp:paragraph --><!-- wp:image {\"lightbox\":{\"enabled\":false},\"id\":9344,\"width\":\"282px\",\"height\":\"auto\",\"sizeSlug\":\"large\",\"linkDestination\":\"custom\",\"align\":\"center\"} --><\/p>\n<p><!-- \/wp:image --><!-- wp:paragraph --><\/p>\n<p class=\"p1\"><span class=\"s1\">L&#039;histoire de Tirolez a d\u00e9but\u00e9 en 1980, lorsque C\u00edcero et Carlos Hegg ont acquis Ind\u00fastria de Latic\u00ednios Franco, fabricant de fromage Mineir\u00e3o. L&#039;ann\u00e9e suivante, en 1981, la marque Tirolez a \u00e9t\u00e9 lanc\u00e9e, en hommage \u00e0 la ville de Tiros, dans le Minas Gerais. Durant cette p\u00e9riode initiale, l&#039;entreprise produisait principalement du fromage Prato et du beurre, \u00e0 partir du lait de la r\u00e9gion. Les ann\u00e9es 1980 ont marqu\u00e9 la phase de structuration de l&#039;entreprise, avec la consolidation de la production et de la marque.<br \/><b>Site:<\/b> tirolez.com.br <b>Instagram :<\/b> <a href=\"https:\/\/www.instagram.com\/tirolezqueijos\" target=\"_blank\" rel=\"noopener\">@tirolezqueijos<\/a><\/span><\/p>\t\t\t\t\t\t\t\t<\/div>\n\t\t\t\t<\/div>\n\t\t\t\t<div class=\"elementor-element elementor-element-d395364 elementor-widget elementor-widget-text-editor\" data-id=\"d395364\" data-element_type=\"widget\" data-e-type=\"widget\" data-widget_type=\"text-editor.default\">\n\t\t\t\t<div class=\"elementor-widget-container\">\n\t\t\t\t\t\t\t\t\t<h2><strong><a href=\"https:\/\/www.instagram.com\/trocobomroceria?utm_source=ig_web_button_share_sheet&amp;igsh=ZDNlZDc0MzIxNw==\"><img decoding=\"async\" class=\"alignright\" style=\"width: 282px; height: auto;\" src=\"https:\/\/mundialdoqueijodobrasil.com\/wp-content\/uploads\/2024\/03\/InShot_20240321_163046853-1-1024x1024.webp\" alt=\"\" \/><\/a>Bonne zone rurale, ferme<\/strong><\/h2>\n<p><!-- \/wp:heading --><!-- wp:paragraph --><\/p>\n<p><em>Chiador | MG\u00a0<\/em><\/p>\n<p><!-- \/wp:paragraph --><!-- wp:image {\"lightbox\":{\"enabled\":false},\"id\":9344,\"width\":\"282px\",\"height\":\"auto\",\"sizeSlug\":\"large\",\"linkDestination\":\"custom\",\"align\":\"center\"} --><\/p>\n<p><!-- \/wp:image --><!-- wp:paragraph --><\/p>\n<p>L&#039;histoire de ce fromage commence en 2017, lorsqu&#039;ils fabriquaient du fromage Minas frais et le vendaient en faisant du porte-\u00e0-porte dans la ville. Il s&#039;agissait de trois jeunes dipl\u00f4m\u00e9s, fra\u00eechement inscrits dans des fili\u00e8res \u201c sans aucun rapport avec le fromage \u201d, mais dont les parcours \u2013 th\u00e9\u00e2tre, ing\u00e9nierie et administration \u2013 les avaient conduits \u00e0 la campagne, \u00e0 s&#039;immerger dans l&#039;univers fromager et \u00e0 valoriser la production laiti\u00e8re familiale.<\/p>\n<p><!-- \/wp:paragraph --><!-- wp:paragraph --><\/p>\n<p>\u00a0Avant \u201c Tro\u00e7o Bom \u201d (Bonne Chose), ils vivaient en ville et y gagnaient leur vie, mais avec le d\u00e9m\u00e9nagement \u00e0 la campagne et la pand\u00e9mie, la famille a d\u00e9m\u00e9nag\u00e9 et a d\u00e9cid\u00e9 de rester.\u00a0<\/p>\n<p><!-- \/wp:paragraph --><!-- wp:paragraph --><\/p>\n<p>La production laiti\u00e8re, qui auparavant \u00e9tait assur\u00e9e par des coop\u00e9ratives, gagne d\u00e9sormais en importance et en valeur, gr\u00e2ce \u00e0 une transformation directement \u00e0 la ferme en dulce de leche, fromages affin\u00e9s et yaourts.<\/p>\n<p><!-- \/wp:paragraph --><!-- wp:paragraph --><\/p>\n<p>\u00a0Ils le produisent artisanalement, avec du lait de vaches Girolando \u00e9lev\u00e9es en p\u00e2turage. Instagram\u00a0: <a href=\"https:\/\/www.instagram.com\/trocobommercearia\">@trocobommercearia<\/a><\/p>\n<p><!-- \/wp:paragraph --><!-- wp:paragraph --><\/p>\n<p>Contact : (24) 9 9263-0717<\/p>\t\t\t\t\t\t\t\t<\/div>\n\t\t\t\t<\/div>\n\t\t\t\t<div class=\"elementor-element elementor-element-9a446a2 elementor-widget elementor-widget-text-editor\" data-id=\"9a446a2\" data-element_type=\"widget\" data-e-type=\"widget\" data-widget_type=\"text-editor.default\">\n\t\t\t\t<div class=\"elementor-widget-container\">\n\t\t\t\t\t\t\t\t\t<h2><strong><a href=\"https:\/\/www.instagram.com\/vermontqueijos?utm_source=ig_web_button_share_sheet&amp;igsh=ZDNlZDc0MzIxNw==\"><img decoding=\"async\" class=\"alignright\" style=\"width: 384px; height: auto;\" src=\"https:\/\/mundialdoqueijodobrasil.com\/wp-content\/uploads\/2024\/03\/InShot_20240321_163301097-1024x704.webp\" alt=\"\" \/><\/a>Vermont, fromagerie<br \/><\/strong><\/h2>\n<p><!-- \/wp:heading --><!-- wp:paragraph --><\/p>\n<p><em>Pomerode | SC\u00a0\u00a0<\/em><\/p>\n<p><!-- \/wp:paragraph --><!-- wp:image {\"lightbox\":{\"enabled\":false},\"id\":9338,\"width\":\"384px\",\"height\":\"auto\",\"sizeSlug\":\"large\",\"linkDestination\":\"custom\",\"align\":\"center\"} --><\/p>\n<p><!-- \/wp:image --><!-- wp:paragraph --><\/p>\n<p>Fond\u00e9e en 2002, l&#039;entreprise est pass\u00e9e aux mains des fr\u00e8res Juliano et Bruno Mendes en 2013. La famille Mendes avait fond\u00e9 la brasserie Eisenbahn \u00e0 Blumenau, mais r\u00eavait de produire des fromages authentiques et traditionnels.\u00a0<\/p>\n<p><!-- \/wp:paragraph --><!-- wp:paragraph --><\/p>\n<p>La marque Vermont, cr\u00e9\u00e9e en 2017, propose des fromages \u00e0 cro\u00fbte fleurie, des fromages \u00e0 p\u00e2te mi-dure, des fromages fondus, des fondues, des confitures artisanales et des miels de sp\u00e9cialit\u00e9. Elle fabrique \u00e9galement des fromages fondus \u00e0 haute temp\u00e9rature, une tradition de plus de 70 ans dans la r\u00e9gion. Contact\u00a0: (47) 9631-1055\u00a0<\/p>\n<p><!-- \/wp:paragraph --><!-- wp:paragraph --><\/p>\n<p><a href=\"http:\/\/www.pomerodealimentos.com.br\">www.pomerodealimentos.com.br<\/a><\/p>\n<p><!-- \/wp:paragraph --><!-- wp:paragraph --><\/p>\n<p>Instagram : <a href=\"https:\/\/www.instagram.com\/pomerodealimentos\">@pomerodealimentos<\/a><\/p>\t\t\t\t\t\t\t\t<\/div>\n\t\t\t\t<\/div>\n\t\t\t\t<div class=\"elementor-element elementor-element-d9f44a5 elementor-widget elementor-widget-text-editor\" data-id=\"d9f44a5\" data-element_type=\"widget\" data-e-type=\"widget\" data-widget_type=\"text-editor.default\">\n\t\t\t\t<div class=\"elementor-widget-container\">\n\t\t\t\t\t\t\t\t\t<h2><img loading=\"lazy\" decoding=\"async\" class=\"wp-image-95711 alignright\" src=\"https:\/\/mundialdoqueijodobrasil.com\/wp-content\/uploads\/2026\/04\/pimhui.webp\" alt=\"\" width=\"221\" height=\"221\" srcset=\"https:\/\/mundialdoqueijodobrasil.com\/wp-content\/uploads\/2026\/04\/pimhui.webp 1080w, https:\/\/mundialdoqueijodobrasil.com\/wp-content\/uploads\/2026\/04\/pimhui-300x300.webp 300w, https:\/\/mundialdoqueijodobrasil.com\/wp-content\/uploads\/2026\/04\/pimhui-1024x1024.webp 1024w, https:\/\/mundialdoqueijodobrasil.com\/wp-content\/uploads\/2026\/04\/pimhui-150x150.webp 150w, https:\/\/mundialdoqueijodobrasil.com\/wp-content\/uploads\/2026\/04\/pimhui-768x768.webp 768w, https:\/\/mundialdoqueijodobrasil.com\/wp-content\/uploads\/2026\/04\/pimhui-12x12.webp 12w, https:\/\/mundialdoqueijodobrasil.com\/wp-content\/uploads\/2026\/04\/pimhui-500x500.webp 500w, https:\/\/mundialdoqueijodobrasil.com\/wp-content\/uploads\/2026\/04\/pimhui-700x700.webp 700w, https:\/\/mundialdoqueijodobrasil.com\/wp-content\/uploads\/2026\/04\/pimhui-100x100.webp 100w\" sizes=\"(max-width: 221px) 100vw, 221px\" \/>Visitez Piumhi,<br \/>Canastra MG<\/h2>\n<p><!-- \/wp:heading --><!-- wp:paragraph --><\/p>\n<p><em>Piumhi | MG\u00a0<\/em><\/p>\n<p><!-- \/wp:paragraph --><!-- wp:image {\"lightbox\":{\"enabled\":false},\"id\":8287,\"width\":\"325px\",\"height\":\"auto\",\"sizeSlug\":\"full\",\"linkDestination\":\"custom\",\"align\":\"center\"} --><\/p>\n<p><!-- \/wp:image --><!-- wp:paragraph --><\/p>\n<p>Producteurs de fromage artisanal Minas de la r\u00e9gion de Serra da Canastra, dans la ville de Piumhi.<\/p>\n<p>Site: <a href=\"http:\/\/www.prefeiturapiumhi.mg.gov.br\" target=\"_blank\" rel=\"noopener\">prefeiturapiumhi.mg.gov.br<\/a><\/p>\n<p>Instagram : <a href=\"https:\/\/www.instagram.com\/visite_piumhi\" target=\"_blank\" rel=\"noopener\">@visite_piumhi<\/a><\/p>\t\t\t\t\t\t\t\t<\/div>\n\t\t\t\t<\/div>\n\t\t\t\t<div class=\"elementor-element elementor-element-6df5666 elementor-widget elementor-widget-text-editor\" data-id=\"6df5666\" data-element_type=\"widget\" data-e-type=\"widget\" data-widget_type=\"text-editor.default\">\n\t\t\t\t<div class=\"elementor-widget-container\">\n\t\t\t\t\t\t\t\t\t<h2><strong><img loading=\"lazy\" decoding=\"async\" class=\"size-full wp-image-94972 alignright\" src=\"https:\/\/mundialdoqueijodobrasil.com\/wp-content\/uploads\/2026\/03\/wit.webp\" alt=\"\" width=\"502\" height=\"117\" srcset=\"https:\/\/mundialdoqueijodobrasil.com\/wp-content\/uploads\/2026\/03\/wit.webp 502w, https:\/\/mundialdoqueijodobrasil.com\/wp-content\/uploads\/2026\/03\/wit-300x70.webp 300w, https:\/\/mundialdoqueijodobrasil.com\/wp-content\/uploads\/2026\/03\/wit-18x4.webp 18w, https:\/\/mundialdoqueijodobrasil.com\/wp-content\/uploads\/2026\/03\/wit-500x117.webp 500w\" sizes=\"(max-width: 502px) 100vw, 502px\" \/>Witmarsum, <\/strong><strong>Coop\u00e9rative<\/strong><\/h2>\n<p><!-- \/wp:heading --><!-- wp:paragraph --><\/p>\n<p><em>Palmeira | Relations publiques<\/em><\/p>\n<p><!-- \/wp:paragraph --><!-- wp:image {\"lightbox\":{\"enabled\":false},\"id\":9344,\"width\":\"282px\",\"height\":\"auto\",\"sizeSlug\":\"large\",\"linkDestination\":\"custom\",\"align\":\"center\"} --><\/p>\n<p><!-- \/wp:image --><!-- wp:paragraph --><\/p>\n<p><span style=\"font-family: -apple-system, BlinkMacSystemFont, 'Segoe UI', Roboto, 'Helvetica Neue', Arial, 'Noto Sans', sans-serif, 'Apple Color Emoji', 'Segoe UI Emoji', 'Segoe UI Symbol', 'Noto Color Emoji';\">Fond\u00e9e le 28 octobre 1952 par des immigrants russo-allemands, la\u00a0<strong>Coop\u00e9rative de Witmarsum <\/strong>Forte de plus de 70 ans d&#039;histoire, guid\u00e9e par les valeurs de foi, de force et de d\u00e9termination, l&#039;entreprise est reconnue pour la qualit\u00e9 de ses produits. Sa mission est d&#039;offrir l&#039;excellence en mati\u00e8re de fromages de sp\u00e9cialit\u00e9, en favorisant une croissance durable et des b\u00e9n\u00e9fices pour ses membres, ses clients et ses employ\u00e9s, avec la vision de devenir une r\u00e9f\u00e9rence en mati\u00e8re de coop\u00e9ration.<\/span><\/p>\n<p>Site: <a href=\"https:\/\/witmarsum.coop.br\/\">avec marsum.coop.br<\/a><\/p>\n<p><span style=\"font-family: -apple-system, BlinkMacSystemFont, 'Segoe UI', Roboto, 'Helvetica Neue', Arial, 'Noto Sans', sans-serif, 'Apple Color Emoji', 'Segoe UI Emoji', 'Segoe UI Symbol', 'Noto Color Emoji';\">Instagram : <a href=\"https:\/\/www.instagram.com\/witmarsumcoop\">@witmarsumcoop <\/a><\/span>Contact : (42) 3254-4000<\/p>\t\t\t\t\t\t\t\t<\/div>\n\t\t\t\t<\/div>\n\t\t\t\t<\/div>\n\t\t\t\t<\/div>","protected":false},"excerpt":{"rendered":"<p>Venez d\u00e9couvrir de visu les producteurs artisanaux pr\u00e9sents \u00e0 la foire alimentaire locale, du 16 au 19 avril \u00e0 Pra\u00e7a da Baleia.<\/p>","protected":false},"author":6,"featured_media":94624,"comment_status":"closed","ping_status":"closed","sticky":false,"template":"","format":"standard","meta":{"_price":"","_stock":"","_tribe_ticket_header":"","_tribe_default_ticket_provider":"","_tribe_ticket_capacity":"","_ticket_start_date":"","_ticket_end_date":"","_tribe_ticket_show_description":"","_tribe_ticket_show_not_going":false,"_tribe_ticket_use_global_stock":"","_tribe_ticket_global_stock_level":"","_global_stock_mode":"","_global_stock_cap":"","_tribe_rsvp_for_event":"","_tribe_ticket_going_count":"","_tribe_ticket_not_going_count":"","_tribe_tickets_list":"[]","_tribe_ticket_has_attendee_info_fields":false,"footnotes":""},"categories":[18],"tags":[216,217],"class_list":["post-94582","post","type-post","status-publish","format-standard","has-post-thumbnail","hentry","category-feiras","tag-feira","tag-queijos"],"_links":{"self":[{"href":"https:\/\/mundialdoqueijodobrasil.com\/fr\/wp-json\/wp\/v2\/posts\/94582","targetHints":{"allow":["GET"]}}],"collection":[{"href":"https:\/\/mundialdoqueijodobrasil.com\/fr\/wp-json\/wp\/v2\/posts"}],"about":[{"href":"https:\/\/mundialdoqueijodobrasil.com\/fr\/wp-json\/wp\/v2\/types\/post"}],"author":[{"embeddable":true,"href":"https:\/\/mundialdoqueijodobrasil.com\/fr\/wp-json\/wp\/v2\/users\/6"}],"replies":[{"embeddable":true,"href":"https:\/\/mundialdoqueijodobrasil.com\/fr\/wp-json\/wp\/v2\/comments?post=94582"}],"version-history":[{"count":214,"href":"https:\/\/mundialdoqueijodobrasil.com\/fr\/wp-json\/wp\/v2\/posts\/94582\/revisions"}],"predecessor-version":[{"id":95972,"href":"https:\/\/mundialdoqueijodobrasil.com\/fr\/wp-json\/wp\/v2\/posts\/94582\/revisions\/95972"}],"wp:featuredmedia":[{"embeddable":true,"href":"https:\/\/mundialdoqueijodobrasil.com\/fr\/wp-json\/wp\/v2\/media\/94624"}],"wp:attachment":[{"href":"https:\/\/mundialdoqueijodobrasil.com\/fr\/wp-json\/wp\/v2\/media?parent=94582"}],"wp:term":[{"taxonomy":"category","embeddable":true,"href":"https:\/\/mundialdoqueijodobrasil.com\/fr\/wp-json\/wp\/v2\/categories?post=94582"},{"taxonomy":"post_tag","embeddable":true,"href":"https:\/\/mundialdoqueijodobrasil.com\/fr\/wp-json\/wp\/v2\/tags?post=94582"}],"curies":[{"name":"wp","href":"https:\/\/api.w.org\/{rel}","templated":true}]}}